{"id":15648,"date":"2024-05-02T09:03:43","date_gmt":"2024-05-02T07:03:43","guid":{"rendered":"https:\/\/serveiseducatius.xtec.cat\/baixemporda\/?p=15648"},"modified":"2024-05-02T09:03:43","modified_gmt":"2024-05-02T07:03:43","slug":"ara-es-lhora-de-compartir-lenergia-sostenible-setmana-europea-de-lenergia-sostenible-2024","status":"publish","type":"post","link":"https:\/\/serveiseducatius.xtec.cat\/baixemporda\/general\/ara-es-lhora-de-compartir-lenergia-sostenible-setmana-europea-de-lenergia-sostenible-2024\/","title":{"rendered":"&#8220;Ara \u00e9s l&#8217;hora de compartir l&#8217;energia sostenible!&#8221; Setmana Europea de l&#8217;Energia Sostenible 2024"},"content":{"rendered":"<p><a href=\"https:\/\/serveiseducatius.xtec.cat\/baixemporda\/wp-content\/uploads\/usu1155\/2024\/05\/Lema-SEES.png\"><img loading=\"lazy\" decoding=\"async\" class=\" wp-image-15649 aligncenter\" src=\"https:\/\/serveiseducatius.xtec.cat\/baixemporda\/wp-content\/uploads\/usu1155\/2024\/05\/Lema-SEES.png\" alt=\"\" width=\"476\" height=\"325\" srcset=\"https:\/\/serveiseducatius.xtec.cat\/baixemporda\/wp-content\/uploads\/usu1155\/2024\/05\/Lema-SEES.png 555w, https:\/\/serveiseducatius.xtec.cat\/baixemporda\/wp-content\/uploads\/usu1155\/2024\/05\/Lema-SEES-300x205.png 300w\" sizes=\"auto, (max-width: 476px) 100vw, 476px\" \/><\/a><\/p>\n<p style=\"text-align: justify;\">Ja tenim a prop una nova edici\u00f3 de la Setmana Europea de l&#8217;Energia Sostenible.\u00a0Aquest any se celebrar\u00e0 de l&#8217;11 al 13 de juny de 2024, segons les dates marcades per la Uni\u00f3 Europea. A Catalunya, el missatge d&#8217;aquest any torna a ser:\u00a0<b>Ara \u00e9s l&#8217;hora de compartir l&#8217;energia sostenible!\u00a0<\/b>Doncs les comunitats energ\u00e8tiques encara s\u2019estan desenvolupant i donant a con\u00e8ixer en la societat en general. Esperem doncs continuar amb els bons resultats de l&#8217;edici\u00f3 anterior i aconseguir que m\u00e9s persones se sumin al nou model energ\u00e8tic des de l&#8217;autoconsum compartit.<\/p>\n<p style=\"text-align: justify;\">En quant a la organitzaci\u00f3 d&#8217;activitats, i com \u00e9s habitual, allarguem el per\u00edode per a qu\u00e8 tots els ens locals, entitats i centres educatius que ho vulguin puguin organitzar activitats de conscienciaci\u00f3 sobre l&#8217;energia. El per\u00edode per organitzar activitats aquest any ser\u00e0 de l<b>&#8216;1 de maig fins al 31 de juliol.\u00a0<\/b>Ja podeu consultar el\u00a0<u><a id=\"m_2213037422183209708m_-6301093718415650780OWA06522046-03bb-c79c-e4a4-685006816fb4\" href=\"https:\/\/icaen.gencat.cat\/ca\/l_icaen\/campanyes\/setmana-de-l-energia\/recursos-presencials-00001\/recursos-presencials\/\" target=\"_blank\" rel=\"noopener\" data-saferedirecturl=\"https:\/\/www.google.com\/url?q=https:\/\/icaen.gencat.cat\/ca\/l_icaen\/campanyes\/setmana-de-l-energia\/recursos-presencials-00001\/recursos-presencials\/&amp;source=gmail&amp;ust=1714719413137000&amp;usg=AOvVaw0tbJRWFwnfj0XHKfbefBZX\">cat\u00e0leg de recursos presencials<\/a><\/u>\u00a0que les entitats organitzadores posem a la vostra disposici\u00f3. Recordeu que cada recurs s&#8217;ha de sol\u00b7licitar a l&#8217;entitat corresponent, i pel que fa als centres educatius de comarques gironines podeu sol\u00b7licitar els recursos presencials de l&#8217;ICAEN i els de la Diputaci\u00f3 de Girona. A mesura que anem rebent peticions anirem confirmant la disponibilitat. Com sabeu les itiner\u00e0ncies qu\u00e8 disposem s\u00f3n limitades.<\/p>\n<p style=\"text-align: justify;\">Us encoratgem tamb\u00e9 a qu\u00e8 organitzeu, abans de la finalitzaci\u00f3 del curs, les vostres pr\u00f2pies activitats sobre energia: els temes s\u00f3n molt diversos: efici\u00e8ncia energ\u00e8tica, rehabilitaci\u00f3 energ\u00e8tica de la llar, energies renovables, mobilitat sostenible, contractaci\u00f3 d&#8217;energia verda&#8230;. Us proposem tamb\u00e9, si us encaixa que organitzeu alguna\u00a0<b>activitat de portes obertes al vostre centre si disposa de mesures d&#8217;efici\u00e8ncia energ\u00e8tica o renovables, sempre i quan quedeu d&#8217;acord pr\u00e8viament amb el vostre ajuntament.<\/b>\u00a0Podeu trobar una mica d&#8217;informaci\u00f3 sobre com organitzar-ne en aquest\u00a0<u><a id=\"m_2213037422183209708m_-6301093718415650780OWAcd908dda-ec55-b68d-4a9f-309654e18669\" href=\"https:\/\/icaen.gencat.cat\/ca\/l_icaen\/campanyes\/setmana-de-l-energia\/espai-entitats\/portes-obertes-a-lenergia-sostenible\/\" target=\"_blank\" rel=\"noopener\" data-saferedirecturl=\"https:\/\/www.google.com\/url?q=https:\/\/icaen.gencat.cat\/ca\/l_icaen\/campanyes\/setmana-de-l-energia\/espai-entitats\/portes-obertes-a-lenergia-sostenible\/&amp;source=gmail&amp;ust=1714719413137000&amp;usg=AOvVaw1nqhNBmPyAF-x1dxd0RF-L\">apartat.<\/a><\/u><\/p>\n","protected":false},"excerpt":{"rendered":"<p>Ja tenim a prop una nova edici\u00f3 de la Setmana Europea de l&#8217;Energia Sostenible.\u00a0Aquest any se celebrar\u00e0 de l&#8217;11 al 13 de juny de 2024, segons les dates marcades per la Uni\u00f3 Europea. A Catalunya, el missatge d&#8217;aquest any torna a ser:\u00a0Ara \u00e9s l&#8217;hora de compartir l&#8217;energia sostenible!\u00a0Doncs les comunitats energ\u00e8tiques encara s\u2019estan desenvolupant i [&hellip;]<\/p>\n","protected":false},"author":1,"featured_media":15649,"comment_status":"closed","ping_status":"closed","sticky":false,"template":"","format":"standard","meta":{"_bbp_topic_count":0,"_bbp_reply_count":0,"_bbp_total_topic_count":0,"_bbp_total_reply_count":0,"_bbp_voice_count":0,"_bbp_anonymous_reply_count":0,"_bbp_topic_count_hidden":0,"_bbp_reply_count_hidden":0,"_bbp_forum_subforum_count":0,"site-sidebar-layout":"default","site-content-layout":"","ast-site-content-layout":"","site-content-style":"default","site-sidebar-style":"default","ast-global-header-display":"","ast-banner-title-visibility":"","ast-main-header-display":"","ast-hfb-above-header-display":"","ast-hfb-below-header-display":"","ast-hfb-mobile-header-display":"","site-post-title":"","ast-breadcrumbs-content":"","ast-featured-img":"","footer-sml-layout":"","theme-transparent-header-meta":"","adv-header-id-meta":"","stick-header-meta":"","header-above-stick-meta":"","header-main-stick-meta":"","header-below-stick-meta":"","astra-migrate-meta-layouts":"default","ast-page-background-enabled":"default","ast-page-background-meta":{"desktop":{"background-color":"var(--ast-global-color-4)","background-image":"","background-repeat":"repeat","background-position":"center center","background-size":"auto","background-attachment":"scroll","background-type":"","background-media":"","overlay-type":"","overlay-color":"","overlay-opacity":"","overlay-gradient":""},"tablet":{"background-color":"","background-image":"","background-repeat":"repeat","background-position":"center center","background-size":"auto","background-attachment":"scroll","background-type":"","background-media":"","overlay-type":"","overlay-color":"","overlay-opacity":"","overlay-gradient":""},"mobile":{"background-color":"","background-image":"","background-repeat":"repeat","background-position":"center center","background-size":"auto","background-attachment":"scroll","background-type":"","background-media":"","overlay-type":"","overlay-color":"","overlay-opacity":"","overlay-gradient":""}},"ast-content-background-meta":{"desktop":{"background-color":"var(--ast-global-color-5)","background-image":"","background-repeat":"repeat","background-position":"center center","background-size":"auto","background-attachment":"scroll","background-type":"","background-media":"","overlay-type":"","overlay-color":"","overlay-opacity":"","overlay-gradient":""},"tablet":{"background-color":"var(--ast-global-color-5)","background-image":"","background-repeat":"repeat","background-position":"center center","background-size":"auto","background-attachment":"scroll","background-type":"","background-media":"","overlay-type":"","overlay-color":"","overlay-opacity":"","overlay-gradient":""},"mobile":{"background-color":"var(--ast-global-color-5)","background-image":"","background-repeat":"repeat","background-position":"center center","background-size":"auto","background-attachment":"scroll","background-type":"","background-media":"","overlay-type":"","overlay-color":"","overlay-opacity":"","overlay-gradient":""}},"footnotes":""},"categories":[65,1,296,29],"tags":[473],"class_list":["post-15648","post","type-post","status-publish","format-standard","has-post-thumbnail","hentry","category-crp","category-general","category-novetats-dinamitzacio","category-portada","tag-curs-23-24"],"post_mailing_queue_ids":[],"_links":{"self":[{"href":"https:\/\/serveiseducatius.xtec.cat\/baixemporda\/wp-json\/wp\/v2\/posts\/15648","targetHints":{"allow":["GET"]}}],"collection":[{"href":"https:\/\/serveiseducatius.xtec.cat\/baixemporda\/wp-json\/wp\/v2\/posts"}],"about":[{"href":"https:\/\/serveiseducatius.xtec.cat\/baixemporda\/wp-json\/wp\/v2\/types\/post"}],"author":[{"embeddable":true,"href":"https:\/\/serveiseducatius.xtec.cat\/baixemporda\/wp-json\/wp\/v2\/users\/1"}],"replies":[{"embeddable":true,"href":"https:\/\/serveiseducatius.xtec.cat\/baixemporda\/wp-json\/wp\/v2\/comments?post=15648"}],"version-history":[{"count":1,"href":"https:\/\/serveiseducatius.xtec.cat\/baixemporda\/wp-json\/wp\/v2\/posts\/15648\/revisions"}],"predecessor-version":[{"id":15650,"href":"https:\/\/serveiseducatius.xtec.cat\/baixemporda\/wp-json\/wp\/v2\/posts\/15648\/revisions\/15650"}],"wp:featuredmedia":[{"embeddable":true,"href":"https:\/\/serveiseducatius.xtec.cat\/baixemporda\/wp-json\/wp\/v2\/media\/15649"}],"wp:attachment":[{"href":"https:\/\/serveiseducatius.xtec.cat\/baixemporda\/wp-json\/wp\/v2\/media?parent=15648"}],"wp:term":[{"taxonomy":"category","embeddable":true,"href":"https:\/\/serveiseducatius.xtec.cat\/baixemporda\/wp-json\/wp\/v2\/categories?post=15648"},{"taxonomy":"post_tag","embeddable":true,"href":"https:\/\/serveiseducatius.xtec.cat\/baixemporda\/wp-json\/wp\/v2\/tags?post=15648"}],"curies":[{"name":"wp","href":"https:\/\/api.w.org\/{rel}","templated":true}]}}