{"id":15613,"date":"2024-04-16T17:32:42","date_gmt":"2024-04-16T15:32:42","guid":{"rendered":"https:\/\/serveiseducatius.xtec.cat\/baixemporda\/?p=15613"},"modified":"2024-04-16T17:32:42","modified_gmt":"2024-04-16T15:32:42","slug":"presentacio-de-la-conferencia-tea-estrategies-i-suports-del-dia-a-dia-en-una-aula-deducacio-infantil-de-0-a-6-anys","status":"publish","type":"post","link":"https:\/\/serveiseducatius.xtec.cat\/baixemporda\/general\/presentacio-de-la-conferencia-tea-estrategies-i-suports-del-dia-a-dia-en-una-aula-deducacio-infantil-de-0-a-6-anys\/","title":{"rendered":"Presentaci\u00f3 de la confer\u00e8ncia &#8220;TEA: Estrat\u00e8gies i suports del dia a dia en una aula d&#8217;educaci\u00f3 infantil (de 0 a 6 anys)&#8221;"},"content":{"rendered":"<p><a href=\"https:\/\/drive.google.com\/file\/d\/1oi0ar1fgH3vdFgd0HR3o29Q24H8r4RDH\/view?usp=sharing\"><img loading=\"lazy\" decoding=\"async\" class=\"size-full wp-image-15614 aligncenter\" src=\"https:\/\/serveiseducatius.xtec.cat\/baixemporda\/wp-content\/uploads\/usu1155\/2024\/04\/Conferencia-TEA.png\" alt=\"\" width=\"802\" height=\"454\" srcset=\"https:\/\/serveiseducatius.xtec.cat\/baixemporda\/wp-content\/uploads\/usu1155\/2024\/04\/Conferencia-TEA.png 802w, https:\/\/serveiseducatius.xtec.cat\/baixemporda\/wp-content\/uploads\/usu1155\/2024\/04\/Conferencia-TEA-300x170.png 300w, https:\/\/serveiseducatius.xtec.cat\/baixemporda\/wp-content\/uploads\/usu1155\/2024\/04\/Conferencia-TEA-768x435.png 768w\" sizes=\"auto, (max-width: 802px) 100vw, 802px\" \/><\/a><\/p>\n<p>El dijous 11 d&#8217;abril, la Noem\u00ed Molina, psic\u00f2loga del CDIAP del Baix Empord\u00e0, va realitzar la confer\u00e8ncia &#8220;TEA: Estrat\u00e8gies i suports del dia a dia en una aula d&#8217;educaci\u00f3 infantil (de 0 a 6 anys)&#8221;.<\/p>\n<p>Us compartim la seva <a href=\"https:\/\/drive.google.com\/file\/d\/1oi0ar1fgH3vdFgd0HR3o29Q24H8r4RDH\/view?usp=sharing\">presentaci\u00f3<\/a> on hi trobareu tots els recursos que ens va presentar. Esperem que us pugui ser d&#8217;utilitat.<\/p>\n<p>Moltes gr\u00e0cies, Noem\u00ed, per la teva expertesa i la teva generositat!<\/p>\n","protected":false},"excerpt":{"rendered":"<p>El dijous 11 d&#8217;abril, la Noem\u00ed Molina, psic\u00f2loga del CDIAP del Baix Empord\u00e0, va realitzar la confer\u00e8ncia &#8220;TEA: Estrat\u00e8gies i suports del dia a dia en una aula d&#8217;educaci\u00f3 infantil (de 0 a 6 anys)&#8221;. Us compartim la seva presentaci\u00f3 on hi trobareu tots els recursos que ens va presentar. Esperem que us pugui ser [&hellip;]<\/p>\n","protected":false},"author":1,"featured_media":15614,"comment_status":"closed","ping_status":"closed","sticky":false,"template":"","format":"standard","meta":{"_bbp_topic_count":0,"_bbp_reply_count":0,"_bbp_total_topic_count":0,"_bbp_total_reply_count":0,"_bbp_voice_count":0,"_bbp_anonymous_reply_count":0,"_bbp_topic_count_hidden":0,"_bbp_reply_count_hidden":0,"_bbp_forum_subforum_count":0,"site-sidebar-layout":"default","site-content-layout":"","ast-site-content-layout":"","site-content-style":"default","site-sidebar-style":"default","ast-global-header-display":"","ast-banner-title-visibility":"","ast-main-header-display":"","ast-hfb-above-header-display":"","ast-hfb-below-header-display":"","ast-hfb-mobile-header-display":"","site-post-title":"","ast-breadcrumbs-content":"","ast-featured-img":"","footer-sml-layout":"","theme-transparent-header-meta":"","adv-header-id-meta":"","stick-header-meta":"","header-above-stick-meta":"","header-main-stick-meta":"","header-below-stick-meta":"","astra-migrate-meta-layouts":"default","ast-page-background-enabled":"default","ast-page-background-meta":{"desktop":{"background-color":"var(--ast-global-color-4)","background-image":"","background-repeat":"repeat","background-position":"center center","background-size":"auto","background-attachment":"scroll","background-type":"","background-media":"","overlay-type":"","overlay-color":"","overlay-opacity":"","overlay-gradient":""},"tablet":{"background-color":"","background-image":"","background-repeat":"repeat","background-position":"center center","background-size":"auto","background-attachment":"scroll","background-type":"","background-media":"","overlay-type":"","overlay-color":"","overlay-opacity":"","overlay-gradient":""},"mobile":{"background-color":"","background-image":"","background-repeat":"repeat","background-position":"center center","background-size":"auto","background-attachment":"scroll","background-type":"","background-media":"","overlay-type":"","overlay-color":"","overlay-opacity":"","overlay-gradient":""}},"ast-content-background-meta":{"desktop":{"background-color":"var(--ast-global-color-5)","background-image":"","background-repeat":"repeat","background-position":"center center","background-size":"auto","background-attachment":"scroll","background-type":"","background-media":"","overlay-type":"","overlay-color":"","overlay-opacity":"","overlay-gradient":""},"tablet":{"background-color":"var(--ast-global-color-5)","background-image":"","background-repeat":"repeat","background-position":"center center","background-size":"auto","background-attachment":"scroll","background-type":"","background-media":"","overlay-type":"","overlay-color":"","overlay-opacity":"","overlay-gradient":""},"mobile":{"background-color":"var(--ast-global-color-5)","background-image":"","background-repeat":"repeat","background-position":"center center","background-size":"auto","background-attachment":"scroll","background-type":"","background-media":"","overlay-type":"","overlay-color":"","overlay-opacity":"","overlay-gradient":""}},"footnotes":""},"categories":[67,1,295,29,76],"tags":[473],"class_list":["post-15613","post","type-post","status-publish","format-standard","has-post-thumbnail","hentry","category-eap","category-general","category-novetats-recursos","category-portada","category-recursos","tag-curs-23-24"],"post_mailing_queue_ids":[],"_links":{"self":[{"href":"https:\/\/serveiseducatius.xtec.cat\/baixemporda\/wp-json\/wp\/v2\/posts\/15613","targetHints":{"allow":["GET"]}}],"collection":[{"href":"https:\/\/serveiseducatius.xtec.cat\/baixemporda\/wp-json\/wp\/v2\/posts"}],"about":[{"href":"https:\/\/serveiseducatius.xtec.cat\/baixemporda\/wp-json\/wp\/v2\/types\/post"}],"author":[{"embeddable":true,"href":"https:\/\/serveiseducatius.xtec.cat\/baixemporda\/wp-json\/wp\/v2\/users\/1"}],"replies":[{"embeddable":true,"href":"https:\/\/serveiseducatius.xtec.cat\/baixemporda\/wp-json\/wp\/v2\/comments?post=15613"}],"version-history":[{"count":1,"href":"https:\/\/serveiseducatius.xtec.cat\/baixemporda\/wp-json\/wp\/v2\/posts\/15613\/revisions"}],"predecessor-version":[{"id":15615,"href":"https:\/\/serveiseducatius.xtec.cat\/baixemporda\/wp-json\/wp\/v2\/posts\/15613\/revisions\/15615"}],"wp:featuredmedia":[{"embeddable":true,"href":"https:\/\/serveiseducatius.xtec.cat\/baixemporda\/wp-json\/wp\/v2\/media\/15614"}],"wp:attachment":[{"href":"https:\/\/serveiseducatius.xtec.cat\/baixemporda\/wp-json\/wp\/v2\/media?parent=15613"}],"wp:term":[{"taxonomy":"category","embeddable":true,"href":"https:\/\/serveiseducatius.xtec.cat\/baixemporda\/wp-json\/wp\/v2\/categories?post=15613"},{"taxonomy":"post_tag","embeddable":true,"href":"https:\/\/serveiseducatius.xtec.cat\/baixemporda\/wp-json\/wp\/v2\/tags?post=15613"}],"curies":[{"name":"wp","href":"https:\/\/api.w.org\/{rel}","templated":true}]}}