{"id":15464,"date":"2024-03-11T11:54:25","date_gmt":"2024-03-11T10:54:25","guid":{"rendered":"https:\/\/serveiseducatius.xtec.cat\/baixemporda\/?p=15464"},"modified":"2024-03-11T11:54:25","modified_gmt":"2024-03-11T10:54:25","slug":"cicle-de-conferencies-el-suro-i-el-vi-un-patrimoni-a-conservar-uns-sectors-economics-a-potenciar","status":"publish","type":"post","link":"https:\/\/serveiseducatius.xtec.cat\/baixemporda\/general\/cicle-de-conferencies-el-suro-i-el-vi-un-patrimoni-a-conservar-uns-sectors-economics-a-potenciar\/","title":{"rendered":"Cicle de confer\u00e8ncies: El suro i el vi. Un patrimoni a conservar, uns sectors econ\u00f2mics a potenciar"},"content":{"rendered":"<p><a href=\"https:\/\/serveiseducatius.xtec.cat\/baixemporda\/wp-content\/uploads\/usu1155\/2024\/03\/catedra-435x700-sinergiesvimuseu.png-600x399-1.png\"><img loading=\"lazy\" decoding=\"async\" class=\" wp-image-15465 aligncenter\" src=\"https:\/\/serveiseducatius.xtec.cat\/baixemporda\/wp-content\/uploads\/usu1155\/2024\/03\/catedra-435x700-sinergiesvimuseu.png-600x399-1.png\" alt=\"\" width=\"541\" height=\"360\" srcset=\"https:\/\/serveiseducatius.xtec.cat\/baixemporda\/wp-content\/uploads\/usu1155\/2024\/03\/catedra-435x700-sinergiesvimuseu.png-600x399-1.png 600w, https:\/\/serveiseducatius.xtec.cat\/baixemporda\/wp-content\/uploads\/usu1155\/2024\/03\/catedra-435x700-sinergiesvimuseu.png-600x399-1-300x200.png 300w\" sizes=\"auto, (max-width: 541px) 100vw, 541px\" \/><\/a><\/p>\n<p style=\"text-align: justify;\">La C\u00e0tedra d\u2019Estudis del Suro respon a la voluntat d\u2019impulsar la recerca multidisciplin\u00e0ria sobre all\u00f2 que sovint s\u2019anomena com \u201cel m\u00f3n del suro\u201d \u00a0-que inclou des de la mat\u00e8ria a la cultura, passant per les suredes i les ind\u00fastries-, amb l\u2019\u00e0nim de donar-la a con\u00e8ixer dins i fora l\u2019\u00e0mbit acad\u00e8mic, atorgant una atenci\u00f3 especial als territoris surers, tant de Catalunya com d\u2019altres regions i pa\u00efsos. Amb aquesta voluntat, organitza el <strong>II Cicle de Confer\u00e8ncies: El suro i el vi. Un patrimoni a conservar. Uns sectors econ\u00f2mics a potenciar<\/strong> entre els mesos de gener i abril al <a href=\"https:\/\/museudelsuro.cat\/activitats\/agenda\/\" target=\"_blank\" rel=\"noopener\">Museu del Suro<\/a> de Palafrugell. En el seg\u00fcent enlla\u00e7 hi trobareu el <a href=\"https:\/\/www.udg.edu\/ca\/Portals\/57\/UdGEventsNews\/30165\/Media\/Document\/Programa_conferencies2024.pdf\" target=\"_blank\" rel=\"noopener\">programa de les confer\u00e8ncies<\/a>.<\/p>\n","protected":false},"excerpt":{"rendered":"<p>La C\u00e0tedra d\u2019Estudis del Suro respon a la voluntat d\u2019impulsar la recerca multidisciplin\u00e0ria sobre all\u00f2 que sovint s\u2019anomena com \u201cel m\u00f3n del suro\u201d \u00a0-que inclou des de la mat\u00e8ria a la cultura, passant per les suredes i les ind\u00fastries-, amb l\u2019\u00e0nim de donar-la a con\u00e8ixer dins i fora l\u2019\u00e0mbit acad\u00e8mic, atorgant una atenci\u00f3 especial als [&hellip;]<\/p>\n","protected":false},"author":1,"featured_media":15465,"comment_status":"closed","ping_status":"closed","sticky":false,"template":"","format":"standard","meta":{"_bbp_topic_count":0,"_bbp_reply_count":0,"_bbp_total_topic_count":0,"_bbp_total_reply_count":0,"_bbp_voice_count":0,"_bbp_anonymous_reply_count":0,"_bbp_topic_count_hidden":0,"_bbp_reply_count_hidden":0,"_bbp_forum_subforum_count":0,"site-sidebar-layout":"default","site-content-layout":"","ast-site-content-layout":"","site-content-style":"default","site-sidebar-style":"default","ast-global-header-display":"","ast-banner-title-visibility":"","ast-main-header-display":"","ast-hfb-above-header-display":"","ast-hfb-below-header-display":"","ast-hfb-mobile-header-display":"","site-post-title":"","ast-breadcrumbs-content":"","ast-featured-img":"","footer-sml-layout":"","theme-transparent-header-meta":"","adv-header-id-meta":"","stick-header-meta":"","header-above-stick-meta":"","header-main-stick-meta":"","header-below-stick-meta":"","astra-migrate-meta-layouts":"default","ast-page-background-enabled":"default","ast-page-background-meta":{"desktop":{"background-color":"var(--ast-global-color-4)","background-image":"","background-repeat":"repeat","background-position":"center center","background-size":"auto","background-attachment":"scroll","background-type":"","background-media":"","overlay-type":"","overlay-color":"","overlay-opacity":"","overlay-gradient":""},"tablet":{"background-color":"","background-image":"","background-repeat":"repeat","background-position":"center center","background-size":"auto","background-attachment":"scroll","background-type":"","background-media":"","overlay-type":"","overlay-color":"","overlay-opacity":"","overlay-gradient":""},"mobile":{"background-color":"","background-image":"","background-repeat":"repeat","background-position":"center center","background-size":"auto","background-attachment":"scroll","background-type":"","background-media":"","overlay-type":"","overlay-color":"","overlay-opacity":"","overlay-gradient":""}},"ast-content-background-meta":{"desktop":{"background-color":"var(--ast-global-color-5)","background-image":"","background-repeat":"repeat","background-position":"center center","background-size":"auto","background-attachment":"scroll","background-type":"","background-media":"","overlay-type":"","overlay-color":"","overlay-opacity":"","overlay-gradient":""},"tablet":{"background-color":"var(--ast-global-color-5)","background-image":"","background-repeat":"repeat","background-position":"center center","background-size":"auto","background-attachment":"scroll","background-type":"","background-media":"","overlay-type":"","overlay-color":"","overlay-opacity":"","overlay-gradient":""},"mobile":{"background-color":"var(--ast-global-color-5)","background-image":"","background-repeat":"repeat","background-position":"center center","background-size":"auto","background-attachment":"scroll","background-type":"","background-media":"","overlay-type":"","overlay-color":"","overlay-opacity":"","overlay-gradient":""}},"footnotes":""},"categories":[65,1,297,29],"tags":[473],"class_list":["post-15464","post","type-post","status-publish","format-standard","has-post-thumbnail","hentry","category-crp","category-general","category-novetats-comunitat","category-portada","tag-curs-23-24"],"post_mailing_queue_ids":[],"_links":{"self":[{"href":"https:\/\/serveiseducatius.xtec.cat\/baixemporda\/wp-json\/wp\/v2\/posts\/15464","targetHints":{"allow":["GET"]}}],"collection":[{"href":"https:\/\/serveiseducatius.xtec.cat\/baixemporda\/wp-json\/wp\/v2\/posts"}],"about":[{"href":"https:\/\/serveiseducatius.xtec.cat\/baixemporda\/wp-json\/wp\/v2\/types\/post"}],"author":[{"embeddable":true,"href":"https:\/\/serveiseducatius.xtec.cat\/baixemporda\/wp-json\/wp\/v2\/users\/1"}],"replies":[{"embeddable":true,"href":"https:\/\/serveiseducatius.xtec.cat\/baixemporda\/wp-json\/wp\/v2\/comments?post=15464"}],"version-history":[{"count":1,"href":"https:\/\/serveiseducatius.xtec.cat\/baixemporda\/wp-json\/wp\/v2\/posts\/15464\/revisions"}],"predecessor-version":[{"id":15466,"href":"https:\/\/serveiseducatius.xtec.cat\/baixemporda\/wp-json\/wp\/v2\/posts\/15464\/revisions\/15466"}],"wp:featuredmedia":[{"embeddable":true,"href":"https:\/\/serveiseducatius.xtec.cat\/baixemporda\/wp-json\/wp\/v2\/media\/15465"}],"wp:attachment":[{"href":"https:\/\/serveiseducatius.xtec.cat\/baixemporda\/wp-json\/wp\/v2\/media?parent=15464"}],"wp:term":[{"taxonomy":"category","embeddable":true,"href":"https:\/\/serveiseducatius.xtec.cat\/baixemporda\/wp-json\/wp\/v2\/categories?post=15464"},{"taxonomy":"post_tag","embeddable":true,"href":"https:\/\/serveiseducatius.xtec.cat\/baixemporda\/wp-json\/wp\/v2\/tags?post=15464"}],"curies":[{"name":"wp","href":"https:\/\/api.w.org\/{rel}","templated":true}]}}