{"id":15288,"date":"2024-01-17T12:18:08","date_gmt":"2024-01-17T11:18:08","guid":{"rendered":"https:\/\/serveiseducatius.xtec.cat\/baixemporda\/?p=15288"},"modified":"2024-01-17T12:18:27","modified_gmt":"2024-01-17T11:18:27","slug":"novetat-a-la-mediateca-laboratori-de-lectura-quatre-caixes-i-un-univers-iela-mari","status":"publish","type":"post","link":"https:\/\/serveiseducatius.xtec.cat\/baixemporda\/general\/novetat-a-la-mediateca-laboratori-de-lectura-quatre-caixes-i-un-univers-iela-mari\/","title":{"rendered":"Novetat a la Mediateca:  Laboratori de lectura, Quatre caixes i un univers (IELA MARI)"},"content":{"rendered":"<p><a href=\"https:\/\/serveiseducatius.xtec.cat\/baixemporda\/wp-content\/uploads\/usu1155\/2024\/01\/WhatsApp-Image-2024-01-17-at-10.14.54.jpeg\"><img loading=\"lazy\" decoding=\"async\" class=\"size-large wp-image-15289 aligncenter\" src=\"https:\/\/serveiseducatius.xtec.cat\/baixemporda\/wp-content\/uploads\/usu1155\/2024\/01\/WhatsApp-Image-2024-01-17-at-10.14.54-1024x768.jpeg\" alt=\"\" width=\"1024\" height=\"768\" srcset=\"https:\/\/serveiseducatius.xtec.cat\/baixemporda\/wp-content\/uploads\/usu1155\/2024\/01\/WhatsApp-Image-2024-01-17-at-10.14.54-1024x768.jpeg 1024w, https:\/\/serveiseducatius.xtec.cat\/baixemporda\/wp-content\/uploads\/usu1155\/2024\/01\/WhatsApp-Image-2024-01-17-at-10.14.54-300x225.jpeg 300w, https:\/\/serveiseducatius.xtec.cat\/baixemporda\/wp-content\/uploads\/usu1155\/2024\/01\/WhatsApp-Image-2024-01-17-at-10.14.54-768x576.jpeg 768w, https:\/\/serveiseducatius.xtec.cat\/baixemporda\/wp-content\/uploads\/usu1155\/2024\/01\/WhatsApp-Image-2024-01-17-at-10.14.54-1536x1152.jpeg 1536w, https:\/\/serveiseducatius.xtec.cat\/baixemporda\/wp-content\/uploads\/usu1155\/2024\/01\/WhatsApp-Image-2024-01-17-at-10.14.54-200x150.jpeg 200w, https:\/\/serveiseducatius.xtec.cat\/baixemporda\/wp-content\/uploads\/usu1155\/2024\/01\/WhatsApp-Image-2024-01-17-at-10.14.54.jpeg 1600w\" sizes=\"auto, (max-width: 1024px) 100vw, 1024px\" \/><\/a><\/p>\n<p style=\"text-align: justify;\"><span style=\"font-weight: 400;\">Els laboratoris de lectura s\u00f3n espais de creaci\u00f3 que conviden a experimentar al voltant de la lectura entesa en el sentit m\u00e9s ampli del terme: llegir amb tots els sentits, la lectura d\u2019imatges i sons, la creaci\u00f3 liter\u00e0ria com un joc i la imaginaci\u00f3 po\u00e8tica com a forma art\u00edstica. Aquest curs, dins el seminari de <a href=\"https:\/\/sites.google.com\/xtec.cat\/biblioteques-escolars\/inici\">biblioteques escolars del Baix Empord\u00e0<\/a>, ens van proposar construir 3 laboratoris de lectura.\u00a0<\/span><\/p>\n<p style=\"text-align: justify;\">Us presentem el primer laboratori (extret de la Marta Roig d&#8217;<a href=\"https:\/\/www.ibbycat.cat\/\">Ibbycat<\/a>): <span style=\"font-weight: 400;\"><strong>Quatre caixes i un univers (IELA MARI). <\/strong>Aquest laboratori de lectura s&#8217;<\/span><span style=\"font-weight: 400;\">endinsa en l\u2019obra de l&#8217;autora i il\u00b7lustradora italiana<\/span><b> Iela Mari<\/b><span style=\"font-weight: 400;\">. Descobrirem els 4 temes que han marcat la seva creaci\u00f3: la metamorfosi, la sorpresa, la contemplaci\u00f3 i els cicles, a trav\u00e9s de quatre dels seus contes.\u00a0<\/span><\/p>\n<table style=\"border-collapse: collapse; width: 100%;\">\n<tbody>\n<tr>\n<td style=\"width: 25%;\"><a href=\"https:\/\/serveiseducatius.xtec.cat\/baixemporda\/wp-content\/uploads\/usu1155\/2024\/01\/Globus-vermmell.jpg\"><img loading=\"lazy\" decoding=\"async\" class=\"alignnone size-full wp-image-15290\" src=\"https:\/\/serveiseducatius.xtec.cat\/baixemporda\/wp-content\/uploads\/usu1155\/2024\/01\/Globus-vermmell.jpg\" alt=\"\" width=\"610\" height=\"610\" srcset=\"https:\/\/serveiseducatius.xtec.cat\/baixemporda\/wp-content\/uploads\/usu1155\/2024\/01\/Globus-vermmell.jpg 610w, https:\/\/serveiseducatius.xtec.cat\/baixemporda\/wp-content\/uploads\/usu1155\/2024\/01\/Globus-vermmell-300x300.jpg 300w, https:\/\/serveiseducatius.xtec.cat\/baixemporda\/wp-content\/uploads\/usu1155\/2024\/01\/Globus-vermmell-150x150.jpg 150w\" sizes=\"auto, (max-width: 610px) 100vw, 610px\" \/><\/a><\/td>\n<td style=\"width: 25%;\"><a href=\"https:\/\/serveiseducatius.xtec.cat\/baixemporda\/wp-content\/uploads\/usu1155\/2024\/01\/las-estaciones.jpg\"><img loading=\"lazy\" decoding=\"async\" class=\"alignnone size-full wp-image-15291\" src=\"https:\/\/serveiseducatius.xtec.cat\/baixemporda\/wp-content\/uploads\/usu1155\/2024\/01\/las-estaciones.jpg\" alt=\"\" width=\"589\" height=\"620\" srcset=\"https:\/\/serveiseducatius.xtec.cat\/baixemporda\/wp-content\/uploads\/usu1155\/2024\/01\/las-estaciones.jpg 589w, https:\/\/serveiseducatius.xtec.cat\/baixemporda\/wp-content\/uploads\/usu1155\/2024\/01\/las-estaciones-285x300.jpg 285w\" sizes=\"auto, (max-width: 589px) 100vw, 589px\" \/><\/a><\/td>\n<td style=\"width: 25%;\"><a href=\"https:\/\/serveiseducatius.xtec.cat\/baixemporda\/wp-content\/uploads\/usu1155\/2024\/01\/Erizo.jpg\"><img loading=\"lazy\" decoding=\"async\" class=\"wp-image-15294 aligncenter\" src=\"https:\/\/serveiseducatius.xtec.cat\/baixemporda\/wp-content\/uploads\/usu1155\/2024\/01\/Erizo.jpg\" alt=\"\" width=\"252\" height=\"317\" \/><\/a><\/td>\n<td style=\"width: 25%;\"><a href=\"https:\/\/serveiseducatius.xtec.cat\/baixemporda\/wp-content\/uploads\/usu1155\/2024\/01\/Histories-sin-fin.jpg\"><img loading=\"lazy\" decoding=\"async\" class=\"wp-image-15293 aligncenter\" src=\"https:\/\/serveiseducatius.xtec.cat\/baixemporda\/wp-content\/uploads\/usu1155\/2024\/01\/Histories-sin-fin.jpg\" alt=\"\" width=\"301\" height=\"302\" srcset=\"https:\/\/serveiseducatius.xtec.cat\/baixemporda\/wp-content\/uploads\/usu1155\/2024\/01\/Histories-sin-fin.jpg 615w, https:\/\/serveiseducatius.xtec.cat\/baixemporda\/wp-content\/uploads\/usu1155\/2024\/01\/Histories-sin-fin-300x300.jpg 300w, https:\/\/serveiseducatius.xtec.cat\/baixemporda\/wp-content\/uploads\/usu1155\/2024\/01\/Histories-sin-fin-150x150.jpg 150w\" sizes=\"auto, (max-width: 301px) 100vw, 301px\" \/><\/a><\/td>\n<\/tr>\n<\/tbody>\n<\/table>\n<p>Podeu fer la reserva al nostre servei de <a href=\"https:\/\/www.mediateca.cat\/baixemporda\/recursos\/\">Mediateca<\/a> en el seg\u00fcent <a href=\"https:\/\/www.mediateca.cat\/baixemporda\/recurs\/laboratori-de-lectura-quatre-caixes-i-un-univers-iela-mari\/\">enlla\u00e7<\/a>.<\/p>\n<p>&nbsp;<\/p>\n","protected":false},"excerpt":{"rendered":"<p>Els laboratoris de lectura s\u00f3n espais de creaci\u00f3 que conviden a experimentar al voltant de la lectura entesa en el sentit m\u00e9s ampli del terme: llegir amb tots els sentits, la lectura d\u2019imatges i sons, la creaci\u00f3 liter\u00e0ria com un joc i la imaginaci\u00f3 po\u00e8tica com a forma art\u00edstica. Aquest curs, dins el seminari de [&hellip;]<\/p>\n","protected":false},"author":1,"featured_media":15289,"comment_status":"closed","ping_status":"closed","sticky":false,"template":"","format":"standard","meta":{"_bbp_topic_count":0,"_bbp_reply_count":0,"_bbp_total_topic_count":0,"_bbp_total_reply_count":0,"_bbp_voice_count":0,"_bbp_anonymous_reply_count":0,"_bbp_topic_count_hidden":0,"_bbp_reply_count_hidden":0,"_bbp_forum_subforum_count":0,"site-sidebar-layout":"default","site-content-layout":"","ast-site-content-layout":"","site-content-style":"default","site-sidebar-style":"default","ast-global-header-display":"","ast-banner-title-visibility":"","ast-main-header-display":"","ast-hfb-above-header-display":"","ast-hfb-below-header-display":"","ast-hfb-mobile-header-display":"","site-post-title":"","ast-breadcrumbs-content":"","ast-featured-img":"","footer-sml-layout":"","theme-transparent-header-meta":"","adv-header-id-meta":"","stick-header-meta":"","header-above-stick-meta":"","header-main-stick-meta":"","header-below-stick-meta":"","astra-migrate-meta-layouts":"default","ast-page-background-enabled":"default","ast-page-background-meta":{"desktop":{"background-color":"var(--ast-global-color-4)","background-image":"","background-repeat":"repeat","background-position":"center center","background-size":"auto","background-attachment":"scroll","background-type":"","background-media":"","overlay-type":"","overlay-color":"","overlay-opacity":"","overlay-gradient":""},"tablet":{"background-color":"","background-image":"","background-repeat":"repeat","background-position":"center center","background-size":"auto","background-attachment":"scroll","background-type":"","background-media":"","overlay-type":"","overlay-color":"","overlay-opacity":"","overlay-gradient":""},"mobile":{"background-color":"","background-image":"","background-repeat":"repeat","background-position":"center center","background-size":"auto","background-attachment":"scroll","background-type":"","background-media":"","overlay-type":"","overlay-color":"","overlay-opacity":"","overlay-gradient":""}},"ast-content-background-meta":{"desktop":{"background-color":"var(--ast-global-color-5)","background-image":"","background-repeat":"repeat","background-position":"center center","background-size":"auto","background-attachment":"scroll","background-type":"","background-media":"","overlay-type":"","overlay-color":"","overlay-opacity":"","overlay-gradient":""},"tablet":{"background-color":"var(--ast-global-color-5)","background-image":"","background-repeat":"repeat","background-position":"center center","background-size":"auto","background-attachment":"scroll","background-type":"","background-media":"","overlay-type":"","overlay-color":"","overlay-opacity":"","overlay-gradient":""},"mobile":{"background-color":"var(--ast-global-color-5)","background-image":"","background-repeat":"repeat","background-position":"center center","background-size":"auto","background-attachment":"scroll","background-type":"","background-media":"","overlay-type":"","overlay-color":"","overlay-opacity":"","overlay-gradient":""}},"footnotes":""},"categories":[65,1,295,29],"tags":[473],"class_list":["post-15288","post","type-post","status-publish","format-standard","has-post-thumbnail","hentry","category-crp","category-general","category-novetats-recursos","category-portada","tag-curs-23-24"],"post_mailing_queue_ids":[],"_links":{"self":[{"href":"https:\/\/serveiseducatius.xtec.cat\/baixemporda\/wp-json\/wp\/v2\/posts\/15288","targetHints":{"allow":["GET"]}}],"collection":[{"href":"https:\/\/serveiseducatius.xtec.cat\/baixemporda\/wp-json\/wp\/v2\/posts"}],"about":[{"href":"https:\/\/serveiseducatius.xtec.cat\/baixemporda\/wp-json\/wp\/v2\/types\/post"}],"author":[{"embeddable":true,"href":"https:\/\/serveiseducatius.xtec.cat\/baixemporda\/wp-json\/wp\/v2\/users\/1"}],"replies":[{"embeddable":true,"href":"https:\/\/serveiseducatius.xtec.cat\/baixemporda\/wp-json\/wp\/v2\/comments?post=15288"}],"version-history":[{"count":2,"href":"https:\/\/serveiseducatius.xtec.cat\/baixemporda\/wp-json\/wp\/v2\/posts\/15288\/revisions"}],"predecessor-version":[{"id":15296,"href":"https:\/\/serveiseducatius.xtec.cat\/baixemporda\/wp-json\/wp\/v2\/posts\/15288\/revisions\/15296"}],"wp:featuredmedia":[{"embeddable":true,"href":"https:\/\/serveiseducatius.xtec.cat\/baixemporda\/wp-json\/wp\/v2\/media\/15289"}],"wp:attachment":[{"href":"https:\/\/serveiseducatius.xtec.cat\/baixemporda\/wp-json\/wp\/v2\/media?parent=15288"}],"wp:term":[{"taxonomy":"category","embeddable":true,"href":"https:\/\/serveiseducatius.xtec.cat\/baixemporda\/wp-json\/wp\/v2\/categories?post=15288"},{"taxonomy":"post_tag","embeddable":true,"href":"https:\/\/serveiseducatius.xtec.cat\/baixemporda\/wp-json\/wp\/v2\/tags?post=15288"}],"curies":[{"name":"wp","href":"https:\/\/api.w.org\/{rel}","templated":true}]}}