{"id":15098,"date":"2023-11-17T14:03:54","date_gmt":"2023-11-17T13:03:54","guid":{"rendered":"https:\/\/serveiseducatius.xtec.cat\/baixemporda\/?p=15098"},"modified":"2023-12-15T09:41:21","modified_gmt":"2023-12-15T08:41:21","slug":"escola-la-vila-de-palamos-i-el-programa-dinnovacio-apadrinem-el-nostre-patrimoni","status":"publish","type":"post","link":"https:\/\/serveiseducatius.xtec.cat\/baixemporda\/general\/escola-la-vila-de-palamos-i-el-programa-dinnovacio-apadrinem-el-nostre-patrimoni\/","title":{"rendered":"Escola La Vila de Palam\u00f3s i el Programa d&#8217;innovaci\u00f3 &#8220;Apadrinem el nostre Patrimoni&#8221;"},"content":{"rendered":"<p><a href=\"https:\/\/serveiseducatius.xtec.cat\/baixemporda\/wp-content\/uploads\/usu1155\/2023\/11\/IMG_6439.jpg\"><img loading=\"lazy\" decoding=\"async\" class=\" wp-image-15116 aligncenter\" src=\"https:\/\/serveiseducatius.xtec.cat\/baixemporda\/wp-content\/uploads\/usu1155\/2023\/11\/IMG_6439-1024x617.jpg\" alt=\"\" width=\"531\" height=\"320\" srcset=\"https:\/\/serveiseducatius.xtec.cat\/baixemporda\/wp-content\/uploads\/usu1155\/2023\/11\/IMG_6439-1024x617.jpg 1024w, https:\/\/serveiseducatius.xtec.cat\/baixemporda\/wp-content\/uploads\/usu1155\/2023\/11\/IMG_6439-300x181.jpg 300w, https:\/\/serveiseducatius.xtec.cat\/baixemporda\/wp-content\/uploads\/usu1155\/2023\/11\/IMG_6439-768x462.jpg 768w, https:\/\/serveiseducatius.xtec.cat\/baixemporda\/wp-content\/uploads\/usu1155\/2023\/11\/IMG_6439-1536x925.jpg 1536w, https:\/\/serveiseducatius.xtec.cat\/baixemporda\/wp-content\/uploads\/usu1155\/2023\/11\/IMG_6439.jpg 2016w\" sizes=\"auto, (max-width: 531px) 100vw, 531px\" \/><\/a><\/p>\n<p style=\"text-align: justify;\"><span style=\"font-weight: 400;\">L\u2019Escola La Vila de Palam\u00f3s participa en el programa d\u2019innovaci\u00f3 \u201cApadrinem el nostre Patrimoni\u201d, dins aquest marc i l\u2019efem\u00e8ride del 90\u00e8 aniversari de l\u2019Escola, els alumnes de 5\u00e8 varen organitzar una tarda de portes obertes com a tancament i projecci\u00f3 a la comunitat del treball que han realitzat en aquests darrers anys, a l\u2019entorn dels elements apadrinats com \u00e9s la mateixa escola i el refugi de la guerra civil que hi ha al pati.<\/span><\/p>\n<p style=\"text-align: justify;\"><span style=\"font-weight: 400;\">La sala polivalent era el lloc de benvinguda on varen preparar diferents activitats participatives, l\u2019acollida la realitzaven els mateixos alumnes en un punt d\u2019informaci\u00f3 i t\u2019oferien un tr\u00edptic elaborat per ells mateixos per fer la visita.\u00a0<\/span><\/p>\n<p style=\"text-align: justify;\"><span style=\"font-weight: 400;\">En diferents espais els alumnes compartien els treballs que havien elaborat, el pl\u00e0nol de l\u2019escola, els dibuixos de les fa\u00e7anes, el pl\u00e0nol del refugi, la geolocalitzaci\u00f3 dels elements rellevants del municipi introdu\u00efts al Mobile History Maps, un joc online de preguntes per con\u00e8ixer el municipi, un <em>photocall<\/em>, un espai on es podien veure diferents aparells que havien descobert antics de projecci\u00f3 i d\u2019impressi\u00f3 utilitzats a l\u2019escola, edicions antigues de llibres escolars i llibretes cedides per antics alumnes de l\u2019escola i fotografies de grups d\u2019alumnes d\u2019antigues promocions.\u00a0<\/span><\/p>\n<p style=\"text-align: justify;\"><span style=\"font-weight: 400;\">Finalment els alumnes t\u2019oferien un recorregut per l\u2019escola i ells mateixos ens feien de guies, acompanyant als visitants i les fam\u00edlies per aquells elements que han treballat, ens descobrien els racons, compartien all\u00f2 que han descobert i experi\u00e8ncies viscudes a l\u2019escola.<\/span><\/p>\n<p style=\"text-align: justify;\"><span style=\"font-weight: 400;\">Una experi\u00e8ncia engrescadora que els alumnes expressaven i traspuaven l\u2019emoci\u00f3 de participar en el projecte.<\/span><\/p>\n<p><a href=\"https:\/\/serveiseducatius.xtec.cat\/baixemporda\/wp-content\/uploads\/usu1155\/2023\/11\/IMG_6436.jpg\"><img loading=\"lazy\" decoding=\"async\" class=\"wp-image-15117 aligncenter\" src=\"https:\/\/serveiseducatius.xtec.cat\/baixemporda\/wp-content\/uploads\/usu1155\/2023\/11\/IMG_6436-1024x546.jpg\" alt=\"\" width=\"544\" height=\"290\" srcset=\"https:\/\/serveiseducatius.xtec.cat\/baixemporda\/wp-content\/uploads\/usu1155\/2023\/11\/IMG_6436-1024x546.jpg 1024w, https:\/\/serveiseducatius.xtec.cat\/baixemporda\/wp-content\/uploads\/usu1155\/2023\/11\/IMG_6436-300x160.jpg 300w, https:\/\/serveiseducatius.xtec.cat\/baixemporda\/wp-content\/uploads\/usu1155\/2023\/11\/IMG_6436-768x410.jpg 768w, https:\/\/serveiseducatius.xtec.cat\/baixemporda\/wp-content\/uploads\/usu1155\/2023\/11\/IMG_6436-1536x819.jpg 1536w, https:\/\/serveiseducatius.xtec.cat\/baixemporda\/wp-content\/uploads\/usu1155\/2023\/11\/IMG_6436.jpg 1941w\" sizes=\"auto, (max-width: 544px) 100vw, 544px\" \/><\/a><a href=\"https:\/\/serveiseducatius.xtec.cat\/baixemporda\/wp-content\/uploads\/usu1155\/2023\/11\/IMG_6445.jpg\"><img loading=\"lazy\" decoding=\"async\" class=\"wp-image-15115 aligncenter\" src=\"https:\/\/serveiseducatius.xtec.cat\/baixemporda\/wp-content\/uploads\/usu1155\/2023\/11\/IMG_6445-653x1024.jpg\" alt=\"\" width=\"235\" height=\"369\" srcset=\"https:\/\/serveiseducatius.xtec.cat\/baixemporda\/wp-content\/uploads\/usu1155\/2023\/11\/IMG_6445-653x1024.jpg 653w, https:\/\/serveiseducatius.xtec.cat\/baixemporda\/wp-content\/uploads\/usu1155\/2023\/11\/IMG_6445-191x300.jpg 191w, https:\/\/serveiseducatius.xtec.cat\/baixemporda\/wp-content\/uploads\/usu1155\/2023\/11\/IMG_6445-768x1205.jpg 768w, https:\/\/serveiseducatius.xtec.cat\/baixemporda\/wp-content\/uploads\/usu1155\/2023\/11\/IMG_6445-979x1536.jpg 979w, https:\/\/serveiseducatius.xtec.cat\/baixemporda\/wp-content\/uploads\/usu1155\/2023\/11\/IMG_6445.jpg 1152w\" sizes=\"auto, (max-width: 235px) 100vw, 235px\" \/><\/a><\/p>\n","protected":false},"excerpt":{"rendered":"<p>L\u2019Escola La Vila de Palam\u00f3s participa en el programa d\u2019innovaci\u00f3 \u201cApadrinem el nostre Patrimoni\u201d, dins aquest marc i l\u2019efem\u00e8ride del 90\u00e8 aniversari de l\u2019Escola, els alumnes de 5\u00e8 varen organitzar una tarda de portes obertes com a tancament i projecci\u00f3 a la comunitat del treball que han realitzat en aquests darrers anys, a l\u2019entorn dels [&hellip;]<\/p>\n","protected":false},"author":1,"featured_media":15116,"comment_status":"closed","ping_status":"closed","sticky":false,"template":"","format":"standard","meta":{"_bbp_topic_count":0,"_bbp_reply_count":0,"_bbp_total_topic_count":0,"_bbp_total_reply_count":0,"_bbp_voice_count":0,"_bbp_anonymous_reply_count":0,"_bbp_topic_count_hidden":0,"_bbp_reply_count_hidden":0,"_bbp_forum_subforum_count":0,"site-sidebar-layout":"default","site-content-layout":"","ast-site-content-layout":"","site-content-style":"default","site-sidebar-style":"default","ast-global-header-display":"","ast-banner-title-visibility":"","ast-main-header-display":"","ast-hfb-above-header-display":"","ast-hfb-below-header-display":"","ast-hfb-mobile-header-display":"","site-post-title":"","ast-breadcrumbs-content":"","ast-featured-img":"","footer-sml-layout":"","theme-transparent-header-meta":"","adv-header-id-meta":"","stick-header-meta":"","header-above-stick-meta":"","header-main-stick-meta":"","header-below-stick-meta":"","astra-migrate-meta-layouts":"default","ast-page-background-enabled":"default","ast-page-background-meta":{"desktop":{"background-color":"var(--ast-global-color-4)","background-image":"","background-repeat":"repeat","background-position":"center center","background-size":"auto","background-attachment":"scroll","background-type":"","background-media":"","overlay-type":"","overlay-color":"","overlay-opacity":"","overlay-gradient":""},"tablet":{"background-color":"","background-image":"","background-repeat":"repeat","background-position":"center center","background-size":"auto","background-attachment":"scroll","background-type":"","background-media":"","overlay-type":"","overlay-color":"","overlay-opacity":"","overlay-gradient":""},"mobile":{"background-color":"","background-image":"","background-repeat":"repeat","background-position":"center center","background-size":"auto","background-attachment":"scroll","background-type":"","background-media":"","overlay-type":"","overlay-color":"","overlay-opacity":"","overlay-gradient":""}},"ast-content-background-meta":{"desktop":{"background-color":"var(--ast-global-color-5)","background-image":"","background-repeat":"repeat","background-position":"center center","background-size":"auto","background-attachment":"scroll","background-type":"","background-media":"","overlay-type":"","overlay-color":"","overlay-opacity":"","overlay-gradient":""},"tablet":{"background-color":"var(--ast-global-color-5)","background-image":"","background-repeat":"repeat","background-position":"center center","background-size":"auto","background-attachment":"scroll","background-type":"","background-media":"","overlay-type":"","overlay-color":"","overlay-opacity":"","overlay-gradient":""},"mobile":{"background-color":"var(--ast-global-color-5)","background-image":"","background-repeat":"repeat","background-position":"center center","background-size":"auto","background-attachment":"scroll","background-type":"","background-media":"","overlay-type":"","overlay-color":"","overlay-opacity":"","overlay-gradient":""}},"footnotes":""},"categories":[65,1,297,29],"tags":[473],"class_list":["post-15098","post","type-post","status-publish","format-standard","has-post-thumbnail","hentry","category-crp","category-general","category-novetats-comunitat","category-portada","tag-curs-23-24"],"post_mailing_queue_ids":[],"_links":{"self":[{"href":"https:\/\/serveiseducatius.xtec.cat\/baixemporda\/wp-json\/wp\/v2\/posts\/15098","targetHints":{"allow":["GET"]}}],"collection":[{"href":"https:\/\/serveiseducatius.xtec.cat\/baixemporda\/wp-json\/wp\/v2\/posts"}],"about":[{"href":"https:\/\/serveiseducatius.xtec.cat\/baixemporda\/wp-json\/wp\/v2\/types\/post"}],"author":[{"embeddable":true,"href":"https:\/\/serveiseducatius.xtec.cat\/baixemporda\/wp-json\/wp\/v2\/users\/1"}],"replies":[{"embeddable":true,"href":"https:\/\/serveiseducatius.xtec.cat\/baixemporda\/wp-json\/wp\/v2\/comments?post=15098"}],"version-history":[{"count":6,"href":"https:\/\/serveiseducatius.xtec.cat\/baixemporda\/wp-json\/wp\/v2\/posts\/15098\/revisions"}],"predecessor-version":[{"id":15212,"href":"https:\/\/serveiseducatius.xtec.cat\/baixemporda\/wp-json\/wp\/v2\/posts\/15098\/revisions\/15212"}],"wp:featuredmedia":[{"embeddable":true,"href":"https:\/\/serveiseducatius.xtec.cat\/baixemporda\/wp-json\/wp\/v2\/media\/15116"}],"wp:attachment":[{"href":"https:\/\/serveiseducatius.xtec.cat\/baixemporda\/wp-json\/wp\/v2\/media?parent=15098"}],"wp:term":[{"taxonomy":"category","embeddable":true,"href":"https:\/\/serveiseducatius.xtec.cat\/baixemporda\/wp-json\/wp\/v2\/categories?post=15098"},{"taxonomy":"post_tag","embeddable":true,"href":"https:\/\/serveiseducatius.xtec.cat\/baixemporda\/wp-json\/wp\/v2\/tags?post=15098"}],"curies":[{"name":"wp","href":"https:\/\/api.w.org\/{rel}","templated":true}]}}