{"id":15034,"date":"2023-11-10T13:07:31","date_gmt":"2023-11-10T12:07:31","guid":{"rendered":"https:\/\/serveiseducatius.xtec.cat\/baixemporda\/?p=15034"},"modified":"2023-11-17T10:19:39","modified_gmt":"2023-11-17T09:19:39","slug":"gurmet-del-mar-la-nova-app-del-consell-comarcal-del-baix-emporda-per-promoure-el-consum-del-peix-entre-els-infants","status":"publish","type":"post","link":"https:\/\/serveiseducatius.xtec.cat\/baixemporda\/general\/gurmet-del-mar-la-nova-app-del-consell-comarcal-del-baix-emporda-per-promoure-el-consum-del-peix-entre-els-infants\/","title":{"rendered":"\u201cGurmet del mar\u201d, la nova app del Consell Comarcal del Baix Empord\u00e0 per promoure el consum del peix entre els infants"},"content":{"rendered":"<p>&nbsp;<\/p>\n<p><a href=\"https:\/\/serveiseducatius.xtec.cat\/baixemporda\/wp-content\/uploads\/usu1155\/2023\/11\/Login-opc1.png\"><img loading=\"lazy\" decoding=\"async\" class=\"wp-image-15038 aligncenter\" src=\"https:\/\/serveiseducatius.xtec.cat\/baixemporda\/wp-content\/uploads\/usu1155\/2023\/11\/Login-opc1-473x1024.png\" alt=\"\" width=\"238\" height=\"515\" srcset=\"https:\/\/serveiseducatius.xtec.cat\/baixemporda\/wp-content\/uploads\/usu1155\/2023\/11\/Login-opc1-473x1024.png 473w, https:\/\/serveiseducatius.xtec.cat\/baixemporda\/wp-content\/uploads\/usu1155\/2023\/11\/Login-opc1-139x300.png 139w, https:\/\/serveiseducatius.xtec.cat\/baixemporda\/wp-content\/uploads\/usu1155\/2023\/11\/Login-opc1-768x1663.png 768w, https:\/\/serveiseducatius.xtec.cat\/baixemporda\/wp-content\/uploads\/usu1155\/2023\/11\/Login-opc1-709x1536.png 709w, https:\/\/serveiseducatius.xtec.cat\/baixemporda\/wp-content\/uploads\/usu1155\/2023\/11\/Login-opc1-946x2048.png 946w, https:\/\/serveiseducatius.xtec.cat\/baixemporda\/wp-content\/uploads\/usu1155\/2023\/11\/Login-opc1.png 1875w\" sizes=\"auto, (max-width: 238px) 100vw, 238px\" \/><\/a><\/p>\n<p style=\"text-align: justify;\">El Consell Comarcal del Baix Empord\u00e0 presenta l\u2019aplicaci\u00f3 m\u00f2bil <strong>\u201cGurmet del mar\u201d<\/strong>.<\/p>\n<p style=\"text-align: justify;\">Aquesta t\u00e9 l\u2019objectiu de promoure i sensibilitzar sobre la import\u00e0ncia del consum de peix de proximitat, aix\u00ed com de donar visibilitat al producte local del territori, i afavorir el coneixement de les esp\u00e8cies entre els m\u00e9s joves. L\u2019aplicaci\u00f3 \u00e9s un joc pensat per a nens i nenes de 6 a 12 anys que pret\u00e9n estimular l\u2019agilitat mental a trav\u00e9s de la memoritzaci\u00f3 de receptes aut\u00f2ctones i el reconeixement visual dels aliments i esp\u00e8cies marines que composen les mateixes.<\/p>\n<p style=\"text-align: justify;\">El &#8220;Gurmet del Mar&#8221;; vol aconseguir un equilibri entre la diversi\u00f3 i el coneixement, ja que des d\u2019aquesta perspectiva \u00e9s m\u00e9s f\u00e0cil captar l\u2019inter\u00e8s dels usuaris. \u00c9s un joc infantil, tot i que \u00e9s apte per a totes les edats. L&#8217;app incorpora 25 receptes amb 25 esp\u00e8cies marines diferents entre les que trobem: entrep\u00e0 de verat, sardines cruixents amb pur\u00e9 de br\u00f2quil a l\u2019all cremat, pasta amb anxoves, arr\u00f2s amb canana i mongetes del ganxet, besuc al forn, quiche de bon\u00edtol, velout\u00e9 de molla o br\u00f2tola, etc., que han estat cedides per l&#8217;Espai del Peix-Museu de la Pesca a Palam\u00f3s. Inclou tamb\u00e9 una s\u00e8rie de curiositats sobre cada esp\u00e8cie, amb la voluntat de captar l&#8217;atenci\u00f3 i l\u2019inter\u00e8s dels m\u00e9s petits. L\u2019aplicaci\u00f3 ja es pot descarregar gratu\u00eftament a les plataformes <a href=\"https:\/\/play.google.com\/store\/apps\/details?id=com.sixtemia.gurmetdelmar&amp;pcampaignid=web_share\">Google Play<\/a> i a l\u2019<a href=\"https:\/\/apps.apple.com\/es\/app\/gurmet-del-mar\/id6464050399?l=ca\">Apple Store<\/a>.<\/p>\n<p style=\"text-align: justify;\">La iniciativa forma part del projecte L\u2019ART DE MENJAR PEIX, divulgaci\u00f3 i sensibilitzaci\u00f3 del consum de peix a les escoles i fam\u00edlies del Baix Empord\u00e0 i ha estat impulsada per l\u2019\u00e0rea de Promoci\u00f3 Econ\u00f2mica del Consell Comarcal del Baix Empord\u00e0, a trav\u00e9s d\u2019Arrelem (xarxa agroaliment\u00e0ria del Baix Empord\u00e0). Aquesta s\u2019emmarca dins els ajuts del GALP COSTA BRAVA 2023 i t\u00e9 l\u2019objectiu de valoritzar la pesca, l&#8217;ofici de pescador i en definitiva, promoure el coneixement del peix i el seu consum.<\/p>\n<p><a href=\"https:\/\/serveiseducatius.xtec.cat\/baixemporda\/wp-content\/uploads\/usu1155\/2023\/11\/Ruleta.png\"><img loading=\"lazy\" decoding=\"async\" class=\" wp-image-15049 alignleft\" src=\"https:\/\/serveiseducatius.xtec.cat\/baixemporda\/wp-content\/uploads\/usu1155\/2023\/11\/Ruleta-473x1024.png\" alt=\"\" width=\"241\" height=\"522\" srcset=\"https:\/\/serveiseducatius.xtec.cat\/baixemporda\/wp-content\/uploads\/usu1155\/2023\/11\/Ruleta-473x1024.png 473w, https:\/\/serveiseducatius.xtec.cat\/baixemporda\/wp-content\/uploads\/usu1155\/2023\/11\/Ruleta-139x300.png 139w, https:\/\/serveiseducatius.xtec.cat\/baixemporda\/wp-content\/uploads\/usu1155\/2023\/11\/Ruleta-768x1663.png 768w, https:\/\/serveiseducatius.xtec.cat\/baixemporda\/wp-content\/uploads\/usu1155\/2023\/11\/Ruleta-709x1536.png 709w, https:\/\/serveiseducatius.xtec.cat\/baixemporda\/wp-content\/uploads\/usu1155\/2023\/11\/Ruleta-946x2048.png 946w, https:\/\/serveiseducatius.xtec.cat\/baixemporda\/wp-content\/uploads\/usu1155\/2023\/11\/Ruleta.png 1875w\" sizes=\"auto, (max-width: 241px) 100vw, 241px\" \/><\/a><br \/>\n<a href=\"https:\/\/serveiseducatius.xtec.cat\/baixemporda\/wp-content\/uploads\/usu1155\/2023\/11\/Llistat-espe\u2560Ccies.png\"><img loading=\"lazy\" decoding=\"async\" class=\" wp-image-15050 alignleft\" src=\"https:\/\/serveiseducatius.xtec.cat\/baixemporda\/wp-content\/uploads\/usu1155\/2023\/11\/Llistat-espe\u2560Ccies-473x1024.png\" alt=\"\" width=\"229\" height=\"496\" srcset=\"https:\/\/serveiseducatius.xtec.cat\/baixemporda\/wp-content\/uploads\/usu1155\/2023\/11\/Llistat-espe\u2560Ccies-473x1024.png 473w, https:\/\/serveiseducatius.xtec.cat\/baixemporda\/wp-content\/uploads\/usu1155\/2023\/11\/Llistat-espe\u2560Ccies-139x300.png 139w, https:\/\/serveiseducatius.xtec.cat\/baixemporda\/wp-content\/uploads\/usu1155\/2023\/11\/Llistat-espe\u2560Ccies-768x1663.png 768w, https:\/\/serveiseducatius.xtec.cat\/baixemporda\/wp-content\/uploads\/usu1155\/2023\/11\/Llistat-espe\u2560Ccies-709x1536.png 709w, https:\/\/serveiseducatius.xtec.cat\/baixemporda\/wp-content\/uploads\/usu1155\/2023\/11\/Llistat-espe\u2560Ccies-946x2048.png 946w, https:\/\/serveiseducatius.xtec.cat\/baixemporda\/wp-content\/uploads\/usu1155\/2023\/11\/Llistat-espe\u2560Ccies.png 1875w\" sizes=\"auto, (max-width: 229px) 100vw, 229px\" \/><\/a><img loading=\"lazy\" decoding=\"async\" class=\" wp-image-15051 alignleft\" src=\"https:\/\/serveiseducatius.xtec.cat\/baixemporda\/wp-content\/uploads\/usu1155\/2023\/11\/Popup-error-473x1024.png\" alt=\"\" width=\"229\" height=\"496\" srcset=\"https:\/\/serveiseducatius.xtec.cat\/baixemporda\/wp-content\/uploads\/usu1155\/2023\/11\/Popup-error-473x1024.png 473w, https:\/\/serveiseducatius.xtec.cat\/baixemporda\/wp-content\/uploads\/usu1155\/2023\/11\/Popup-error-139x300.png 139w, https:\/\/serveiseducatius.xtec.cat\/baixemporda\/wp-content\/uploads\/usu1155\/2023\/11\/Popup-error-768x1663.png 768w, https:\/\/serveiseducatius.xtec.cat\/baixemporda\/wp-content\/uploads\/usu1155\/2023\/11\/Popup-error-709x1536.png 709w, https:\/\/serveiseducatius.xtec.cat\/baixemporda\/wp-content\/uploads\/usu1155\/2023\/11\/Popup-error-946x2048.png 946w, https:\/\/serveiseducatius.xtec.cat\/baixemporda\/wp-content\/uploads\/usu1155\/2023\/11\/Popup-error.png 1875w\" sizes=\"auto, (max-width: 229px) 100vw, 229px\" \/><a style=\"font-family: inherit; font-size: 1em;\" href=\"https:\/\/serveiseducatius.xtec.cat\/baixemporda\/wp-content\/uploads\/usu1155\/2023\/11\/Popup-completat.png\"><img loading=\"lazy\" decoding=\"async\" class=\"wp-image-15052 alignleft\" src=\"https:\/\/serveiseducatius.xtec.cat\/baixemporda\/wp-content\/uploads\/usu1155\/2023\/11\/Popup-completat-473x1024.png\" alt=\"\" width=\"229\" height=\"495\" srcset=\"https:\/\/serveiseducatius.xtec.cat\/baixemporda\/wp-content\/uploads\/usu1155\/2023\/11\/Popup-completat-473x1024.png 473w, https:\/\/serveiseducatius.xtec.cat\/baixemporda\/wp-content\/uploads\/usu1155\/2023\/11\/Popup-completat-139x300.png 139w, https:\/\/serveiseducatius.xtec.cat\/baixemporda\/wp-content\/uploads\/usu1155\/2023\/11\/Popup-completat-768x1663.png 768w, https:\/\/serveiseducatius.xtec.cat\/baixemporda\/wp-content\/uploads\/usu1155\/2023\/11\/Popup-completat-709x1536.png 709w, https:\/\/serveiseducatius.xtec.cat\/baixemporda\/wp-content\/uploads\/usu1155\/2023\/11\/Popup-completat-946x2048.png 946w, https:\/\/serveiseducatius.xtec.cat\/baixemporda\/wp-content\/uploads\/usu1155\/2023\/11\/Popup-completat.png 1875w\" sizes=\"auto, (max-width: 229px) 100vw, 229px\" \/><\/a> <a style=\"font-family: inherit; font-size: 1em;\" href=\"https:\/\/serveiseducatius.xtec.cat\/baixemporda\/wp-content\/uploads\/usu1155\/2023\/11\/Cuina.png\"><img loading=\"lazy\" decoding=\"async\" class=\"wp-image-15053 alignleft\" src=\"https:\/\/serveiseducatius.xtec.cat\/baixemporda\/wp-content\/uploads\/usu1155\/2023\/11\/Cuina-473x1024.png\" alt=\"\" width=\"230\" height=\"498\" srcset=\"https:\/\/serveiseducatius.xtec.cat\/baixemporda\/wp-content\/uploads\/usu1155\/2023\/11\/Cuina-473x1024.png 473w, https:\/\/serveiseducatius.xtec.cat\/baixemporda\/wp-content\/uploads\/usu1155\/2023\/11\/Cuina-139x300.png 139w, https:\/\/serveiseducatius.xtec.cat\/baixemporda\/wp-content\/uploads\/usu1155\/2023\/11\/Cuina-768x1663.png 768w, https:\/\/serveiseducatius.xtec.cat\/baixemporda\/wp-content\/uploads\/usu1155\/2023\/11\/Cuina-709x1536.png 709w, https:\/\/serveiseducatius.xtec.cat\/baixemporda\/wp-content\/uploads\/usu1155\/2023\/11\/Cuina-946x2048.png 946w, https:\/\/serveiseducatius.xtec.cat\/baixemporda\/wp-content\/uploads\/usu1155\/2023\/11\/Cuina.png 1875w\" sizes=\"auto, (max-width: 230px) 100vw, 230px\" \/><\/a><\/p>\n","protected":false},"excerpt":{"rendered":"<p>&nbsp; El Consell Comarcal del Baix Empord\u00e0 presenta l\u2019aplicaci\u00f3 m\u00f2bil \u201cGurmet del mar\u201d. Aquesta t\u00e9 l\u2019objectiu de promoure i sensibilitzar sobre la import\u00e0ncia del consum de peix de proximitat, aix\u00ed com de donar visibilitat al producte local del territori, i afavorir el coneixement de les esp\u00e8cies entre els m\u00e9s joves. L\u2019aplicaci\u00f3 \u00e9s un joc pensat [&hellip;]<\/p>\n","protected":false},"author":1,"featured_media":15041,"comment_status":"closed","ping_status":"closed","sticky":false,"template":"","format":"standard","meta":{"_bbp_topic_count":0,"_bbp_reply_count":0,"_bbp_total_topic_count":0,"_bbp_total_reply_count":0,"_bbp_voice_count":0,"_bbp_anonymous_reply_count":0,"_bbp_topic_count_hidden":0,"_bbp_reply_count_hidden":0,"_bbp_forum_subforum_count":0,"site-sidebar-layout":"default","site-content-layout":"","ast-site-content-layout":"","site-content-style":"default","site-sidebar-style":"default","ast-global-header-display":"","ast-banner-title-visibility":"","ast-main-header-display":"","ast-hfb-above-header-display":"","ast-hfb-below-header-display":"","ast-hfb-mobile-header-display":"","site-post-title":"","ast-breadcrumbs-content":"","ast-featured-img":"","footer-sml-layout":"","theme-transparent-header-meta":"","adv-header-id-meta":"","stick-header-meta":"","header-above-stick-meta":"","header-main-stick-meta":"","header-below-stick-meta":"","astra-migrate-meta-layouts":"default","ast-page-background-enabled":"default","ast-page-background-meta":{"desktop":{"background-color":"var(--ast-global-color-4)","background-image":"","background-repeat":"repeat","background-position":"center center","background-size":"auto","background-attachment":"scroll","background-type":"","background-media":"","overlay-type":"","overlay-color":"","overlay-opacity":"","overlay-gradient":""},"tablet":{"background-color":"","background-image":"","background-repeat":"repeat","background-position":"center center","background-size":"auto","background-attachment":"scroll","background-type":"","background-media":"","overlay-type":"","overlay-color":"","overlay-opacity":"","overlay-gradient":""},"mobile":{"background-color":"","background-image":"","background-repeat":"repeat","background-position":"center center","background-size":"auto","background-attachment":"scroll","background-type":"","background-media":"","overlay-type":"","overlay-color":"","overlay-opacity":"","overlay-gradient":""}},"ast-content-background-meta":{"desktop":{"background-color":"var(--ast-global-color-5)","background-image":"","background-repeat":"repeat","background-position":"center center","background-size":"auto","background-attachment":"scroll","background-type":"","background-media":"","overlay-type":"","overlay-color":"","overlay-opacity":"","overlay-gradient":""},"tablet":{"background-color":"var(--ast-global-color-5)","background-image":"","background-repeat":"repeat","background-position":"center center","background-size":"auto","background-attachment":"scroll","background-type":"","background-media":"","overlay-type":"","overlay-color":"","overlay-opacity":"","overlay-gradient":""},"mobile":{"background-color":"var(--ast-global-color-5)","background-image":"","background-repeat":"repeat","background-position":"center center","background-size":"auto","background-attachment":"scroll","background-type":"","background-media":"","overlay-type":"","overlay-color":"","overlay-opacity":"","overlay-gradient":""}},"footnotes":""},"categories":[65,1,297,29],"tags":[473],"class_list":["post-15034","post","type-post","status-publish","format-standard","has-post-thumbnail","hentry","category-crp","category-general","category-novetats-comunitat","category-portada","tag-curs-23-24"],"post_mailing_queue_ids":[],"_links":{"self":[{"href":"https:\/\/serveiseducatius.xtec.cat\/baixemporda\/wp-json\/wp\/v2\/posts\/15034","targetHints":{"allow":["GET"]}}],"collection":[{"href":"https:\/\/serveiseducatius.xtec.cat\/baixemporda\/wp-json\/wp\/v2\/posts"}],"about":[{"href":"https:\/\/serveiseducatius.xtec.cat\/baixemporda\/wp-json\/wp\/v2\/types\/post"}],"author":[{"embeddable":true,"href":"https:\/\/serveiseducatius.xtec.cat\/baixemporda\/wp-json\/wp\/v2\/users\/1"}],"replies":[{"embeddable":true,"href":"https:\/\/serveiseducatius.xtec.cat\/baixemporda\/wp-json\/wp\/v2\/comments?post=15034"}],"version-history":[{"count":6,"href":"https:\/\/serveiseducatius.xtec.cat\/baixemporda\/wp-json\/wp\/v2\/posts\/15034\/revisions"}],"predecessor-version":[{"id":15106,"href":"https:\/\/serveiseducatius.xtec.cat\/baixemporda\/wp-json\/wp\/v2\/posts\/15034\/revisions\/15106"}],"wp:featuredmedia":[{"embeddable":true,"href":"https:\/\/serveiseducatius.xtec.cat\/baixemporda\/wp-json\/wp\/v2\/media\/15041"}],"wp:attachment":[{"href":"https:\/\/serveiseducatius.xtec.cat\/baixemporda\/wp-json\/wp\/v2\/media?parent=15034"}],"wp:term":[{"taxonomy":"category","embeddable":true,"href":"https:\/\/serveiseducatius.xtec.cat\/baixemporda\/wp-json\/wp\/v2\/categories?post=15034"},{"taxonomy":"post_tag","embeddable":true,"href":"https:\/\/serveiseducatius.xtec.cat\/baixemporda\/wp-json\/wp\/v2\/tags?post=15034"}],"curies":[{"name":"wp","href":"https:\/\/api.w.org\/{rel}","templated":true}]}}