{"id":14997,"date":"2023-11-03T10:51:50","date_gmt":"2023-11-03T09:51:50","guid":{"rendered":"https:\/\/serveiseducatius.xtec.cat\/baixemporda\/?p=14997"},"modified":"2023-11-03T10:51:50","modified_gmt":"2023-11-03T09:51:50","slug":"ponencia-perspectiva-de-genere-en-la-prevencio-i-abordatge-de-les-violencies-masclistes-a-la-bisbal-demporda","status":"publish","type":"post","link":"https:\/\/serveiseducatius.xtec.cat\/baixemporda\/general\/ponencia-perspectiva-de-genere-en-la-prevencio-i-abordatge-de-les-violencies-masclistes-a-la-bisbal-demporda\/","title":{"rendered":"Pon\u00e8ncia perspectiva de g\u00e8nere en la prevenci\u00f3 i abordatge de les viol\u00e8ncies masclistes a La Bisbal d&#8217;Empord\u00e0"},"content":{"rendered":"<p><a href=\"https:\/\/serveiseducatius.xtec.cat\/baixemporda\/wp-content\/uploads\/usu1155\/2023\/11\/Ponencia-22-Novembre-25N.jpg\"><img loading=\"lazy\" decoding=\"async\" class=\"wp-image-14998 aligncenter\" src=\"https:\/\/serveiseducatius.xtec.cat\/baixemporda\/wp-content\/uploads\/usu1155\/2023\/11\/Ponencia-22-Novembre-25N-724x1024.jpg\" alt=\"\" width=\"587\" height=\"830\" srcset=\"https:\/\/serveiseducatius.xtec.cat\/baixemporda\/wp-content\/uploads\/usu1155\/2023\/11\/Ponencia-22-Novembre-25N-724x1024.jpg 724w, https:\/\/serveiseducatius.xtec.cat\/baixemporda\/wp-content\/uploads\/usu1155\/2023\/11\/Ponencia-22-Novembre-25N-212x300.jpg 212w, https:\/\/serveiseducatius.xtec.cat\/baixemporda\/wp-content\/uploads\/usu1155\/2023\/11\/Ponencia-22-Novembre-25N-768x1086.jpg 768w, https:\/\/serveiseducatius.xtec.cat\/baixemporda\/wp-content\/uploads\/usu1155\/2023\/11\/Ponencia-22-Novembre-25N-1086x1536.jpg 1086w, https:\/\/serveiseducatius.xtec.cat\/baixemporda\/wp-content\/uploads\/usu1155\/2023\/11\/Ponencia-22-Novembre-25N.jpg 1131w\" sizes=\"auto, (max-width: 587px) 100vw, 587px\" \/><\/a><\/p>\n<p style=\"font-weight: 400; text-align: justify;\">En el marc des les jornades sobre el\u00a0<strong>25 de Novembre, Dia Internacional per l&#8217;Erradicaci\u00f3 de la Viol\u00e8ncia vers les Dones<\/strong>, organitzades per l&#8217;Ajuntament de La Bisbal de l&#8217;Empord\u00e0, des del SIAD del Consell Comarcal del Baix Empord\u00e0 ens plau convidar-vos a participar a una pon\u00e8ncia per exposar la import\u00e0ncia de la perspectiva de g\u00e8nere en la prevenci\u00f3 i abordatge de les viol\u00e8ncies masclistes. Els continguts de la pon\u00e8ncia giraran entorn del context i g\u00e8nere, micromasclismes, perspectiva i intensitat de la viol\u00e8ncia i solucions a l&#8217;estructura i superestructura.<\/p>\n<p style=\"font-weight: 400; text-align: justify;\">La pon\u00e8ncia va dirigida a tot l&#8217;equip t\u00e8cnic i tota la plantilla de la comarca del Baix Empord\u00e0 que treballa per fomentar la igualtat entre les persones i que vetllen pel seu benestar i els seus drets. Ser\u00e0 tamb\u00e9 una bona oportunitat d&#8217;interacci\u00f3 pels i les professionals dels diferents territoris de la comarca.<\/p>\n<p style=\"font-weight: 400; text-align: justify;\">La pon\u00e8ncia anir\u00e0 a c\u00e0rrec de M\u00f2nica Utrera, directiva i docent en direcci\u00f3 de persones i organitzaci\u00f3, aix\u00ed com conferenciant motivacional i executive coach. \u00c9s la presidenta de Nos-Otras, una associaci\u00f3 de dones directives que lideren i generen espais de transformaci\u00f3 per construir un m\u00f3n m\u00e9s equitatiu i inclusiu.<\/p>\n<p style=\"font-weight: 400; text-align: justify;\">La pon\u00e8ncia es realitzar\u00e0\u00a0<strong>el dimecres 22 de novembre, de 12 a 13h, al Teatre Mundial<\/strong>\u00a0(Passeig Marimon Asprer, La Bisbal d&#8217;Empord\u00e0). Un cop finalitzada es far\u00e0 un piscolabis al vest\u00edbul fins les 14h.<\/p>\n<p style=\"font-weight: 400; text-align: justify;\">L&#8217;aforament \u00e9s limitat, us agrairem que confirm\u00e9ssiu la vostra assist\u00e8ncia al correu NLleal@baixemporda.cat abans del 13 de novembre.<\/p>\n","protected":false},"excerpt":{"rendered":"<p>En el marc des les jornades sobre el\u00a025 de Novembre, Dia Internacional per l&#8217;Erradicaci\u00f3 de la Viol\u00e8ncia vers les Dones, organitzades per l&#8217;Ajuntament de La Bisbal de l&#8217;Empord\u00e0, des del SIAD del Consell Comarcal del Baix Empord\u00e0 ens plau convidar-vos a participar a una pon\u00e8ncia per exposar la import\u00e0ncia de la perspectiva de g\u00e8nere en [&hellip;]<\/p>\n","protected":false},"author":1,"featured_media":14998,"comment_status":"closed","ping_status":"closed","sticky":false,"template":"","format":"standard","meta":{"_bbp_topic_count":0,"_bbp_reply_count":0,"_bbp_total_topic_count":0,"_bbp_total_reply_count":0,"_bbp_voice_count":0,"_bbp_anonymous_reply_count":0,"_bbp_topic_count_hidden":0,"_bbp_reply_count_hidden":0,"_bbp_forum_subforum_count":0,"site-sidebar-layout":"default","site-content-layout":"","ast-site-content-layout":"","site-content-style":"default","site-sidebar-style":"default","ast-global-header-display":"","ast-banner-title-visibility":"","ast-main-header-display":"","ast-hfb-above-header-display":"","ast-hfb-below-header-display":"","ast-hfb-mobile-header-display":"","site-post-title":"","ast-breadcrumbs-content":"","ast-featured-img":"","footer-sml-layout":"","theme-transparent-header-meta":"","adv-header-id-meta":"","stick-header-meta":"","header-above-stick-meta":"","header-main-stick-meta":"","header-below-stick-meta":"","astra-migrate-meta-layouts":"default","ast-page-background-enabled":"default","ast-page-background-meta":{"desktop":{"background-color":"var(--ast-global-color-4)","background-image":"","background-repeat":"repeat","background-position":"center center","background-size":"auto","background-attachment":"scroll","background-type":"","background-media":"","overlay-type":"","overlay-color":"","overlay-opacity":"","overlay-gradient":""},"tablet":{"background-color":"","background-image":"","background-repeat":"repeat","background-position":"center center","background-size":"auto","background-attachment":"scroll","background-type":"","background-media":"","overlay-type":"","overlay-color":"","overlay-opacity":"","overlay-gradient":""},"mobile":{"background-color":"","background-image":"","background-repeat":"repeat","background-position":"center center","background-size":"auto","background-attachment":"scroll","background-type":"","background-media":"","overlay-type":"","overlay-color":"","overlay-opacity":"","overlay-gradient":""}},"ast-content-background-meta":{"desktop":{"background-color":"var(--ast-global-color-5)","background-image":"","background-repeat":"repeat","background-position":"center center","background-size":"auto","background-attachment":"scroll","background-type":"","background-media":"","overlay-type":"","overlay-color":"","overlay-opacity":"","overlay-gradient":""},"tablet":{"background-color":"var(--ast-global-color-5)","background-image":"","background-repeat":"repeat","background-position":"center center","background-size":"auto","background-attachment":"scroll","background-type":"","background-media":"","overlay-type":"","overlay-color":"","overlay-opacity":"","overlay-gradient":""},"mobile":{"background-color":"var(--ast-global-color-5)","background-image":"","background-repeat":"repeat","background-position":"center center","background-size":"auto","background-attachment":"scroll","background-type":"","background-media":"","overlay-type":"","overlay-color":"","overlay-opacity":"","overlay-gradient":""}},"footnotes":""},"categories":[65,1,296,29],"tags":[473],"class_list":["post-14997","post","type-post","status-publish","format-standard","has-post-thumbnail","hentry","category-crp","category-general","category-novetats-dinamitzacio","category-portada","tag-curs-23-24"],"post_mailing_queue_ids":[],"_links":{"self":[{"href":"https:\/\/serveiseducatius.xtec.cat\/baixemporda\/wp-json\/wp\/v2\/posts\/14997","targetHints":{"allow":["GET"]}}],"collection":[{"href":"https:\/\/serveiseducatius.xtec.cat\/baixemporda\/wp-json\/wp\/v2\/posts"}],"about":[{"href":"https:\/\/serveiseducatius.xtec.cat\/baixemporda\/wp-json\/wp\/v2\/types\/post"}],"author":[{"embeddable":true,"href":"https:\/\/serveiseducatius.xtec.cat\/baixemporda\/wp-json\/wp\/v2\/users\/1"}],"replies":[{"embeddable":true,"href":"https:\/\/serveiseducatius.xtec.cat\/baixemporda\/wp-json\/wp\/v2\/comments?post=14997"}],"version-history":[{"count":1,"href":"https:\/\/serveiseducatius.xtec.cat\/baixemporda\/wp-json\/wp\/v2\/posts\/14997\/revisions"}],"predecessor-version":[{"id":14999,"href":"https:\/\/serveiseducatius.xtec.cat\/baixemporda\/wp-json\/wp\/v2\/posts\/14997\/revisions\/14999"}],"wp:featuredmedia":[{"embeddable":true,"href":"https:\/\/serveiseducatius.xtec.cat\/baixemporda\/wp-json\/wp\/v2\/media\/14998"}],"wp:attachment":[{"href":"https:\/\/serveiseducatius.xtec.cat\/baixemporda\/wp-json\/wp\/v2\/media?parent=14997"}],"wp:term":[{"taxonomy":"category","embeddable":true,"href":"https:\/\/serveiseducatius.xtec.cat\/baixemporda\/wp-json\/wp\/v2\/categories?post=14997"},{"taxonomy":"post_tag","embeddable":true,"href":"https:\/\/serveiseducatius.xtec.cat\/baixemporda\/wp-json\/wp\/v2\/tags?post=14997"}],"curies":[{"name":"wp","href":"https:\/\/api.w.org\/{rel}","templated":true}]}}