{"id":14136,"date":"2023-01-31T10:27:02","date_gmt":"2023-01-31T09:27:02","guid":{"rendered":"https:\/\/serveiseducatius.xtec.cat\/baixemporda\/?p=14136"},"modified":"2023-01-31T10:27:02","modified_gmt":"2023-01-31T09:27:02","slug":"1a-jornada-deducacio-i-literatura-infantil-i-juvenil-a-la-garrotxa","status":"publish","type":"post","link":"https:\/\/serveiseducatius.xtec.cat\/baixemporda\/general\/1a-jornada-deducacio-i-literatura-infantil-i-juvenil-a-la-garrotxa\/","title":{"rendered":"1a Jornada d&#8217;educaci\u00f3 i literatura infantil i juvenil a la Garrotxa"},"content":{"rendered":"<p><a href=\"https:\/\/serveiseducatius.xtec.cat\/baixemporda\/wp-content\/uploads\/usu1155\/2023\/01\/a3899091-4b79-4e9b-8104-f4383d470cfa.png\"><img loading=\"lazy\" decoding=\"async\" class=\"aligncenter  wp-image-14137\" src=\"https:\/\/serveiseducatius.xtec.cat\/baixemporda\/wp-content\/uploads\/usu1155\/2023\/01\/a3899091-4b79-4e9b-8104-f4383d470cfa.png\" alt=\"\" width=\"489\" height=\"703\" srcset=\"https:\/\/serveiseducatius.xtec.cat\/baixemporda\/wp-content\/uploads\/usu1155\/2023\/01\/a3899091-4b79-4e9b-8104-f4383d470cfa.png 623w, https:\/\/serveiseducatius.xtec.cat\/baixemporda\/wp-content\/uploads\/usu1155\/2023\/01\/a3899091-4b79-4e9b-8104-f4383d470cfa-209x300.png 209w\" sizes=\"auto, (max-width: 489px) 100vw, 489px\" \/><\/a><\/p>\n<div>\n<p style=\"text-align: justify;\">El proper <strong>dijous 2 de mar\u00e7<\/strong> de <strong>17 a 20.30h<\/strong> es portar\u00e0 a terme la <strong>I JORNADA D&#8217;EDUCACI\u00d3 I LITERATURA INFANTIL I JUVENIL A LA GARROTXA<\/strong> organitzada per l\u2019\u00c0rea de Cultura i Educaci\u00f3 de l\u2019Ajuntament d\u2019Olot, la biblioteca Mari\u00e0 Vayreda d\u2019Olot i el Servei Educatiu de la Garrotxa. La Jornada tindr\u00e0 lloc en diferents espais de la ciutat, com ara la Sala Tor\u00edn, l\u2019Arxiu Comarcal de la Garrotxa i la Sala Bufador de l\u2019Espai Cr\u00e0ter. L\u2019objectiu d\u2019aquesta primera edici\u00f3 \u00e9s donar recursos educatius al professorat i equips de mediaci\u00f3 lectora per a la formaci\u00f3 lectora a les etapes d&#8217;Educaci\u00f3 Infantil i B\u00e0sica (prim\u00e0ria \u2013 secund\u00e0ria).<\/p>\n<p style=\"text-align: justify;\">Per inscriure-us cliqueu <a href=\"https:\/\/serveiseducatius.xtec.cat\/garrotxa\/general\/i-jornada-deducacio-i-literatura-infantil-i-juvenil-a-la-garrotxa\/\" target=\"_blank\" rel=\"noopener\">AQU\u00cd<\/a>.<\/p>\n<\/div>\n","protected":false},"excerpt":{"rendered":"<p>El proper dijous 2 de mar\u00e7 de 17 a 20.30h es portar\u00e0 a terme la I JORNADA D&#8217;EDUCACI\u00d3 I LITERATURA INFANTIL I JUVENIL A LA GARROTXA organitzada per l\u2019\u00c0rea de Cultura i Educaci\u00f3 de l\u2019Ajuntament d\u2019Olot, la biblioteca Mari\u00e0 Vayreda d\u2019Olot i el Servei Educatiu de la Garrotxa. La Jornada tindr\u00e0 lloc en diferents espais [&hellip;]<\/p>\n","protected":false},"author":1,"featured_media":14137,"comment_status":"closed","ping_status":"closed","sticky":false,"template":"","format":"standard","meta":{"_bbp_topic_count":0,"_bbp_reply_count":0,"_bbp_total_topic_count":0,"_bbp_total_reply_count":0,"_bbp_voice_count":0,"_bbp_anonymous_reply_count":0,"_bbp_topic_count_hidden":0,"_bbp_reply_count_hidden":0,"_bbp_forum_subforum_count":0,"site-sidebar-layout":"default","site-content-layout":"","ast-site-content-layout":"","site-content-style":"default","site-sidebar-style":"default","ast-global-header-display":"","ast-banner-title-visibility":"","ast-main-header-display":"","ast-hfb-above-header-display":"","ast-hfb-below-header-display":"","ast-hfb-mobile-header-display":"","site-post-title":"","ast-breadcrumbs-content":"","ast-featured-img":"","footer-sml-layout":"","theme-transparent-header-meta":"","adv-header-id-meta":"","stick-header-meta":"","header-above-stick-meta":"","header-main-stick-meta":"","header-below-stick-meta":"","astra-migrate-meta-layouts":"default","ast-page-background-enabled":"default","ast-page-background-meta":{"desktop":{"background-color":"var(--ast-global-color-4)","background-image":"","background-repeat":"repeat","background-position":"center center","background-size":"auto","background-attachment":"scroll","background-type":"","background-media":"","overlay-type":"","overlay-color":"","overlay-opacity":"","overlay-gradient":""},"tablet":{"background-color":"","background-image":"","background-repeat":"repeat","background-position":"center center","background-size":"auto","background-attachment":"scroll","background-type":"","background-media":"","overlay-type":"","overlay-color":"","overlay-opacity":"","overlay-gradient":""},"mobile":{"background-color":"","background-image":"","background-repeat":"repeat","background-position":"center center","background-size":"auto","background-attachment":"scroll","background-type":"","background-media":"","overlay-type":"","overlay-color":"","overlay-opacity":"","overlay-gradient":""}},"ast-content-background-meta":{"desktop":{"background-color":"var(--ast-global-color-5)","background-image":"","background-repeat":"repeat","background-position":"center center","background-size":"auto","background-attachment":"scroll","background-type":"","background-media":"","overlay-type":"","overlay-color":"","overlay-opacity":"","overlay-gradient":""},"tablet":{"background-color":"var(--ast-global-color-5)","background-image":"","background-repeat":"repeat","background-position":"center center","background-size":"auto","background-attachment":"scroll","background-type":"","background-media":"","overlay-type":"","overlay-color":"","overlay-opacity":"","overlay-gradient":""},"mobile":{"background-color":"var(--ast-global-color-5)","background-image":"","background-repeat":"repeat","background-position":"center center","background-size":"auto","background-attachment":"scroll","background-type":"","background-media":"","overlay-type":"","overlay-color":"","overlay-opacity":"","overlay-gradient":""}},"footnotes":""},"categories":[65,1,296,29],"tags":[425],"class_list":["post-14136","post","type-post","status-publish","format-standard","has-post-thumbnail","hentry","category-crp","category-general","category-novetats-dinamitzacio","category-portada","tag-curs-22-23"],"post_mailing_queue_ids":[],"_links":{"self":[{"href":"https:\/\/serveiseducatius.xtec.cat\/baixemporda\/wp-json\/wp\/v2\/posts\/14136","targetHints":{"allow":["GET"]}}],"collection":[{"href":"https:\/\/serveiseducatius.xtec.cat\/baixemporda\/wp-json\/wp\/v2\/posts"}],"about":[{"href":"https:\/\/serveiseducatius.xtec.cat\/baixemporda\/wp-json\/wp\/v2\/types\/post"}],"author":[{"embeddable":true,"href":"https:\/\/serveiseducatius.xtec.cat\/baixemporda\/wp-json\/wp\/v2\/users\/1"}],"replies":[{"embeddable":true,"href":"https:\/\/serveiseducatius.xtec.cat\/baixemporda\/wp-json\/wp\/v2\/comments?post=14136"}],"version-history":[{"count":1,"href":"https:\/\/serveiseducatius.xtec.cat\/baixemporda\/wp-json\/wp\/v2\/posts\/14136\/revisions"}],"predecessor-version":[{"id":14138,"href":"https:\/\/serveiseducatius.xtec.cat\/baixemporda\/wp-json\/wp\/v2\/posts\/14136\/revisions\/14138"}],"wp:featuredmedia":[{"embeddable":true,"href":"https:\/\/serveiseducatius.xtec.cat\/baixemporda\/wp-json\/wp\/v2\/media\/14137"}],"wp:attachment":[{"href":"https:\/\/serveiseducatius.xtec.cat\/baixemporda\/wp-json\/wp\/v2\/media?parent=14136"}],"wp:term":[{"taxonomy":"category","embeddable":true,"href":"https:\/\/serveiseducatius.xtec.cat\/baixemporda\/wp-json\/wp\/v2\/categories?post=14136"},{"taxonomy":"post_tag","embeddable":true,"href":"https:\/\/serveiseducatius.xtec.cat\/baixemporda\/wp-json\/wp\/v2\/tags?post=14136"}],"curies":[{"name":"wp","href":"https:\/\/api.w.org\/{rel}","templated":true}]}}