{"id":14034,"date":"2023-03-06T08:40:55","date_gmt":"2023-03-06T07:40:55","guid":{"rendered":"https:\/\/serveiseducatius.xtec.cat\/baixemporda\/?p=14034"},"modified":"2023-03-23T10:12:19","modified_gmt":"2023-03-23T09:12:19","slug":"videoconferencia-xarxes-socials-i-adolescents-alba-castellvi","status":"publish","type":"post","link":"https:\/\/serveiseducatius.xtec.cat\/baixemporda\/general\/videoconferencia-xarxes-socials-i-adolescents-alba-castellvi\/","title":{"rendered":"Videoconfer\u00e8ncia Xarxes socials i adolescents. Alba Castellv\u00ed."},"content":{"rendered":"<p><a href=\"https:\/\/serveiseducatius.xtec.cat\/baixemporda\/wp-content\/uploads\/usu1155\/2023\/01\/CONFERENCIA-02-03-23-2022-2023.png\"><img loading=\"lazy\" decoding=\"async\" class=\"aligncenter wp-image-14059\" src=\"https:\/\/serveiseducatius.xtec.cat\/baixemporda\/wp-content\/uploads\/usu1155\/2023\/01\/CONFERENCIA-02-03-23-2022-2023-1024x1024.png\" alt=\"\" width=\"534\" height=\"534\" srcset=\"https:\/\/serveiseducatius.xtec.cat\/baixemporda\/wp-content\/uploads\/usu1155\/2023\/01\/CONFERENCIA-02-03-23-2022-2023-1024x1024.png 1024w, https:\/\/serveiseducatius.xtec.cat\/baixemporda\/wp-content\/uploads\/usu1155\/2023\/01\/CONFERENCIA-02-03-23-2022-2023-300x300.png 300w, https:\/\/serveiseducatius.xtec.cat\/baixemporda\/wp-content\/uploads\/usu1155\/2023\/01\/CONFERENCIA-02-03-23-2022-2023-150x150.png 150w, https:\/\/serveiseducatius.xtec.cat\/baixemporda\/wp-content\/uploads\/usu1155\/2023\/01\/CONFERENCIA-02-03-23-2022-2023-768x768.png 768w, https:\/\/serveiseducatius.xtec.cat\/baixemporda\/wp-content\/uploads\/usu1155\/2023\/01\/CONFERENCIA-02-03-23-2022-2023-1536x1536.png 1536w, https:\/\/serveiseducatius.xtec.cat\/baixemporda\/wp-content\/uploads\/usu1155\/2023\/01\/CONFERENCIA-02-03-23-2022-2023.png 2000w\" sizes=\"auto, (max-width: 534px) 100vw, 534px\" \/><\/a><\/p>\n<p style=\"text-align: justify;\">El dijous 2 de mar\u00e7 va tenir\u00a0lloc la videoconfer\u00e8ncia &#8220;<strong>Xarxes socials i adolescents<\/strong>&#8221; a c\u00e0rrec de l&#8217;<strong>Alba Castellv\u00ed<\/strong>, educadora, soci\u00f2loga i mediadora de conflictes. Es va abordar com reflexionar-hi i com adquirir eines pr\u00e0ctiques perqu\u00e8 no se&#8217;n faci un ab\u00fas, ja que cada vegada ocupen m\u00e9s temps.<\/p>\n<p style=\"text-align: justify;\">Us enllacem la <a href=\"https:\/\/docs.google.com\/presentation\/d\/1wmyerDSa5zyx4R-3YyLzIpnp-sFb-FsxBf6sj6JK8hw\/present?slide=id.gb978d5b5c2_0_35\" target=\"_blank\" rel=\"noopener\">presentaci\u00f3<\/a> que va fer servir per si us \u00e9s d&#8217;utilitat i tamb\u00e9 el <a href=\"https:\/\/drive.google.com\/file\/d\/1F3CkWgxiNhEEt-MjmRjy2UhIktWOQp3R\/view?usp=sharing\" target=\"_blank\" rel=\"noopener\">contracte<\/a> per l&#8217;\u00fas del m\u00f2bil que va comentar.<\/p>\n","protected":false},"excerpt":{"rendered":"<p>El dijous 2 de mar\u00e7 va tenir\u00a0lloc la videoconfer\u00e8ncia &#8220;Xarxes socials i adolescents&#8221; a c\u00e0rrec de l&#8217;Alba Castellv\u00ed, educadora, soci\u00f2loga i mediadora de conflictes. Es va abordar com reflexionar-hi i com adquirir eines pr\u00e0ctiques perqu\u00e8 no se&#8217;n faci un ab\u00fas, ja que cada vegada ocupen m\u00e9s temps. Us enllacem la presentaci\u00f3 que va fer servir [&hellip;]<\/p>\n","protected":false},"author":1,"featured_media":14059,"comment_status":"closed","ping_status":"closed","sticky":false,"template":"","format":"standard","meta":{"_bbp_topic_count":0,"_bbp_reply_count":0,"_bbp_total_topic_count":0,"_bbp_total_reply_count":0,"_bbp_voice_count":0,"_bbp_anonymous_reply_count":0,"_bbp_topic_count_hidden":0,"_bbp_reply_count_hidden":0,"_bbp_forum_subforum_count":0,"site-sidebar-layout":"default","site-content-layout":"","ast-site-content-layout":"","site-content-style":"default","site-sidebar-style":"default","ast-global-header-display":"","ast-banner-title-visibility":"","ast-main-header-display":"","ast-hfb-above-header-display":"","ast-hfb-below-header-display":"","ast-hfb-mobile-header-display":"","site-post-title":"","ast-breadcrumbs-content":"","ast-featured-img":"","footer-sml-layout":"","theme-transparent-header-meta":"","adv-header-id-meta":"","stick-header-meta":"","header-above-stick-meta":"","header-main-stick-meta":"","header-below-stick-meta":"","astra-migrate-meta-layouts":"default","ast-page-background-enabled":"default","ast-page-background-meta":{"desktop":{"background-color":"var(--ast-global-color-4)","background-image":"","background-repeat":"repeat","background-position":"center center","background-size":"auto","background-attachment":"scroll","background-type":"","background-media":"","overlay-type":"","overlay-color":"","overlay-opacity":"","overlay-gradient":""},"tablet":{"background-color":"","background-image":"","background-repeat":"repeat","background-position":"center center","background-size":"auto","background-attachment":"scroll","background-type":"","background-media":"","overlay-type":"","overlay-color":"","overlay-opacity":"","overlay-gradient":""},"mobile":{"background-color":"","background-image":"","background-repeat":"repeat","background-position":"center center","background-size":"auto","background-attachment":"scroll","background-type":"","background-media":"","overlay-type":"","overlay-color":"","overlay-opacity":"","overlay-gradient":""}},"ast-content-background-meta":{"desktop":{"background-color":"var(--ast-global-color-5)","background-image":"","background-repeat":"repeat","background-position":"center center","background-size":"auto","background-attachment":"scroll","background-type":"","background-media":"","overlay-type":"","overlay-color":"","overlay-opacity":"","overlay-gradient":""},"tablet":{"background-color":"var(--ast-global-color-5)","background-image":"","background-repeat":"repeat","background-position":"center center","background-size":"auto","background-attachment":"scroll","background-type":"","background-media":"","overlay-type":"","overlay-color":"","overlay-opacity":"","overlay-gradient":""},"mobile":{"background-color":"var(--ast-global-color-5)","background-image":"","background-repeat":"repeat","background-position":"center center","background-size":"auto","background-attachment":"scroll","background-type":"","background-media":"","overlay-type":"","overlay-color":"","overlay-opacity":"","overlay-gradient":""}},"footnotes":""},"categories":[65,1,299,29],"tags":[425],"class_list":["post-14034","post","type-post","status-publish","format-standard","has-post-thumbnail","hentry","category-crp","category-general","category-novform","category-portada","tag-curs-22-23"],"post_mailing_queue_ids":[],"_links":{"self":[{"href":"https:\/\/serveiseducatius.xtec.cat\/baixemporda\/wp-json\/wp\/v2\/posts\/14034","targetHints":{"allow":["GET"]}}],"collection":[{"href":"https:\/\/serveiseducatius.xtec.cat\/baixemporda\/wp-json\/wp\/v2\/posts"}],"about":[{"href":"https:\/\/serveiseducatius.xtec.cat\/baixemporda\/wp-json\/wp\/v2\/types\/post"}],"author":[{"embeddable":true,"href":"https:\/\/serveiseducatius.xtec.cat\/baixemporda\/wp-json\/wp\/v2\/users\/1"}],"replies":[{"embeddable":true,"href":"https:\/\/serveiseducatius.xtec.cat\/baixemporda\/wp-json\/wp\/v2\/comments?post=14034"}],"version-history":[{"count":3,"href":"https:\/\/serveiseducatius.xtec.cat\/baixemporda\/wp-json\/wp\/v2\/posts\/14034\/revisions"}],"predecessor-version":[{"id":14409,"href":"https:\/\/serveiseducatius.xtec.cat\/baixemporda\/wp-json\/wp\/v2\/posts\/14034\/revisions\/14409"}],"wp:featuredmedia":[{"embeddable":true,"href":"https:\/\/serveiseducatius.xtec.cat\/baixemporda\/wp-json\/wp\/v2\/media\/14059"}],"wp:attachment":[{"href":"https:\/\/serveiseducatius.xtec.cat\/baixemporda\/wp-json\/wp\/v2\/media?parent=14034"}],"wp:term":[{"taxonomy":"category","embeddable":true,"href":"https:\/\/serveiseducatius.xtec.cat\/baixemporda\/wp-json\/wp\/v2\/categories?post=14034"},{"taxonomy":"post_tag","embeddable":true,"href":"https:\/\/serveiseducatius.xtec.cat\/baixemporda\/wp-json\/wp\/v2\/tags?post=14034"}],"curies":[{"name":"wp","href":"https:\/\/api.w.org\/{rel}","templated":true}]}}