{"id":14014,"date":"2022-12-29T07:58:27","date_gmt":"2022-12-29T06:58:27","guid":{"rendered":"https:\/\/serveiseducatius.xtec.cat\/baixemporda\/?p=14014"},"modified":"2022-12-29T10:10:31","modified_gmt":"2022-12-29T09:10:31","slug":"formacions-en-linia-obertes-de-mesures-i-suports-universals","status":"publish","type":"post","link":"https:\/\/serveiseducatius.xtec.cat\/baixemporda\/general\/formacions-en-linia-obertes-de-mesures-i-suports-universals\/","title":{"rendered":"Formacions en l\u00ednia obertes de Mesures i suports universals"},"content":{"rendered":"<p><a href=\"https:\/\/projectes.xtec.cat\/educacioinclusiva\/portada\/mesures-i-suports-universals\/\" target=\"_blank\" rel=\"noopener\"><img loading=\"lazy\" decoding=\"async\" class=\"aligncenter size-full wp-image-14015\" src=\"https:\/\/serveiseducatius.xtec.cat\/baixemporda\/wp-content\/uploads\/usu1155\/2022\/12\/Iresum-mesures-207x300-1.jpg\" alt=\"\" width=\"207\" height=\"300\" \/><\/a><\/p>\n<p style=\"text-align: justify;\">Us informem de l\u2019oferta de\u00a0<strong>formaci\u00f3 de Mesures i suports universals<\/strong>\u00a0pels mesos de gener i febrer per a tots els professionals de Catalunya interessats. Aquesta formaci\u00f3 es fa en modalitat telem\u00e0tica i consta de 5 sessions s\u00edncrones.<\/p>\n<p style=\"text-align: justify;\">La formaci\u00f3 de mesures i suports t\u00e9 la finalitat d\u2019orientar als professionals per a la planificaci\u00f3 de les mesures i suports universals en els centres educatius.<\/p>\n<p style=\"text-align: justify;\">Aquets s\u00f3n els codis de les activitats proposades pel segon trimestres on podeu consultar les dates de les activitats:<\/p>\n<ul style=\"text-align: justify;\">\n<li><a href=\"https:\/\/aplicacions.gestioeducativa.gencat.cat\/pls\/soloas\/pk_for_mod_ins.p_for_pre_cons_activitats?p_any=2022-2023&amp;p_codi=6090510512\" target=\"_blank\" rel=\"noopener\">Codi 6090510512 Mesures i suports universals<\/a><\/li>\n<li><a href=\"https:\/\/aplicacions.gestioeducativa.gencat.cat\/pls\/soloas\/pk_for_mod_ins.p_for_pre_cons_activitats?p_any=2022-2023&amp;p_codi=7000030512\" target=\"_blank\" rel=\"noopener\">Codi 7000030512 Mesures i suports universals<\/a><\/li>\n<li><a href=\"https:\/\/aplicacions.gestioeducativa.gencat.cat\/pls\/soloas\/pk_for_mod_ins.p_for_pre_cons_activitats?p_any=2022-2023&amp;p_codi=8000650512\" target=\"_blank\" rel=\"noopener\">Codi 8000650512 Mesures i suports universals<\/a><\/li>\n<\/ul>\n<p style=\"text-align: justify;\">La formaci\u00f3 de Mesures i Suports Universals \u00e9s una activitat formativa que porten a terme les FEI, formadores d\u2019educaci\u00f3 inclusiva, a tots els Serveis Territorials i Consorci d\u2019Educaci\u00f3 de Barcelona, acompanyant a centres amb l\u2019objectiu de millorar la compet\u00e8ncia professional docent dissenyant actuacions en la l\u00ednia del Decret d\u2019Inclusi\u00f3 per tal d\u2019avan\u00e7ar cap a pol\u00edtiques, cultures i pr\u00e0ctiques inclusives i en la implementaci\u00f3 de mesures i suports universals en els centres educatius.<\/p>\n<p>Article publicat al <a href=\"https:\/\/projectes.xtec.cat\/educacioinclusiva\/general\/novetat-formacions-obertes-de-mesures-i-suports-universals\/\" target=\"_blank\" rel=\"noopener\">nodes d&#8217;Educaci\u00f3 Inclusiva<\/a>.<\/p>\n","protected":false},"excerpt":{"rendered":"<p>Us informem de l\u2019oferta de\u00a0formaci\u00f3 de Mesures i suports universals\u00a0pels mesos de gener i febrer per a tots els professionals de Catalunya interessats. Aquesta formaci\u00f3 es fa en modalitat telem\u00e0tica i consta de 5 sessions s\u00edncrones. La formaci\u00f3 de mesures i suports t\u00e9 la finalitat d\u2019orientar als professionals per a la planificaci\u00f3 de les mesures [&hellip;]<\/p>\n","protected":false},"author":1,"featured_media":14015,"comment_status":"closed","ping_status":"closed","sticky":false,"template":"","format":"standard","meta":{"_bbp_topic_count":0,"_bbp_reply_count":0,"_bbp_total_topic_count":0,"_bbp_total_reply_count":0,"_bbp_voice_count":0,"_bbp_anonymous_reply_count":0,"_bbp_topic_count_hidden":0,"_bbp_reply_count_hidden":0,"_bbp_forum_subforum_count":0,"site-sidebar-layout":"default","site-content-layout":"","ast-site-content-layout":"","site-content-style":"default","site-sidebar-style":"default","ast-global-header-display":"","ast-banner-title-visibility":"","ast-main-header-display":"","ast-hfb-above-header-display":"","ast-hfb-below-header-display":"","ast-hfb-mobile-header-display":"","site-post-title":"","ast-breadcrumbs-content":"","ast-featured-img":"","footer-sml-layout":"","theme-transparent-header-meta":"","adv-header-id-meta":"","stick-header-meta":"","header-above-stick-meta":"","header-main-stick-meta":"","header-below-stick-meta":"","astra-migrate-meta-layouts":"default","ast-page-background-enabled":"default","ast-page-background-meta":{"desktop":{"background-color":"var(--ast-global-color-4)","background-image":"","background-repeat":"repeat","background-position":"center center","background-size":"auto","background-attachment":"scroll","background-type":"","background-media":"","overlay-type":"","overlay-color":"","overlay-opacity":"","overlay-gradient":""},"tablet":{"background-color":"","background-image":"","background-repeat":"repeat","background-position":"center center","background-size":"auto","background-attachment":"scroll","background-type":"","background-media":"","overlay-type":"","overlay-color":"","overlay-opacity":"","overlay-gradient":""},"mobile":{"background-color":"","background-image":"","background-repeat":"repeat","background-position":"center center","background-size":"auto","background-attachment":"scroll","background-type":"","background-media":"","overlay-type":"","overlay-color":"","overlay-opacity":"","overlay-gradient":""}},"ast-content-background-meta":{"desktop":{"background-color":"var(--ast-global-color-5)","background-image":"","background-repeat":"repeat","background-position":"center center","background-size":"auto","background-attachment":"scroll","background-type":"","background-media":"","overlay-type":"","overlay-color":"","overlay-opacity":"","overlay-gradient":""},"tablet":{"background-color":"var(--ast-global-color-5)","background-image":"","background-repeat":"repeat","background-position":"center center","background-size":"auto","background-attachment":"scroll","background-type":"","background-media":"","overlay-type":"","overlay-color":"","overlay-opacity":"","overlay-gradient":""},"mobile":{"background-color":"var(--ast-global-color-5)","background-image":"","background-repeat":"repeat","background-position":"center center","background-size":"auto","background-attachment":"scroll","background-type":"","background-media":"","overlay-type":"","overlay-color":"","overlay-opacity":"","overlay-gradient":""}},"footnotes":""},"categories":[65,1,299,29],"tags":[425],"class_list":["post-14014","post","type-post","status-publish","format-standard","has-post-thumbnail","hentry","category-crp","category-general","category-novform","category-portada","tag-curs-22-23"],"post_mailing_queue_ids":[],"_links":{"self":[{"href":"https:\/\/serveiseducatius.xtec.cat\/baixemporda\/wp-json\/wp\/v2\/posts\/14014","targetHints":{"allow":["GET"]}}],"collection":[{"href":"https:\/\/serveiseducatius.xtec.cat\/baixemporda\/wp-json\/wp\/v2\/posts"}],"about":[{"href":"https:\/\/serveiseducatius.xtec.cat\/baixemporda\/wp-json\/wp\/v2\/types\/post"}],"author":[{"embeddable":true,"href":"https:\/\/serveiseducatius.xtec.cat\/baixemporda\/wp-json\/wp\/v2\/users\/1"}],"replies":[{"embeddable":true,"href":"https:\/\/serveiseducatius.xtec.cat\/baixemporda\/wp-json\/wp\/v2\/comments?post=14014"}],"version-history":[{"count":2,"href":"https:\/\/serveiseducatius.xtec.cat\/baixemporda\/wp-json\/wp\/v2\/posts\/14014\/revisions"}],"predecessor-version":[{"id":14017,"href":"https:\/\/serveiseducatius.xtec.cat\/baixemporda\/wp-json\/wp\/v2\/posts\/14014\/revisions\/14017"}],"wp:featuredmedia":[{"embeddable":true,"href":"https:\/\/serveiseducatius.xtec.cat\/baixemporda\/wp-json\/wp\/v2\/media\/14015"}],"wp:attachment":[{"href":"https:\/\/serveiseducatius.xtec.cat\/baixemporda\/wp-json\/wp\/v2\/media?parent=14014"}],"wp:term":[{"taxonomy":"category","embeddable":true,"href":"https:\/\/serveiseducatius.xtec.cat\/baixemporda\/wp-json\/wp\/v2\/categories?post=14014"},{"taxonomy":"post_tag","embeddable":true,"href":"https:\/\/serveiseducatius.xtec.cat\/baixemporda\/wp-json\/wp\/v2\/tags?post=14014"}],"curies":[{"name":"wp","href":"https:\/\/api.w.org\/{rel}","templated":true}]}}