{"id":13379,"date":"2022-09-09T14:03:58","date_gmt":"2022-09-09T12:03:58","guid":{"rendered":"https:\/\/serveiseducatius.xtec.cat\/baixemporda\/?p=13379"},"modified":"2022-09-09T14:03:58","modified_gmt":"2022-09-09T12:03:58","slug":"premi-alianza-steam-por-el-talento-femenino-ninas-en-pie-de-ciencia","status":"publish","type":"post","link":"https:\/\/serveiseducatius.xtec.cat\/baixemporda\/general\/premi-alianza-steam-por-el-talento-femenino-ninas-en-pie-de-ciencia\/","title":{"rendered":"Premi \u00abAlianza STEAM por el talento femenino, Ni\u00f1as en pie de ciencia\u00bb"},"content":{"rendered":"<p><a href=\"https:\/\/serveiseducatius.xtec.cat\/baixemporda\/wp-content\/uploads\/usu1155\/2022\/09\/carrusel-premiossteam.jpg-e1662724241954-1024x404-1.jpg\"><img loading=\"lazy\" decoding=\"async\" class=\"aligncenter  wp-image-13380\" src=\"https:\/\/serveiseducatius.xtec.cat\/baixemporda\/wp-content\/uploads\/usu1155\/2022\/09\/carrusel-premiossteam.jpg-e1662724241954-1024x404-1.jpg\" alt=\"\" width=\"820\" height=\"324\" srcset=\"https:\/\/serveiseducatius.xtec.cat\/baixemporda\/wp-content\/uploads\/usu1155\/2022\/09\/carrusel-premiossteam.jpg-e1662724241954-1024x404-1.jpg 1024w, https:\/\/serveiseducatius.xtec.cat\/baixemporda\/wp-content\/uploads\/usu1155\/2022\/09\/carrusel-premiossteam.jpg-e1662724241954-1024x404-1-300x118.jpg 300w, https:\/\/serveiseducatius.xtec.cat\/baixemporda\/wp-content\/uploads\/usu1155\/2022\/09\/carrusel-premiossteam.jpg-e1662724241954-1024x404-1-768x303.jpg 768w\" sizes=\"auto, (max-width: 820px) 100vw, 820px\" \/><\/a><\/p>\n<p style=\"text-align: justify;\">S\u2019ha obert convocat\u00f2ria dels premis\u00a0<a href=\"https:\/\/www.educacionyfp.gob.es\/ca\/servicios-al-ciudadano\/catalogo\/general\/28\/2894772\/ficha\/2894772-2022.html\" target=\"_blank\" rel=\"noopener\">\u00abAlianza STEAM por el talento femenino, Ni\u00f1as en pie de ciencia\u00bb 2022<\/a><\/p>\n<p style=\"text-align: justify;\">Descripci\u00f3:\u00a0Reconeixement de projectes educatius, materials curriculars i innovacions educatives o formatives que persegueixin l\u2019impuls de les vocacions de les nenes i les joves en les disciplines vinculades a les ci\u00e8ncies, la tecnologia, l\u2019enginyeria i les matem\u00e0tiques, en connexi\u00f3 amb les arts i les humanitats (STEAM) a l\u2019\u00e0mbit educatiu.<\/p>\n<p style=\"text-align: justify;\">Els projectes educatius, materials curriculars o innovacions educatives i formatives s\u2019han d\u2019haver realitzat durant els dos anys anteriors a aquesta convocat\u00f2ria i tenir repercussi\u00f3 en la teoria i\/o pr\u00e0ctica educativa o formativa.<\/p>\n<p style=\"text-align: justify;\"><strong>Modalitats<\/strong><br \/>\nPremi per a centres educatius d\u2019Educaci\u00f3 Infantil i Prim\u00e0ria.<br \/>\nPremi per a centres educatius d\u2019Educaci\u00f3 Secund\u00e0ria Obligat\u00f2ria i Batxillerat.<br \/>\nPremi per a centres educatius de formaci\u00f3 professional de grau mitj\u00e0.<br \/>\nPremi per a centres educatius de formaci\u00f3 professional de grau superior.<br \/>\nPremi per a entitats o organitzacions p\u00fabliques o privades.<\/p>\n<p style=\"text-align: justify;\"><strong>Destinataris<\/strong><br \/>\nCentres educatius d\u2019\u00e0mbit nacional, sostinguts amb fons p\u00fablics, que imparteixin ensenyaments no universitaris.<br \/>\nEntitats p\u00fabliques o privades sense \u00e0nim de lucre que tinguin entre els seus objectius el foment de les vocacions STEAM.<\/p>\n<p style=\"text-align: justify;\"><b>Premis:<\/b><\/p>\n<ul style=\"text-align: justify;\">\n<li>1r premi: 5000\u20ac<\/li>\n<li>2n premi: 3000\u20ac<\/li>\n<li>3r premi: 2000\u20ac<\/li>\n<\/ul>\n<p style=\"text-align: justify;\"><strong>Termini:\u00a0<\/strong>de l\u20191 de setembre al 7 d\u2019octubre de 2022<\/p>\n<p style=\"text-align: justify;\"><a href=\"https:\/\/www.educacionyfp.gob.es\/ca\/servicios-al-ciudadano\/catalogo\/general\/28\/2894772\/ficha\/2894772-2022.html\" target=\"_blank\" rel=\"noopener\">+ informaci\u00f3<\/a><\/p>\n","protected":false},"excerpt":{"rendered":"<p>S\u2019ha obert convocat\u00f2ria dels premis\u00a0\u00abAlianza STEAM por el talento femenino, Ni\u00f1as en pie de ciencia\u00bb 2022 Descripci\u00f3:\u00a0Reconeixement de projectes educatius, materials curriculars i innovacions educatives o formatives que persegueixin l\u2019impuls de les vocacions de les nenes i les joves en les disciplines vinculades a les ci\u00e8ncies, la tecnologia, l\u2019enginyeria i les matem\u00e0tiques, en connexi\u00f3 amb [&hellip;]<\/p>\n","protected":false},"author":1,"featured_media":13380,"comment_status":"closed","ping_status":"closed","sticky":false,"template":"","format":"standard","meta":{"_bbp_topic_count":0,"_bbp_reply_count":0,"_bbp_total_topic_count":0,"_bbp_total_reply_count":0,"_bbp_voice_count":0,"_bbp_anonymous_reply_count":0,"_bbp_topic_count_hidden":0,"_bbp_reply_count_hidden":0,"_bbp_forum_subforum_count":0,"site-sidebar-layout":"default","site-content-layout":"","ast-site-content-layout":"","site-content-style":"default","site-sidebar-style":"default","ast-global-header-display":"","ast-banner-title-visibility":"","ast-main-header-display":"","ast-hfb-above-header-display":"","ast-hfb-below-header-display":"","ast-hfb-mobile-header-display":"","site-post-title":"","ast-breadcrumbs-content":"","ast-featured-img":"","footer-sml-layout":"","theme-transparent-header-meta":"","adv-header-id-meta":"","stick-header-meta":"","header-above-stick-meta":"","header-main-stick-meta":"","header-below-stick-meta":"","astra-migrate-meta-layouts":"default","ast-page-background-enabled":"default","ast-page-background-meta":{"desktop":{"background-color":"var(--ast-global-color-4)","background-image":"","background-repeat":"repeat","background-position":"center center","background-size":"auto","background-attachment":"scroll","background-type":"","background-media":"","overlay-type":"","overlay-color":"","overlay-opacity":"","overlay-gradient":""},"tablet":{"background-color":"","background-image":"","background-repeat":"repeat","background-position":"center center","background-size":"auto","background-attachment":"scroll","background-type":"","background-media":"","overlay-type":"","overlay-color":"","overlay-opacity":"","overlay-gradient":""},"mobile":{"background-color":"","background-image":"","background-repeat":"repeat","background-position":"center center","background-size":"auto","background-attachment":"scroll","background-type":"","background-media":"","overlay-type":"","overlay-color":"","overlay-opacity":"","overlay-gradient":""}},"ast-content-background-meta":{"desktop":{"background-color":"var(--ast-global-color-5)","background-image":"","background-repeat":"repeat","background-position":"center center","background-size":"auto","background-attachment":"scroll","background-type":"","background-media":"","overlay-type":"","overlay-color":"","overlay-opacity":"","overlay-gradient":""},"tablet":{"background-color":"var(--ast-global-color-5)","background-image":"","background-repeat":"repeat","background-position":"center center","background-size":"auto","background-attachment":"scroll","background-type":"","background-media":"","overlay-type":"","overlay-color":"","overlay-opacity":"","overlay-gradient":""},"mobile":{"background-color":"var(--ast-global-color-5)","background-image":"","background-repeat":"repeat","background-position":"center center","background-size":"auto","background-attachment":"scroll","background-type":"","background-media":"","overlay-type":"","overlay-color":"","overlay-opacity":"","overlay-gradient":""}},"footnotes":""},"categories":[65,1,296,29],"tags":[425],"class_list":["post-13379","post","type-post","status-publish","format-standard","has-post-thumbnail","hentry","category-crp","category-general","category-novetats-dinamitzacio","category-portada","tag-curs-22-23"],"post_mailing_queue_ids":[],"_links":{"self":[{"href":"https:\/\/serveiseducatius.xtec.cat\/baixemporda\/wp-json\/wp\/v2\/posts\/13379","targetHints":{"allow":["GET"]}}],"collection":[{"href":"https:\/\/serveiseducatius.xtec.cat\/baixemporda\/wp-json\/wp\/v2\/posts"}],"about":[{"href":"https:\/\/serveiseducatius.xtec.cat\/baixemporda\/wp-json\/wp\/v2\/types\/post"}],"author":[{"embeddable":true,"href":"https:\/\/serveiseducatius.xtec.cat\/baixemporda\/wp-json\/wp\/v2\/users\/1"}],"replies":[{"embeddable":true,"href":"https:\/\/serveiseducatius.xtec.cat\/baixemporda\/wp-json\/wp\/v2\/comments?post=13379"}],"version-history":[{"count":1,"href":"https:\/\/serveiseducatius.xtec.cat\/baixemporda\/wp-json\/wp\/v2\/posts\/13379\/revisions"}],"predecessor-version":[{"id":13381,"href":"https:\/\/serveiseducatius.xtec.cat\/baixemporda\/wp-json\/wp\/v2\/posts\/13379\/revisions\/13381"}],"wp:featuredmedia":[{"embeddable":true,"href":"https:\/\/serveiseducatius.xtec.cat\/baixemporda\/wp-json\/wp\/v2\/media\/13380"}],"wp:attachment":[{"href":"https:\/\/serveiseducatius.xtec.cat\/baixemporda\/wp-json\/wp\/v2\/media?parent=13379"}],"wp:term":[{"taxonomy":"category","embeddable":true,"href":"https:\/\/serveiseducatius.xtec.cat\/baixemporda\/wp-json\/wp\/v2\/categories?post=13379"},{"taxonomy":"post_tag","embeddable":true,"href":"https:\/\/serveiseducatius.xtec.cat\/baixemporda\/wp-json\/wp\/v2\/tags?post=13379"}],"curies":[{"name":"wp","href":"https:\/\/api.w.org\/{rel}","templated":true}]}}