{"id":13163,"date":"2022-06-17T11:10:06","date_gmt":"2022-06-17T09:10:06","guid":{"rendered":"https:\/\/serveiseducatius.xtec.cat\/baixemporda\/?p=13163"},"modified":"2022-06-17T12:00:47","modified_gmt":"2022-06-17T10:00:47","slug":"capsules-audiovisuals-per-a-activitats-deducacio-per-la-pau-i-la-justicia-global-a-laula","status":"publish","type":"post","link":"https:\/\/serveiseducatius.xtec.cat\/baixemporda\/general\/capsules-audiovisuals-per-a-activitats-deducacio-per-la-pau-i-la-justicia-global-a-laula\/","title":{"rendered":"Cultura de pau a l&#8217;ESC Torres Jonama"},"content":{"rendered":"<p><a href=\"https:\/\/escolapau.uab.cat\/ca\/inicio\/\" target=\"_blank\" rel=\"noopener\"><img loading=\"lazy\" decoding=\"async\" class=\"aligncenter wp-image-13164\" src=\"https:\/\/serveiseducatius.xtec.cat\/baixemporda\/wp-content\/uploads\/usu1155\/2022\/06\/ECP.jpg\" alt=\"\" width=\"453\" height=\"168\" srcset=\"https:\/\/serveiseducatius.xtec.cat\/baixemporda\/wp-content\/uploads\/usu1155\/2022\/06\/ECP.jpg 900w, https:\/\/serveiseducatius.xtec.cat\/baixemporda\/wp-content\/uploads\/usu1155\/2022\/06\/ECP-300x111.jpg 300w, https:\/\/serveiseducatius.xtec.cat\/baixemporda\/wp-content\/uploads\/usu1155\/2022\/06\/ECP-768x285.jpg 768w\" sizes=\"auto, (max-width: 453px) 100vw, 453px\" \/><\/a><\/p>\n<p style=\"text-align: justify;\">L\u2019alumnat de 6\u00e8 de l\u2019<a href=\"https:\/\/agora.xtec.cat\/ceiptorresjonama-palafrugell\/\" target=\"_blank\" rel=\"noopener\">escola Torres Jonama<\/a> de Palafrugell ha estat treballant en un projecte sobre Ecofeminisme, conflictes armats i pand\u00e8mia i com aquests conceptes s\u2019interrelacionen. Al llarg d\u2019un trimestre i mig han estat fent un projecte de pau, assessorats per la Marina Caireta, de l\u2019Escola de Cultura de Pau de la UAB, on han apr\u00e8s a afrontar temes controvertits des del di\u00e0leg, la comunicaci\u00f3 no violenta i el <strong>jo-missatge<\/strong>; per arribar a la conclusi\u00f3 que som \u00e9ssers interdependents i tot el que passa, ens afecta. Aquest projecte va culminar dimecres dia 15 de juny amb l\u2019acci\u00f3 \u201cBombes de llavors\u201d, que s\u2019explica a l\u2019InfoK que va sortir el dijous dia 16. Enhorabona Escola Torres Jonama!<\/p>\n<p><iframe loading=\"lazy\" src=\"https:\/\/www.ccma.cat\/video\/embed\/super3\/6164369\/\" width=\"500px\" height=\"281px\" frameborder=\"0\" scrolling=\"no\" allowfullscreen=\"allowfullscreen\"><\/iframe><\/p>\n<p style=\"text-align: justify;\">Aquest v\u00eddeo tamb\u00e9 el trobareu enlla\u00e7at dins la c\u00e0psula sobre conflictes armats i el canvi clim\u00e0tic que forma part de la proposta d&#8217;audiovisuals que l&#8217;Escola de Cultura de Pau (UAB) ha elaborat per tal de tractar la pau i la just\u00edcia global a les aules. Propostes a l&#8217;abast de tots els docents. Esperem que us siguin d&#8217;utilitat:<\/p>\n<div class=\"adn ads\" data-message-id=\"#msg-a:r-7028888248621978568\" data-legacy-message-id=\"18170f3ec54a4eff\">\n<div class=\"gs\">\n<div class=\"\">\n<div id=\":11w\" class=\"ii gt\"><\/div>\n<ul style=\"text-align: justify;\">\n<li><b><a title=\"https:\/\/www.youtube.com\/watch?v=FTy1quwMZ0A\" href=\"https:\/\/www.youtube.com\/watch?v=FTy1quwMZ0A\" target=\"_blank\" rel=\"noopener noreferrer\" data-saferedirecturl=\"https:\/\/www.google.com\/url?q=https:\/\/www.youtube.com\/watch?v%3DFTy1quwMZ0A&amp;source=gmail&amp;ust=1653736278408000&amp;usg=AOvVaw3LZ7ZHoMr8zWWjOG1KtxkY\">Conflictes armats i dimensi\u00f3 de g\u00e8nere en temps de pand\u00e8mia\u00a0<\/a><\/b><br \/>\nC\u00e0psula audiovisual educativa per abordar a l\u2019aula els impactes de g\u00e8nere dels conflictes armats i el paper de les dones i joves en la construcci\u00f3 de pau, aix\u00ed com per abordar propostes de preguntes per a l\u2019acci\u00f3. Aquesta c\u00e0psula incorpora tamb\u00e9 el context global de pand\u00e8mia de la COVID-19. Ha sigut ja utilitzat en el marc del projecte per tractar la 1a Guerra Mundial a hist\u00f2ria de 4t d\u2019ESO de l\u2019Institut Ca n\u2019Oriac (Sabadell, febrer-mar\u00e7 de 2022). Es pot veure aqu\u00ed:\u00a0<a href=\"https:\/\/youtu.be\/FTy1quwMZ0A\" target=\"_blank\" rel=\"noopener noreferrer\" data-saferedirecturl=\"https:\/\/www.google.com\/url?q=https:\/\/youtu.be\/FTy1quwMZ0A&amp;source=gmail&amp;ust=1653736278408000&amp;usg=AOvVaw2T3SNUXc4D3MacyFESvoQz\">https:\/\/youtu.be\/<wbr \/>FTy1quwMZ0A<\/a><\/li>\n<li style=\"text-align: justify;\"><b><a title=\"https:\/\/www.youtube.com\/watch?v=jc8LOh0cb9M\" href=\"https:\/\/www.youtube.com\/watch?v=jc8LOh0cb9M\" target=\"_blank\" rel=\"noopener noreferrer\" data-saferedirecturl=\"https:\/\/www.google.com\/url?q=https:\/\/www.youtube.com\/watch?v%3Djc8LOh0cb9M&amp;source=gmail&amp;ust=1653736278408000&amp;usg=AOvVaw0hrcOV43R3hQULTf35doXn\">Conflictes armats i canvi clim\u00e0tic en temps de pand\u00e8mia\u00a0\u00a0<\/a><\/b><br \/>\nC\u00e0psula audiovisual educativa per abordar a l\u2019aula les interrelacions entre canvi clim\u00e0tic i conflictes armats al m\u00f3n, amb el context global de pand\u00e8mia de la COVID-19 de fons. L\u2019escola Torres Jonama de Palafrugell ja l\u2019ha fet servir en el projecte \u201cEcofeminisme, conflictes armatsi pand\u00e8mia\u201d amb els tres grups de sis\u00e8 (mar\u00e7-juny de 2022). Es pot veure aqu\u00ed:\u00a0<a href=\"https:\/\/youtu.be\/jc8LOh0cb9M\" target=\"_blank\" rel=\"noopener noreferrer\" data-saferedirecturl=\"https:\/\/www.google.com\/url?q=https:\/\/youtu.be\/jc8LOh0cb9M&amp;source=gmail&amp;ust=1653736278408000&amp;usg=AOvVaw3nJBq3wO5CtnGcyZzBOcUg\">https:\/\/youtu.be\/<wbr \/>jc8LOh0cb9M<\/a>. Tamb\u00e9 us enllacem la not\u00edcia que va sortir a l&#8217;<a href=\"https:\/\/www.ccma.cat\/tv3\/super3\/infok\/bombes-de-llavors\/video\/6164369\/\" target=\"_blank\" rel=\"noopener\">Info-K<\/a> del passat dijous 16 de juny sobre aquest projecte.<\/p>\n<div><\/div>\n<\/li>\n<li>\n<div style=\"text-align: justify;\"><b><a title=\"https:\/\/www.youtube.com\/watch?v=cAwm-6Lmwgc\" href=\"https:\/\/www.youtube.com\/watch?v=cAwm-6Lmwgc\" target=\"_blank\" rel=\"noopener noreferrer\" data-saferedirecturl=\"https:\/\/www.google.com\/url?q=https:\/\/www.youtube.com\/watch?v%3DcAwm-6Lmwgc&amp;source=gmail&amp;ust=1653736278408000&amp;usg=AOvVaw2_dAdRu4vlv222q4F3Z_15\">Conflictes armats i despla\u00e7ament for\u00e7at en temps de pand\u00e8mia\u00a0\u00a0<\/a><br \/>\n<\/b><\/div>\n<div style=\"text-align: justify;\">C\u00e0psula audiovisual educativa per abordar a l\u2019aula les interrelacions entre els conflictes armats, el despla\u00e7ament for\u00e7at de poblaci\u00f3 civil i el refugi, aix\u00ed com abordar propostes d\u2019acci\u00f3. Ha sigut utilitzat en el marc del projecte transversal \u201cRefugi\u201d de 2n d\u2019ESO de l\u2019IE Sant Esteve (Castellar del Vall\u00e8s, maig de 2022). Es pot veure aqu\u00ed:\u00a0<a href=\"https:\/\/youtu.be\/cAwm-6Lmwgc\" target=\"_blank\" rel=\"noopener noreferrer\" data-saferedirecturl=\"https:\/\/www.google.com\/url?q=https:\/\/youtu.be\/cAwm-6Lmwgc&amp;source=gmail&amp;ust=1653736278408000&amp;usg=AOvVaw1lOgoGyXutk_OI8eciGr8I\">https:\/\/youtu.be\/cAwm-<wbr \/>6Lmwgc<\/a><\/div>\n<\/li>\n<\/ul>\n<\/div>\n<\/div>\n<\/div>\n","protected":false},"excerpt":{"rendered":"<p>L\u2019alumnat de 6\u00e8 de l\u2019escola Torres Jonama de Palafrugell ha estat treballant en un projecte sobre Ecofeminisme, conflictes armats i pand\u00e8mia i com aquests conceptes s\u2019interrelacionen. Al llarg d\u2019un trimestre i mig han estat fent un projecte de pau, assessorats per la Marina Caireta, de l\u2019Escola de Cultura de Pau de la UAB, on han [&hellip;]<\/p>\n","protected":false},"author":1,"featured_media":13164,"comment_status":"closed","ping_status":"closed","sticky":false,"template":"","format":"standard","meta":{"_bbp_topic_count":0,"_bbp_reply_count":0,"_bbp_total_topic_count":0,"_bbp_total_reply_count":0,"_bbp_voice_count":0,"_bbp_anonymous_reply_count":0,"_bbp_topic_count_hidden":0,"_bbp_reply_count_hidden":0,"_bbp_forum_subforum_count":0,"site-sidebar-layout":"default","site-content-layout":"","ast-site-content-layout":"","site-content-style":"default","site-sidebar-style":"default","ast-global-header-display":"","ast-banner-title-visibility":"","ast-main-header-display":"","ast-hfb-above-header-display":"","ast-hfb-below-header-display":"","ast-hfb-mobile-header-display":"","site-post-title":"","ast-breadcrumbs-content":"","ast-featured-img":"","footer-sml-layout":"","theme-transparent-header-meta":"","adv-header-id-meta":"","stick-header-meta":"","header-above-stick-meta":"","header-main-stick-meta":"","header-below-stick-meta":"","astra-migrate-meta-layouts":"default","ast-page-background-enabled":"default","ast-page-background-meta":{"desktop":{"background-color":"var(--ast-global-color-4)","background-image":"","background-repeat":"repeat","background-position":"center center","background-size":"auto","background-attachment":"scroll","background-type":"","background-media":"","overlay-type":"","overlay-color":"","overlay-opacity":"","overlay-gradient":""},"tablet":{"background-color":"","background-image":"","background-repeat":"repeat","background-position":"center center","background-size":"auto","background-attachment":"scroll","background-type":"","background-media":"","overlay-type":"","overlay-color":"","overlay-opacity":"","overlay-gradient":""},"mobile":{"background-color":"","background-image":"","background-repeat":"repeat","background-position":"center center","background-size":"auto","background-attachment":"scroll","background-type":"","background-media":"","overlay-type":"","overlay-color":"","overlay-opacity":"","overlay-gradient":""}},"ast-content-background-meta":{"desktop":{"background-color":"var(--ast-global-color-5)","background-image":"","background-repeat":"repeat","background-position":"center center","background-size":"auto","background-attachment":"scroll","background-type":"","background-media":"","overlay-type":"","overlay-color":"","overlay-opacity":"","overlay-gradient":""},"tablet":{"background-color":"var(--ast-global-color-5)","background-image":"","background-repeat":"repeat","background-position":"center center","background-size":"auto","background-attachment":"scroll","background-type":"","background-media":"","overlay-type":"","overlay-color":"","overlay-opacity":"","overlay-gradient":""},"mobile":{"background-color":"var(--ast-global-color-5)","background-image":"","background-repeat":"repeat","background-position":"center center","background-size":"auto","background-attachment":"scroll","background-type":"","background-media":"","overlay-type":"","overlay-color":"","overlay-opacity":"","overlay-gradient":""}},"footnotes":""},"categories":[65,1,295,29],"tags":[369],"class_list":["post-13163","post","type-post","status-publish","format-standard","has-post-thumbnail","hentry","category-crp","category-general","category-novetats-recursos","category-portada","tag-curs-21-22"],"post_mailing_queue_ids":[],"_links":{"self":[{"href":"https:\/\/serveiseducatius.xtec.cat\/baixemporda\/wp-json\/wp\/v2\/posts\/13163","targetHints":{"allow":["GET"]}}],"collection":[{"href":"https:\/\/serveiseducatius.xtec.cat\/baixemporda\/wp-json\/wp\/v2\/posts"}],"about":[{"href":"https:\/\/serveiseducatius.xtec.cat\/baixemporda\/wp-json\/wp\/v2\/types\/post"}],"author":[{"embeddable":true,"href":"https:\/\/serveiseducatius.xtec.cat\/baixemporda\/wp-json\/wp\/v2\/users\/1"}],"replies":[{"embeddable":true,"href":"https:\/\/serveiseducatius.xtec.cat\/baixemporda\/wp-json\/wp\/v2\/comments?post=13163"}],"version-history":[{"count":3,"href":"https:\/\/serveiseducatius.xtec.cat\/baixemporda\/wp-json\/wp\/v2\/posts\/13163\/revisions"}],"predecessor-version":[{"id":13226,"href":"https:\/\/serveiseducatius.xtec.cat\/baixemporda\/wp-json\/wp\/v2\/posts\/13163\/revisions\/13226"}],"wp:featuredmedia":[{"embeddable":true,"href":"https:\/\/serveiseducatius.xtec.cat\/baixemporda\/wp-json\/wp\/v2\/media\/13164"}],"wp:attachment":[{"href":"https:\/\/serveiseducatius.xtec.cat\/baixemporda\/wp-json\/wp\/v2\/media?parent=13163"}],"wp:term":[{"taxonomy":"category","embeddable":true,"href":"https:\/\/serveiseducatius.xtec.cat\/baixemporda\/wp-json\/wp\/v2\/categories?post=13163"},{"taxonomy":"post_tag","embeddable":true,"href":"https:\/\/serveiseducatius.xtec.cat\/baixemporda\/wp-json\/wp\/v2\/tags?post=13163"}],"curies":[{"name":"wp","href":"https:\/\/api.w.org\/{rel}","templated":true}]}}