{"id":12665,"date":"2022-03-07T08:59:07","date_gmt":"2022-03-07T07:59:07","guid":{"rendered":"https:\/\/serveiseducatius.xtec.cat\/baixemporda\/?p=12665"},"modified":"2022-03-18T10:10:44","modified_gmt":"2022-03-18T09:10:44","slug":"acte-de-reconeixement-a-lluis-maruny-2","status":"publish","type":"post","link":"https:\/\/serveiseducatius.xtec.cat\/baixemporda\/general\/acte-de-reconeixement-a-lluis-maruny-2\/","title":{"rendered":"Acte de reconeixement a Llu\u00eds Maruny"},"content":{"rendered":"<p><a href=\"https:\/\/serveiseducatius.xtec.cat\/baixemporda\/wp-content\/uploads\/usu1155\/2022\/03\/2203LMaruny07.jpg\"><img loading=\"lazy\" decoding=\"async\" class=\"aligncenter size-full wp-image-12666\" src=\"https:\/\/serveiseducatius.xtec.cat\/baixemporda\/wp-content\/uploads\/usu1155\/2022\/03\/2203LMaruny07.jpg\" alt=\"\" width=\"615\" height=\"351\" srcset=\"https:\/\/serveiseducatius.xtec.cat\/baixemporda\/wp-content\/uploads\/usu1155\/2022\/03\/2203LMaruny07.jpg 615w, https:\/\/serveiseducatius.xtec.cat\/baixemporda\/wp-content\/uploads\/usu1155\/2022\/03\/2203LMaruny07-300x171.jpg 300w\" sizes=\"auto, (max-width: 615px) 100vw, 615px\" \/><\/a><\/p>\n<p style=\"text-align: justify;\">El passat <strong>dijous 3 de mar\u00e7<\/strong> va tenir lloc\u00a0l&#8217;<strong>acte de reconeixement a Llu\u00eds Maruny lloc <\/strong>al teatre El Mundial de La Bisbal d&#8217;Empord\u00e0. Va ser el col\u00b7legiat n\u00famero 2, membre fundador del Col\u00b7legi Oficial de Psicologia de Catalunya, <a href=\"https:\/\/www.copc.cat\/\" target=\"_blank\" rel=\"noopener\">COPC,<\/a> i antic EAP del Baix Empord\u00e0, entre d&#8217;altes. Va ser un acte de reconeixement a la seva labor com a psic\u00f2leg, educador i autor de diverses obres i articles, organitzat per la <a href=\"https:\/\/www.copc.cat\/delegacio-territorial-de-girona\" target=\"_blank\" rel=\"noopener\">Delegaci\u00f3 Territorial de Girona del COPC<\/a> i amb el suport de l&#8217;<a href=\"http:\/\/labisbal.cat\/\" target=\"_blank\" rel=\"noopener\">Ajuntament de la Bisbal d&#8217;Empord\u00e0<\/a> i del <a href=\"https:\/\/serveiseducatius.xtec.cat\/baixemporda\/\" target=\"_blank\" rel=\"noopener\">Servei Educatiu del Baix Empord\u00e0<\/a>.<\/p>\n<p style=\"text-align: justify;\">L&#8217;acte va ser condu\u00eft pel vocal de la Junta Rectora, \u00c0ngel Guirado, i va comptar amb els parlaments de l&#8217;Enric Marqu\u00e8s Serra, alcalde de La Bisbal; Guillermo Mattioli, deg\u00e0 del COPC; i Paco Molinero, president de la Delegaci\u00f3 Territorial de Girona, que van donar la benvinguda a uns 150 assistents.<\/p>\n<p><a href=\"https:\/\/serveiseducatius.xtec.cat\/baixemporda\/wp-content\/uploads\/usu1155\/2022\/03\/2203LMaruny03.jpg\"><img loading=\"lazy\" decoding=\"async\" class=\"aligncenter wp-image-12667\" src=\"https:\/\/serveiseducatius.xtec.cat\/baixemporda\/wp-content\/uploads\/usu1155\/2022\/03\/2203LMaruny03-1024x545.jpg\" alt=\"\" width=\"552\" height=\"294\" srcset=\"https:\/\/serveiseducatius.xtec.cat\/baixemporda\/wp-content\/uploads\/usu1155\/2022\/03\/2203LMaruny03-1024x545.jpg 1024w, https:\/\/serveiseducatius.xtec.cat\/baixemporda\/wp-content\/uploads\/usu1155\/2022\/03\/2203LMaruny03-300x160.jpg 300w, https:\/\/serveiseducatius.xtec.cat\/baixemporda\/wp-content\/uploads\/usu1155\/2022\/03\/2203LMaruny03-768x409.jpg 768w, https:\/\/serveiseducatius.xtec.cat\/baixemporda\/wp-content\/uploads\/usu1155\/2022\/03\/2203LMaruny03.jpg 1331w\" sizes=\"auto, (max-width: 552px) 100vw, 552px\" \/><\/a><\/p>\n<p style=\"text-align: justify;\">\u00c0ngel Guirado va voler subratllar el lema de l&#8217;homenatge, Una vida plena de saviesa i comprom\u00eds, i va descriure Maruny com &#8220;una persona clau en la dignificaci\u00f3 de la psicologia i en el que avui coneixem, amb orgull, com a COPC. Sense ell, aix\u00f2 seria altra cosa: ni catal\u00e0 ni aut\u00f2nom&#8221;.<\/p>\n<p><a href=\"https:\/\/serveiseducatius.xtec.cat\/baixemporda\/wp-content\/uploads\/usu1155\/2022\/03\/2203LMaruny06.jpg\"><img loading=\"lazy\" decoding=\"async\" class=\"aligncenter wp-image-12668\" src=\"https:\/\/serveiseducatius.xtec.cat\/baixemporda\/wp-content\/uploads\/usu1155\/2022\/03\/2203LMaruny06.jpg\" alt=\"\" width=\"392\" height=\"245\" srcset=\"https:\/\/serveiseducatius.xtec.cat\/baixemporda\/wp-content\/uploads\/usu1155\/2022\/03\/2203LMaruny06.jpg 579w, https:\/\/serveiseducatius.xtec.cat\/baixemporda\/wp-content\/uploads\/usu1155\/2022\/03\/2203LMaruny06-300x188.jpg 300w\" sizes=\"auto, (max-width: 392px) 100vw, 392px\" \/><\/a><\/p>\n<p style=\"text-align: justify;\">L&#8217;homenatge continu\u00e0 amb un elogi escrit pel seu amic i company\u00a0<b>Manel Miralles<\/b>, llegit en nom seu per Guirado, que va emocionar els assistents amb un complet recorregut per la seva vida (<a title=\"\" spellcheck=\"false\" href=\"https:\/\/www.copc.cat\/web\/content\/179036?access_token=1441bbaa-264e-4ce7-8016-33771f95c287&amp;unique=bde1369f7c361f37f51b630ef5c5adcec015bf2a&amp;download=true\" target=\"_blank\" rel=\"noopener\" data-gramm=\"false\" data-original-title=\"\" aria-describedby=\"tooltip475036\">podeu llegir-lo en aquest enlla\u00e7<\/a>) que acabava amb les seg\u00fcents paraules:<\/p>\n<p style=\"text-align: justify;\"><i>&#8220;Els amics i companys, que hem compartit moments o anys de la teva vida professional, parlem i sentim molt de tu, del teu tarann\u00e0 i del teu esperit lliure, de la teva generositat, del teu viatge apassionat per la vida i per l\u2019univers que t\u2019ha envoltat. Avui, 10 anys despr\u00e9s del comiat, una altra vegada som aqu\u00ed tots junts per acompanyar-te. I, encara que sabem que sempre fugies de tot aix\u00f2, ens entestem, ara m\u00e9s tossuts que tu, a recordar, una vegada m\u00e9s, la teva saviesa i el teu incondicional comprom\u00eds per una societat m\u00e9s justa i solid\u00e0ria. Llu\u00eds, t\u2019estimem i et trobem molt a faltar!&#8221;<\/i><\/p>\n<p style=\"text-align: justify;\">L\u2019<a href=\"https:\/\/www.escolaconradsalo.cat\/\" target=\"_blank\" rel=\"noopener\">Escola Municipal de M\u00fasica Conrad Sal\u00f3<\/a> va ser l&#8217;encarregada d&#8217;amenitzar amb m\u00fasica els moments anterior i posterior a la taula rodona. Un espai de conversa condu\u00eft per <b>Llu\u00eds Espunya<\/b>, membre de la primera Junta Rectora gironina, en el qual van participar<b>\u00a0<\/b><span class=\"BCX2 SCXW34371965 TextRun\" lang=\"CA-ES\" data-contrast=\"auto\"><b><span class=\"BCX2 NormalTextRun SCXW34371965\">Merc\u00e8 P\u00e9rez\u00a0<\/span><\/b><span class=\"BCX2 DefaultHighlightTransition NormalTextRun SCXW34371965 SpellingErrorHighlight SpellingErrorV2\"><b>Salanova<\/b>, col\u00b7legiada n\u00famero 1 del COPC;\u00a0<\/span><\/span><span class=\"BCX2 SCXW12156500 TextRun\" lang=\"CA-ES\" data-contrast=\"auto\"><b><span class=\"BCX2 NormalTextRun SCXW12156500\">Maribel\u00a0<\/span><\/b><span class=\"BCX2 NormalTextRun SCXW12156500 SpellingErrorV2\"><b>Ministral<\/b><\/span><span class=\"BCX2 NormalTextRun SCXW12156500\">, dels Serveis Educatius de l\u2019EAP Giron\u00e8s;\u00a0<\/span><\/span><span class=\"BCX2 SCXW18441469 TextRun\" lang=\"CA-ES\" data-contrast=\"auto\"><span class=\"BCX2 NormalTextRun SCXW18441469\"><b>N\u00faria Camps<\/b>, directora del servei de psicologia cl\u00ednica de la Fundaci\u00f3 Puigvert; i\u00a0<b>Josep Maria Soler<\/b>, de la Fundaci\u00f3 Pallach i l&#8217;EAP Baix Empord\u00e0, tots ells bons<\/span><\/span>\u00a0coneixedors de la vida i l&#8217;obra de Maruny, que van recon\u00e8ixer el seu gran llegat i no van parar d&#8217;explicar an\u00e8cdotes que van deixar patent el seu tarann\u00e0 treballador, social i combatiu, fent que l&#8217;acte fos molt proper i sembl\u00e9s, gaireb\u00e9, una reuni\u00f3 de bons amics.<\/p>\n<p style=\"text-align: justify;\">Un dels moments clau de la nit va ser la presentaci\u00f3 del\u00a0<b><a href=\"https:\/\/www.copc.cat\/blog\/girona-3\/s-obre-la-convocatoria-del-xxxiii-concurs-literari-de-la-delegacio-81\" target=\"_blank\" rel=\"noopener\">33\u00e8 Concurs Literari d&#8217;Articles de Psicologia<\/a><\/b>, organitzat per la Delegaci\u00f3 de Girona, que va obrir la seva convocat\u00f2ria d&#8217;enguany i que, d&#8217;ara endavant,\u00a0<b>portar\u00e0 el nom del Llu\u00eds Maruny<\/b>.<\/p>\n<p style=\"text-align: justify;\">La fam\u00edlia de l&#8217;homenatjat, present a l&#8217;acte, va voler destacar la gran import\u00e0ncia d&#8217;aquesta decisi\u00f3, donat, segons va explicar el seu fill, que l&#8217;homenatge d&#8217;un dia passaria, per\u00f2 el nom d&#8217;un premi literari ens faria recordar per sempre el seu llegat i la seva mem\u00f2ria.<\/p>\n<p>Us compartim, finalment, un <a href=\"https:\/\/drive.google.com\/file\/d\/1XNIZVEy6jCictKcSJ-eNPo49Iu64qrd4\/view?usp=sharing\" target=\"_blank\" rel=\"noopener\">v\u00eddeo<\/a> elaborat per en Xevi Codol\u00e0 i la Nuri Duch amb un resum de l&#8217;acte.<\/p>\n","protected":false},"excerpt":{"rendered":"<p>El passat dijous 3 de mar\u00e7 va tenir lloc\u00a0l&#8217;acte de reconeixement a Llu\u00eds Maruny lloc al teatre El Mundial de La Bisbal d&#8217;Empord\u00e0. Va ser el col\u00b7legiat n\u00famero 2, membre fundador del Col\u00b7legi Oficial de Psicologia de Catalunya, COPC, i antic EAP del Baix Empord\u00e0, entre d&#8217;altes. Va ser un acte de reconeixement a la [&hellip;]<\/p>\n","protected":false},"author":1,"featured_media":12666,"comment_status":"closed","ping_status":"closed","sticky":false,"template":"","format":"standard","meta":{"_bbp_topic_count":0,"_bbp_reply_count":0,"_bbp_total_topic_count":0,"_bbp_total_reply_count":0,"_bbp_voice_count":0,"_bbp_anonymous_reply_count":0,"_bbp_topic_count_hidden":0,"_bbp_reply_count_hidden":0,"_bbp_forum_subforum_count":0,"site-sidebar-layout":"default","site-content-layout":"","ast-site-content-layout":"","site-content-style":"default","site-sidebar-style":"default","ast-global-header-display":"","ast-banner-title-visibility":"","ast-main-header-display":"","ast-hfb-above-header-display":"","ast-hfb-below-header-display":"","ast-hfb-mobile-header-display":"","site-post-title":"","ast-breadcrumbs-content":"","ast-featured-img":"","footer-sml-layout":"","theme-transparent-header-meta":"","adv-header-id-meta":"","stick-header-meta":"","header-above-stick-meta":"","header-main-stick-meta":"","header-below-stick-meta":"","astra-migrate-meta-layouts":"default","ast-page-background-enabled":"default","ast-page-background-meta":{"desktop":{"background-color":"var(--ast-global-color-4)","background-image":"","background-repeat":"repeat","background-position":"center center","background-size":"auto","background-attachment":"scroll","background-type":"","background-media":"","overlay-type":"","overlay-color":"","overlay-opacity":"","overlay-gradient":""},"tablet":{"background-color":"","background-image":"","background-repeat":"repeat","background-position":"center center","background-size":"auto","background-attachment":"scroll","background-type":"","background-media":"","overlay-type":"","overlay-color":"","overlay-opacity":"","overlay-gradient":""},"mobile":{"background-color":"","background-image":"","background-repeat":"repeat","background-position":"center center","background-size":"auto","background-attachment":"scroll","background-type":"","background-media":"","overlay-type":"","overlay-color":"","overlay-opacity":"","overlay-gradient":""}},"ast-content-background-meta":{"desktop":{"background-color":"var(--ast-global-color-5)","background-image":"","background-repeat":"repeat","background-position":"center center","background-size":"auto","background-attachment":"scroll","background-type":"","background-media":"","overlay-type":"","overlay-color":"","overlay-opacity":"","overlay-gradient":""},"tablet":{"background-color":"var(--ast-global-color-5)","background-image":"","background-repeat":"repeat","background-position":"center center","background-size":"auto","background-attachment":"scroll","background-type":"","background-media":"","overlay-type":"","overlay-color":"","overlay-opacity":"","overlay-gradient":""},"mobile":{"background-color":"var(--ast-global-color-5)","background-image":"","background-repeat":"repeat","background-position":"center center","background-size":"auto","background-attachment":"scroll","background-type":"","background-media":"","overlay-type":"","overlay-color":"","overlay-opacity":"","overlay-gradient":""}},"footnotes":""},"categories":[65,1,297,29],"tags":[369],"class_list":["post-12665","post","type-post","status-publish","format-standard","has-post-thumbnail","hentry","category-crp","category-general","category-novetats-comunitat","category-portada","tag-curs-21-22"],"post_mailing_queue_ids":[],"_links":{"self":[{"href":"https:\/\/serveiseducatius.xtec.cat\/baixemporda\/wp-json\/wp\/v2\/posts\/12665","targetHints":{"allow":["GET"]}}],"collection":[{"href":"https:\/\/serveiseducatius.xtec.cat\/baixemporda\/wp-json\/wp\/v2\/posts"}],"about":[{"href":"https:\/\/serveiseducatius.xtec.cat\/baixemporda\/wp-json\/wp\/v2\/types\/post"}],"author":[{"embeddable":true,"href":"https:\/\/serveiseducatius.xtec.cat\/baixemporda\/wp-json\/wp\/v2\/users\/1"}],"replies":[{"embeddable":true,"href":"https:\/\/serveiseducatius.xtec.cat\/baixemporda\/wp-json\/wp\/v2\/comments?post=12665"}],"version-history":[{"count":3,"href":"https:\/\/serveiseducatius.xtec.cat\/baixemporda\/wp-json\/wp\/v2\/posts\/12665\/revisions"}],"predecessor-version":[{"id":12783,"href":"https:\/\/serveiseducatius.xtec.cat\/baixemporda\/wp-json\/wp\/v2\/posts\/12665\/revisions\/12783"}],"wp:featuredmedia":[{"embeddable":true,"href":"https:\/\/serveiseducatius.xtec.cat\/baixemporda\/wp-json\/wp\/v2\/media\/12666"}],"wp:attachment":[{"href":"https:\/\/serveiseducatius.xtec.cat\/baixemporda\/wp-json\/wp\/v2\/media?parent=12665"}],"wp:term":[{"taxonomy":"category","embeddable":true,"href":"https:\/\/serveiseducatius.xtec.cat\/baixemporda\/wp-json\/wp\/v2\/categories?post=12665"},{"taxonomy":"post_tag","embeddable":true,"href":"https:\/\/serveiseducatius.xtec.cat\/baixemporda\/wp-json\/wp\/v2\/tags?post=12665"}],"curies":[{"name":"wp","href":"https:\/\/api.w.org\/{rel}","templated":true}]}}