{"id":12574,"date":"2022-02-17T09:07:31","date_gmt":"2022-02-17T08:07:31","guid":{"rendered":"https:\/\/serveiseducatius.xtec.cat\/baixemporda\/?p=12574"},"modified":"2022-03-31T10:27:41","modified_gmt":"2022-03-31T08:27:41","slug":"debat-sobre-el-projecte-del-nou-parc-eolic-tramuntana","status":"publish","type":"post","link":"https:\/\/serveiseducatius.xtec.cat\/baixemporda\/general\/debat-sobre-el-projecte-del-nou-parc-eolic-tramuntana\/","title":{"rendered":"Debat sobre el projecte del nou parc e\u00f2lic Tramuntana"},"content":{"rendered":"<p><a href=\"https:\/\/serveiseducatius.xtec.cat\/baixemporda\/wp-content\/uploads\/usu1155\/2022\/02\/IMG-5175-GLORIA-ESTEVE-BOSCH-scaled.jpg\"><img loading=\"lazy\" decoding=\"async\" class=\"aligncenter wp-image-12575\" src=\"https:\/\/serveiseducatius.xtec.cat\/baixemporda\/wp-content\/uploads\/usu1155\/2022\/02\/IMG-5175-GLORIA-ESTEVE-BOSCH-768x1024.jpg\" alt=\"\" width=\"365\" height=\"487\" srcset=\"https:\/\/serveiseducatius.xtec.cat\/baixemporda\/wp-content\/uploads\/usu1155\/2022\/02\/IMG-5175-GLORIA-ESTEVE-BOSCH-768x1024.jpg 768w, https:\/\/serveiseducatius.xtec.cat\/baixemporda\/wp-content\/uploads\/usu1155\/2022\/02\/IMG-5175-GLORIA-ESTEVE-BOSCH-225x300.jpg 225w, https:\/\/serveiseducatius.xtec.cat\/baixemporda\/wp-content\/uploads\/usu1155\/2022\/02\/IMG-5175-GLORIA-ESTEVE-BOSCH-1152x1536.jpg 1152w, https:\/\/serveiseducatius.xtec.cat\/baixemporda\/wp-content\/uploads\/usu1155\/2022\/02\/IMG-5175-GLORIA-ESTEVE-BOSCH-1536x2048.jpg 1536w, https:\/\/serveiseducatius.xtec.cat\/baixemporda\/wp-content\/uploads\/usu1155\/2022\/02\/IMG-5175-GLORIA-ESTEVE-BOSCH-scaled.jpg 1920w\" sizes=\"auto, (max-width: 365px) 100vw, 365px\" \/><\/a><\/p>\n<p style=\"text-align: justify;\">L&#8217;<a href=\"https:\/\/agora.xtec.cat\/ceiplasinia\/portada\/cicle-mitja-fa-un-debat-sobre-el-projecte-del-nou-parc-eolic-tramuntana-a-roses\/\" target=\"_blank\" rel=\"noopener\">ESC La S\u00ednia<\/a> de Calonge i Sant Antoni ens ha enviat una bona pr\u00e0ctica que han dut a terme amb l&#8217;alumnat de cicle mitj\u00e0. Us la compartim! I recordeu que si teniu alguna bona pr\u00e0ctica ens la podeu fer arribar a trav\u00e9s del seg\u00fcent <a href=\"https:\/\/docs.google.com\/forms\/d\/e\/1FAIpQLSeF3bKoLsMw0GFbgW8W2_mzB_oifbjrqcjRV7uL34Wy0EvmQw\/viewform\" target=\"_blank\" rel=\"noopener\">formulari<\/a>.<\/p>\n<p style=\"text-align: justify;\"><em>Aquest dimarts 15 de febrer, l\u2019alumnat de Cicle Mitj\u00e0, vam dur a terme un debat sobre els PROS i CONTRES del nou projecte del Parc E\u00f2lic Tramuntana. Davant la not\u00edcia de la possible futura construcci\u00f3 d\u2019aquest \u201cmacroparc\u201d a les costes de Roses, hem analitzat les principals avantatges i els inconvenients que suposaria pel nostre entorn i per la cura del medi ambient.<\/em><\/p>\n<p><em>Hem apr\u00e8s a utilitzar vocabulari adequat, a defensar les nostres idees de manera raonable i, sobretot, a analitzar, de manera cr\u00edtica, l\u2019actualitat que ens envolta. Ha estat divertit i molt enriquidor!!!<\/em><\/p>\n","protected":false},"excerpt":{"rendered":"<p>L&#8217;ESC La S\u00ednia de Calonge i Sant Antoni ens ha enviat una bona pr\u00e0ctica que han dut a terme amb l&#8217;alumnat de cicle mitj\u00e0. Us la compartim! I recordeu que si teniu alguna bona pr\u00e0ctica ens la podeu fer arribar a trav\u00e9s del seg\u00fcent formulari. Aquest dimarts 15 de febrer, l\u2019alumnat de Cicle Mitj\u00e0, vam [&hellip;]<\/p>\n","protected":false},"author":1,"featured_media":12575,"comment_status":"closed","ping_status":"closed","sticky":false,"template":"","format":"standard","meta":{"_bbp_topic_count":0,"_bbp_reply_count":0,"_bbp_total_topic_count":0,"_bbp_total_reply_count":0,"_bbp_voice_count":0,"_bbp_anonymous_reply_count":0,"_bbp_topic_count_hidden":0,"_bbp_reply_count_hidden":0,"_bbp_forum_subforum_count":0,"site-sidebar-layout":"default","site-content-layout":"","ast-site-content-layout":"","site-content-style":"default","site-sidebar-style":"default","ast-global-header-display":"","ast-banner-title-visibility":"","ast-main-header-display":"","ast-hfb-above-header-display":"","ast-hfb-below-header-display":"","ast-hfb-mobile-header-display":"","site-post-title":"","ast-breadcrumbs-content":"","ast-featured-img":"","footer-sml-layout":"","theme-transparent-header-meta":"","adv-header-id-meta":"","stick-header-meta":"","header-above-stick-meta":"","header-main-stick-meta":"","header-below-stick-meta":"","astra-migrate-meta-layouts":"default","ast-page-background-enabled":"default","ast-page-background-meta":{"desktop":{"background-color":"var(--ast-global-color-4)","background-image":"","background-repeat":"repeat","background-position":"center center","background-size":"auto","background-attachment":"scroll","background-type":"","background-media":"","overlay-type":"","overlay-color":"","overlay-opacity":"","overlay-gradient":""},"tablet":{"background-color":"","background-image":"","background-repeat":"repeat","background-position":"center center","background-size":"auto","background-attachment":"scroll","background-type":"","background-media":"","overlay-type":"","overlay-color":"","overlay-opacity":"","overlay-gradient":""},"mobile":{"background-color":"","background-image":"","background-repeat":"repeat","background-position":"center center","background-size":"auto","background-attachment":"scroll","background-type":"","background-media":"","overlay-type":"","overlay-color":"","overlay-opacity":"","overlay-gradient":""}},"ast-content-background-meta":{"desktop":{"background-color":"var(--ast-global-color-5)","background-image":"","background-repeat":"repeat","background-position":"center center","background-size":"auto","background-attachment":"scroll","background-type":"","background-media":"","overlay-type":"","overlay-color":"","overlay-opacity":"","overlay-gradient":""},"tablet":{"background-color":"var(--ast-global-color-5)","background-image":"","background-repeat":"repeat","background-position":"center center","background-size":"auto","background-attachment":"scroll","background-type":"","background-media":"","overlay-type":"","overlay-color":"","overlay-opacity":"","overlay-gradient":""},"mobile":{"background-color":"var(--ast-global-color-5)","background-image":"","background-repeat":"repeat","background-position":"center center","background-size":"auto","background-attachment":"scroll","background-type":"","background-media":"","overlay-type":"","overlay-color":"","overlay-opacity":"","overlay-gradient":""}},"footnotes":""},"categories":[351,65,1,297,29,353],"tags":[369],"class_list":["post-12574","post","type-post","status-publish","format-standard","has-post-thumbnail","hentry","category-bones-practiques","category-crp","category-general","category-novetats-comunitat","category-portada","category-primaria","tag-curs-21-22"],"post_mailing_queue_ids":[],"_links":{"self":[{"href":"https:\/\/serveiseducatius.xtec.cat\/baixemporda\/wp-json\/wp\/v2\/posts\/12574","targetHints":{"allow":["GET"]}}],"collection":[{"href":"https:\/\/serveiseducatius.xtec.cat\/baixemporda\/wp-json\/wp\/v2\/posts"}],"about":[{"href":"https:\/\/serveiseducatius.xtec.cat\/baixemporda\/wp-json\/wp\/v2\/types\/post"}],"author":[{"embeddable":true,"href":"https:\/\/serveiseducatius.xtec.cat\/baixemporda\/wp-json\/wp\/v2\/users\/1"}],"replies":[{"embeddable":true,"href":"https:\/\/serveiseducatius.xtec.cat\/baixemporda\/wp-json\/wp\/v2\/comments?post=12574"}],"version-history":[{"count":2,"href":"https:\/\/serveiseducatius.xtec.cat\/baixemporda\/wp-json\/wp\/v2\/posts\/12574\/revisions"}],"predecessor-version":[{"id":12874,"href":"https:\/\/serveiseducatius.xtec.cat\/baixemporda\/wp-json\/wp\/v2\/posts\/12574\/revisions\/12874"}],"wp:featuredmedia":[{"embeddable":true,"href":"https:\/\/serveiseducatius.xtec.cat\/baixemporda\/wp-json\/wp\/v2\/media\/12575"}],"wp:attachment":[{"href":"https:\/\/serveiseducatius.xtec.cat\/baixemporda\/wp-json\/wp\/v2\/media?parent=12574"}],"wp:term":[{"taxonomy":"category","embeddable":true,"href":"https:\/\/serveiseducatius.xtec.cat\/baixemporda\/wp-json\/wp\/v2\/categories?post=12574"},{"taxonomy":"post_tag","embeddable":true,"href":"https:\/\/serveiseducatius.xtec.cat\/baixemporda\/wp-json\/wp\/v2\/tags?post=12574"}],"curies":[{"name":"wp","href":"https:\/\/api.w.org\/{rel}","templated":true}]}}