{"id":12523,"date":"2022-02-14T10:27:57","date_gmt":"2022-02-14T09:27:57","guid":{"rendered":"https:\/\/serveiseducatius.xtec.cat\/baixemporda\/?p=12523"},"modified":"2022-02-15T17:07:24","modified_gmt":"2022-02-15T16:07:24","slug":"acte-de-reconeixement-a-lluis-maruny","status":"publish","type":"post","link":"https:\/\/serveiseducatius.xtec.cat\/baixemporda\/general\/acte-de-reconeixement-a-lluis-maruny\/","title":{"rendered":"Acte de reconeixement a Llu\u00eds Maruny Curto"},"content":{"rendered":"<p><a href=\"https:\/\/serveiseducatius.xtec.cat\/baixemporda\/wp-content\/uploads\/usu1155\/2022\/02\/Record-a-Lluis-Maruny-Curto-1-scaled.jpg\"><img loading=\"lazy\" decoding=\"async\" class=\"aligncenter size-large wp-image-12565\" src=\"https:\/\/serveiseducatius.xtec.cat\/baixemporda\/wp-content\/uploads\/usu1155\/2022\/02\/Record-a-Lluis-Maruny-Curto-1-1024x665.jpg\" alt=\"\" width=\"1024\" height=\"665\" srcset=\"https:\/\/serveiseducatius.xtec.cat\/baixemporda\/wp-content\/uploads\/usu1155\/2022\/02\/Record-a-Lluis-Maruny-Curto-1-1024x665.jpg 1024w, https:\/\/serveiseducatius.xtec.cat\/baixemporda\/wp-content\/uploads\/usu1155\/2022\/02\/Record-a-Lluis-Maruny-Curto-1-300x195.jpg 300w, https:\/\/serveiseducatius.xtec.cat\/baixemporda\/wp-content\/uploads\/usu1155\/2022\/02\/Record-a-Lluis-Maruny-Curto-1-768x499.jpg 768w, https:\/\/serveiseducatius.xtec.cat\/baixemporda\/wp-content\/uploads\/usu1155\/2022\/02\/Record-a-Lluis-Maruny-Curto-1-1536x998.jpg 1536w, https:\/\/serveiseducatius.xtec.cat\/baixemporda\/wp-content\/uploads\/usu1155\/2022\/02\/Record-a-Lluis-Maruny-Curto-1-2048x1330.jpg 2048w\" sizes=\"auto, (max-width: 1024px) 100vw, 1024px\" \/><\/a><\/p>\n<p style=\"text-align: justify;\">La delegaci\u00f3 de Girona del <a href=\"https:\/\/www.copc.cat\/delegacio-territorial-de-girona\" target=\"_blank\" rel=\"noopener\">Col\u00b7legi Oficial de Psicologia de Catalunya<\/a>, amb la col\u00b7laboraci\u00f3 de l&#8217;<a href=\"http:\/\/labisbal.cat\/\" target=\"_blank\" rel=\"noopener\">Ajuntament de la Bisbal d&#8217;Empord\u00e0<\/a> i el <a href=\"https:\/\/serveiseducatius.xtec.cat\/baixemporda\/\" target=\"_blank\" rel=\"noopener\">Servei Educatiu del Baix Empord\u00e0<\/a>, us convida a l&#8217;acte de reconeixement a <strong>Llu\u00eds Maruny Curto Psic\u00f2leg, una vida plena de saviesa i de comprom\u00eds<\/strong>. L&#8217;acte tindr\u00e0 lloc el <strong>dijous 3 de mar\u00e7 de 2022<\/strong> a les <strong>19h<\/strong> al teatre El Mundial de la Bisbal d&#8217;Empord\u00e0.<\/p>\n<p style=\"text-align: justify;\">Per q\u00fcestions d&#8217;aforament i refrigeri, caldr\u00e0 que confirmeu assist\u00e8ncia al tel\u00e8fon <strong>972 222 710<\/strong> o al correu electr\u00f2nic <strong>suport.gi@copc.cat<\/strong><\/p>\n","protected":false},"excerpt":{"rendered":"<p>La delegaci\u00f3 de Girona del Col\u00b7legi Oficial de Psicologia de Catalunya, amb la col\u00b7laboraci\u00f3 de l&#8217;Ajuntament de la Bisbal d&#8217;Empord\u00e0 i el Servei Educatiu del Baix Empord\u00e0, us convida a l&#8217;acte de reconeixement a Llu\u00eds Maruny Curto Psic\u00f2leg, una vida plena de saviesa i de comprom\u00eds. L&#8217;acte tindr\u00e0 lloc el dijous 3 de mar\u00e7 de [&hellip;]<\/p>\n","protected":false},"author":1,"featured_media":12565,"comment_status":"closed","ping_status":"closed","sticky":false,"template":"","format":"standard","meta":{"_bbp_topic_count":0,"_bbp_reply_count":0,"_bbp_total_topic_count":0,"_bbp_total_reply_count":0,"_bbp_voice_count":0,"_bbp_anonymous_reply_count":0,"_bbp_topic_count_hidden":0,"_bbp_reply_count_hidden":0,"_bbp_forum_subforum_count":0,"site-sidebar-layout":"default","site-content-layout":"","ast-site-content-layout":"","site-content-style":"default","site-sidebar-style":"default","ast-global-header-display":"","ast-banner-title-visibility":"","ast-main-header-display":"","ast-hfb-above-header-display":"","ast-hfb-below-header-display":"","ast-hfb-mobile-header-display":"","site-post-title":"","ast-breadcrumbs-content":"","ast-featured-img":"","footer-sml-layout":"","theme-transparent-header-meta":"","adv-header-id-meta":"","stick-header-meta":"","header-above-stick-meta":"","header-main-stick-meta":"","header-below-stick-meta":"","astra-migrate-meta-layouts":"default","ast-page-background-enabled":"default","ast-page-background-meta":{"desktop":{"background-color":"var(--ast-global-color-4)","background-image":"","background-repeat":"repeat","background-position":"center center","background-size":"auto","background-attachment":"scroll","background-type":"","background-media":"","overlay-type":"","overlay-color":"","overlay-opacity":"","overlay-gradient":""},"tablet":{"background-color":"","background-image":"","background-repeat":"repeat","background-position":"center center","background-size":"auto","background-attachment":"scroll","background-type":"","background-media":"","overlay-type":"","overlay-color":"","overlay-opacity":"","overlay-gradient":""},"mobile":{"background-color":"","background-image":"","background-repeat":"repeat","background-position":"center center","background-size":"auto","background-attachment":"scroll","background-type":"","background-media":"","overlay-type":"","overlay-color":"","overlay-opacity":"","overlay-gradient":""}},"ast-content-background-meta":{"desktop":{"background-color":"var(--ast-global-color-5)","background-image":"","background-repeat":"repeat","background-position":"center center","background-size":"auto","background-attachment":"scroll","background-type":"","background-media":"","overlay-type":"","overlay-color":"","overlay-opacity":"","overlay-gradient":""},"tablet":{"background-color":"var(--ast-global-color-5)","background-image":"","background-repeat":"repeat","background-position":"center center","background-size":"auto","background-attachment":"scroll","background-type":"","background-media":"","overlay-type":"","overlay-color":"","overlay-opacity":"","overlay-gradient":""},"mobile":{"background-color":"var(--ast-global-color-5)","background-image":"","background-repeat":"repeat","background-position":"center center","background-size":"auto","background-attachment":"scroll","background-type":"","background-media":"","overlay-type":"","overlay-color":"","overlay-opacity":"","overlay-gradient":""}},"footnotes":""},"categories":[65,1,297,29],"tags":[369],"class_list":["post-12523","post","type-post","status-publish","format-standard","has-post-thumbnail","hentry","category-crp","category-general","category-novetats-comunitat","category-portada","tag-curs-21-22"],"post_mailing_queue_ids":[],"_links":{"self":[{"href":"https:\/\/serveiseducatius.xtec.cat\/baixemporda\/wp-json\/wp\/v2\/posts\/12523","targetHints":{"allow":["GET"]}}],"collection":[{"href":"https:\/\/serveiseducatius.xtec.cat\/baixemporda\/wp-json\/wp\/v2\/posts"}],"about":[{"href":"https:\/\/serveiseducatius.xtec.cat\/baixemporda\/wp-json\/wp\/v2\/types\/post"}],"author":[{"embeddable":true,"href":"https:\/\/serveiseducatius.xtec.cat\/baixemporda\/wp-json\/wp\/v2\/users\/1"}],"replies":[{"embeddable":true,"href":"https:\/\/serveiseducatius.xtec.cat\/baixemporda\/wp-json\/wp\/v2\/comments?post=12523"}],"version-history":[{"count":3,"href":"https:\/\/serveiseducatius.xtec.cat\/baixemporda\/wp-json\/wp\/v2\/posts\/12523\/revisions"}],"predecessor-version":[{"id":12566,"href":"https:\/\/serveiseducatius.xtec.cat\/baixemporda\/wp-json\/wp\/v2\/posts\/12523\/revisions\/12566"}],"wp:featuredmedia":[{"embeddable":true,"href":"https:\/\/serveiseducatius.xtec.cat\/baixemporda\/wp-json\/wp\/v2\/media\/12565"}],"wp:attachment":[{"href":"https:\/\/serveiseducatius.xtec.cat\/baixemporda\/wp-json\/wp\/v2\/media?parent=12523"}],"wp:term":[{"taxonomy":"category","embeddable":true,"href":"https:\/\/serveiseducatius.xtec.cat\/baixemporda\/wp-json\/wp\/v2\/categories?post=12523"},{"taxonomy":"post_tag","embeddable":true,"href":"https:\/\/serveiseducatius.xtec.cat\/baixemporda\/wp-json\/wp\/v2\/tags?post=12523"}],"curies":[{"name":"wp","href":"https:\/\/api.w.org\/{rel}","templated":true}]}}