{"id":12493,"date":"2022-02-08T09:17:56","date_gmt":"2022-02-08T08:17:56","guid":{"rendered":"https:\/\/serveiseducatius.xtec.cat\/baixemporda\/?p=12493"},"modified":"2022-02-10T12:42:04","modified_gmt":"2022-02-10T11:42:04","slug":"iv-jornades-culturals-eoi-sant-feliu-de-guixols","status":"publish","type":"post","link":"https:\/\/serveiseducatius.xtec.cat\/baixemporda\/general\/iv-jornades-culturals-eoi-sant-feliu-de-guixols\/","title":{"rendered":"IV Jornades Culturals EOI Sant Feliu de Gu\u00edxols"},"content":{"rendered":"<p><a href=\"https:\/\/serveiseducatius.xtec.cat\/baixemporda\/wp-content\/uploads\/usu1155\/2022\/02\/eoi.jpg\"><img loading=\"lazy\" decoding=\"async\" class=\"aligncenter wp-image-12494\" src=\"https:\/\/serveiseducatius.xtec.cat\/baixemporda\/wp-content\/uploads\/usu1155\/2022\/02\/eoi.jpg\" alt=\"\" width=\"419\" height=\"279\" srcset=\"https:\/\/serveiseducatius.xtec.cat\/baixemporda\/wp-content\/uploads\/usu1155\/2022\/02\/eoi.jpg 600w, https:\/\/serveiseducatius.xtec.cat\/baixemporda\/wp-content\/uploads\/usu1155\/2022\/02\/eoi-300x200.jpg 300w\" sizes=\"auto, (max-width: 419px) 100vw, 419px\" \/><\/a><\/p>\n<p style=\"text-align: justify;\">Els dies\u00a0<strong>16 i 17 de febrer<\/strong>\u00a0tindr\u00e0 lloc\u00a0<strong>la quarta edici\u00f3 de les Jornades Culturals<\/strong> de l\u2019Escola Oficial d\u2019Idiomes Sant Feliu de Gu\u00edxols.\u00a0L\u2019edici\u00f3 d\u2019aquest any es far\u00e0 en\u00a0<strong>format virtual.\u00a0<\/strong>Les activitats estan<strong>\u00a0obertes a tothom<\/strong>\u00a0i s\u00f3n\u00a0<strong>gratu\u00eftes<\/strong>.<\/p>\n<p style=\"text-align: justify;\">Per poder participar-hi, les persones interessades han d\u2019omplir\u00a0<strong>un formulari d\u2019inscripci\u00f3 per a cadascuna de les sessions<\/strong>\u00a0a les quals volen assistir. Abans de cada sessi\u00f3 a les persones inscrites se\u2019ls hi enviar\u00e0 l\u2019enlla\u00e7 per a la connexi\u00f3.<\/p>\n<p style=\"text-align: justify;\">Trobeu els\u00a0<strong>enlla\u00e7os als<\/strong>\u00a0<b>formularis d\u2019inscripci\u00f3<\/b>\u00a0al\u00a0<a href=\"https:\/\/docs.google.com\/document\/d\/18bf2AG3bITjA9nZGvtpB3MLhDcl8E3C8-Yr2L2rzQuY\/edit?usp=sharing\">Programa d\u2019activitats<\/a>.\u00a0Per rebre m\u00e9s informaci\u00f3 sobre com seguir les sessions en l\u00ednia, envieu un correu a\u00a0<a href=\"mailto:eoiguixols@xtec.cat\">eoiguixols@xtec.cat.<\/a><\/p>\n","protected":false},"excerpt":{"rendered":"<p>Els dies\u00a016 i 17 de febrer\u00a0tindr\u00e0 lloc\u00a0la quarta edici\u00f3 de les Jornades Culturals de l\u2019Escola Oficial d\u2019Idiomes Sant Feliu de Gu\u00edxols.\u00a0L\u2019edici\u00f3 d\u2019aquest any es far\u00e0 en\u00a0format virtual.\u00a0Les activitats estan\u00a0obertes a tothom\u00a0i s\u00f3n\u00a0gratu\u00eftes. Per poder participar-hi, les persones interessades han d\u2019omplir\u00a0un formulari d\u2019inscripci\u00f3 per a cadascuna de les sessions\u00a0a les quals volen assistir. Abans de cada [&hellip;]<\/p>\n","protected":false},"author":1,"featured_media":12494,"comment_status":"closed","ping_status":"closed","sticky":false,"template":"","format":"standard","meta":{"_bbp_topic_count":0,"_bbp_reply_count":0,"_bbp_total_topic_count":0,"_bbp_total_reply_count":0,"_bbp_voice_count":0,"_bbp_anonymous_reply_count":0,"_bbp_topic_count_hidden":0,"_bbp_reply_count_hidden":0,"_bbp_forum_subforum_count":0,"site-sidebar-layout":"default","site-content-layout":"","ast-site-content-layout":"","site-content-style":"default","site-sidebar-style":"default","ast-global-header-display":"","ast-banner-title-visibility":"","ast-main-header-display":"","ast-hfb-above-header-display":"","ast-hfb-below-header-display":"","ast-hfb-mobile-header-display":"","site-post-title":"","ast-breadcrumbs-content":"","ast-featured-img":"","footer-sml-layout":"","theme-transparent-header-meta":"","adv-header-id-meta":"","stick-header-meta":"","header-above-stick-meta":"","header-main-stick-meta":"","header-below-stick-meta":"","astra-migrate-meta-layouts":"default","ast-page-background-enabled":"default","ast-page-background-meta":{"desktop":{"background-color":"var(--ast-global-color-4)","background-image":"","background-repeat":"repeat","background-position":"center center","background-size":"auto","background-attachment":"scroll","background-type":"","background-media":"","overlay-type":"","overlay-color":"","overlay-opacity":"","overlay-gradient":""},"tablet":{"background-color":"","background-image":"","background-repeat":"repeat","background-position":"center center","background-size":"auto","background-attachment":"scroll","background-type":"","background-media":"","overlay-type":"","overlay-color":"","overlay-opacity":"","overlay-gradient":""},"mobile":{"background-color":"","background-image":"","background-repeat":"repeat","background-position":"center center","background-size":"auto","background-attachment":"scroll","background-type":"","background-media":"","overlay-type":"","overlay-color":"","overlay-opacity":"","overlay-gradient":""}},"ast-content-background-meta":{"desktop":{"background-color":"var(--ast-global-color-5)","background-image":"","background-repeat":"repeat","background-position":"center center","background-size":"auto","background-attachment":"scroll","background-type":"","background-media":"","overlay-type":"","overlay-color":"","overlay-opacity":"","overlay-gradient":""},"tablet":{"background-color":"var(--ast-global-color-5)","background-image":"","background-repeat":"repeat","background-position":"center center","background-size":"auto","background-attachment":"scroll","background-type":"","background-media":"","overlay-type":"","overlay-color":"","overlay-opacity":"","overlay-gradient":""},"mobile":{"background-color":"var(--ast-global-color-5)","background-image":"","background-repeat":"repeat","background-position":"center center","background-size":"auto","background-attachment":"scroll","background-type":"","background-media":"","overlay-type":"","overlay-color":"","overlay-opacity":"","overlay-gradient":""}},"footnotes":""},"categories":[65,1,296,29],"tags":[369],"class_list":["post-12493","post","type-post","status-publish","format-standard","has-post-thumbnail","hentry","category-crp","category-general","category-novetats-dinamitzacio","category-portada","tag-curs-21-22"],"post_mailing_queue_ids":[],"_links":{"self":[{"href":"https:\/\/serveiseducatius.xtec.cat\/baixemporda\/wp-json\/wp\/v2\/posts\/12493","targetHints":{"allow":["GET"]}}],"collection":[{"href":"https:\/\/serveiseducatius.xtec.cat\/baixemporda\/wp-json\/wp\/v2\/posts"}],"about":[{"href":"https:\/\/serveiseducatius.xtec.cat\/baixemporda\/wp-json\/wp\/v2\/types\/post"}],"author":[{"embeddable":true,"href":"https:\/\/serveiseducatius.xtec.cat\/baixemporda\/wp-json\/wp\/v2\/users\/1"}],"replies":[{"embeddable":true,"href":"https:\/\/serveiseducatius.xtec.cat\/baixemporda\/wp-json\/wp\/v2\/comments?post=12493"}],"version-history":[{"count":1,"href":"https:\/\/serveiseducatius.xtec.cat\/baixemporda\/wp-json\/wp\/v2\/posts\/12493\/revisions"}],"predecessor-version":[{"id":12495,"href":"https:\/\/serveiseducatius.xtec.cat\/baixemporda\/wp-json\/wp\/v2\/posts\/12493\/revisions\/12495"}],"wp:featuredmedia":[{"embeddable":true,"href":"https:\/\/serveiseducatius.xtec.cat\/baixemporda\/wp-json\/wp\/v2\/media\/12494"}],"wp:attachment":[{"href":"https:\/\/serveiseducatius.xtec.cat\/baixemporda\/wp-json\/wp\/v2\/media?parent=12493"}],"wp:term":[{"taxonomy":"category","embeddable":true,"href":"https:\/\/serveiseducatius.xtec.cat\/baixemporda\/wp-json\/wp\/v2\/categories?post=12493"},{"taxonomy":"post_tag","embeddable":true,"href":"https:\/\/serveiseducatius.xtec.cat\/baixemporda\/wp-json\/wp\/v2\/tags?post=12493"}],"curies":[{"name":"wp","href":"https:\/\/api.w.org\/{rel}","templated":true}]}}