{"id":12365,"date":"2022-02-16T18:00:12","date_gmt":"2022-02-16T17:00:12","guid":{"rendered":"https:\/\/serveiseducatius.xtec.cat\/baixemporda\/?p=12365"},"modified":"2022-02-21T09:05:19","modified_gmt":"2022-02-21T08:05:19","slug":"literatura-infantil-i-juvenil-i-alumnes-desmotivats","status":"publish","type":"post","link":"https:\/\/serveiseducatius.xtec.cat\/baixemporda\/general\/literatura-infantil-i-juvenil-i-alumnes-desmotivats\/","title":{"rendered":"Literatura infantil i juvenil i alumnes desmotivats"},"content":{"rendered":"<p><img loading=\"lazy\" decoding=\"async\" class=\"aligncenter wp-image-12366\" src=\"https:\/\/serveiseducatius.xtec.cat\/baixemporda\/wp-content\/uploads\/usu1155\/2022\/01\/CONFERENCIES-Neus-REAL-16-02-22-1-1024x1024.png\" alt=\"\" width=\"395\" height=\"394\" srcset=\"https:\/\/serveiseducatius.xtec.cat\/baixemporda\/wp-content\/uploads\/usu1155\/2022\/01\/CONFERENCIES-Neus-REAL-16-02-22-1-1024x1024.png 1024w, https:\/\/serveiseducatius.xtec.cat\/baixemporda\/wp-content\/uploads\/usu1155\/2022\/01\/CONFERENCIES-Neus-REAL-16-02-22-1-300x300.png 300w, https:\/\/serveiseducatius.xtec.cat\/baixemporda\/wp-content\/uploads\/usu1155\/2022\/01\/CONFERENCIES-Neus-REAL-16-02-22-1-150x150.png 150w, https:\/\/serveiseducatius.xtec.cat\/baixemporda\/wp-content\/uploads\/usu1155\/2022\/01\/CONFERENCIES-Neus-REAL-16-02-22-1-768x768.png 768w, https:\/\/serveiseducatius.xtec.cat\/baixemporda\/wp-content\/uploads\/usu1155\/2022\/01\/CONFERENCIES-Neus-REAL-16-02-22-1-1536x1536.png 1536w, https:\/\/serveiseducatius.xtec.cat\/baixemporda\/wp-content\/uploads\/usu1155\/2022\/01\/CONFERENCIES-Neus-REAL-16-02-22-1.png 2000w\" sizes=\"auto, (max-width: 395px) 100vw, 395px\" \/><\/p>\n<p style=\"text-align: justify;\">El passat <strong>dimecres 16 de febrer a les 17.30h<\/strong> va tenir lloc la <strong>tercera videoconfer\u00e8ncia<\/strong> del segon cicle de confer\u00e8ncies que du a terme el Servei Educatiu del Baix Empord\u00e0. Va anar a c\u00e0rrec de la <strong>Neus Real<\/strong>, doctora en filologia catalana, especialitzada en l\u2019estudi de l\u2019acc\u00e9s de les dones al m\u00f3n literari i membre de GRETEL (Grup d\u2019Investigaci\u00f3 de Literatura Infantil i Juvenil i Educaci\u00f3 Liter\u00e0ria de la Universitat Aut\u00f2noma de Barcelona) i tamb\u00e9 professora de la UAB, amb el nom <strong>Literatura infantil i juvenil i alumnes desmotivats<\/strong>.<\/p>\n<p style=\"text-align: justify;\">Si us interessa la <strong>presentaci\u00f3<\/strong> que va utilitzar la Neus Real, la podeu obtenir al seg\u00fcent <a href=\"https:\/\/drive.google.com\/file\/d\/15Rv-av-aLDpPj2pCBJZMf7n76s-gDpsj\/view?usp=sharing\" target=\"_blank\" rel=\"noopener\">enlla\u00e7<\/a>. I tamb\u00e9 podeu utilitzar el seg\u00fcent <a href=\"https:\/\/drive.google.com\/file\/d\/1VHIxS8BEIQFsdUwiaNM3RxUdXeEKUEfZ\/view\" target=\"_blank\" rel=\"noopener\">document<\/a> per afavorir el <strong>debat i la reflexi\u00f3 al centre<\/strong> sobre els aspectes treballats a la confer\u00e8ncia. Qu\u00e8 fem ja del que ens ha explicat la Neus? Qu\u00e8 podem introduir? Com ho podem planificar?<\/p>\n<p style=\"text-align: justify;\">Us enllacem, finalment, els <strong>dos v\u00eddeos<\/strong> que la Neus Real ens va proposar durant la videoconfer\u00e8ncia:\u00a0<a href=\"https:\/\/www.youtube.com\/watch?v=hNglMTKKajI\" target=\"_blank\" rel=\"noopener\">BookFace 20-21<\/a> i <a href=\"https:\/\/www.youtube.com\/watch?v=vHvsTMj8qc8\" target=\"_blank\" rel=\"noopener\">Lectura a l&#8217;escola Francesc Aldea de Terrassa<\/a>.<\/p>\n<p>Esperem que la videoconfer\u00e8ncia fos del vostre inter\u00e8s i que us serv\u00eds per aplicar algunes de les idees que ens va exposar la Neus Real al vostre centre educatiu.<\/p>\n","protected":false},"excerpt":{"rendered":"<p>El passat dimecres 16 de febrer a les 17.30h va tenir lloc la tercera videoconfer\u00e8ncia del segon cicle de confer\u00e8ncies que du a terme el Servei Educatiu del Baix Empord\u00e0. Va anar a c\u00e0rrec de la Neus Real, doctora en filologia catalana, especialitzada en l\u2019estudi de l\u2019acc\u00e9s de les dones al m\u00f3n literari i membre [&hellip;]<\/p>\n","protected":false},"author":1,"featured_media":12366,"comment_status":"closed","ping_status":"closed","sticky":false,"template":"","format":"standard","meta":{"_bbp_topic_count":0,"_bbp_reply_count":0,"_bbp_total_topic_count":0,"_bbp_total_reply_count":0,"_bbp_voice_count":0,"_bbp_anonymous_reply_count":0,"_bbp_topic_count_hidden":0,"_bbp_reply_count_hidden":0,"_bbp_forum_subforum_count":0,"site-sidebar-layout":"default","site-content-layout":"","ast-site-content-layout":"","site-content-style":"default","site-sidebar-style":"default","ast-global-header-display":"","ast-banner-title-visibility":"","ast-main-header-display":"","ast-hfb-above-header-display":"","ast-hfb-below-header-display":"","ast-hfb-mobile-header-display":"","site-post-title":"","ast-breadcrumbs-content":"","ast-featured-img":"","footer-sml-layout":"","theme-transparent-header-meta":"","adv-header-id-meta":"","stick-header-meta":"","header-above-stick-meta":"","header-main-stick-meta":"","header-below-stick-meta":"","astra-migrate-meta-layouts":"default","ast-page-background-enabled":"default","ast-page-background-meta":{"desktop":{"background-color":"var(--ast-global-color-4)","background-image":"","background-repeat":"repeat","background-position":"center center","background-size":"auto","background-attachment":"scroll","background-type":"","background-media":"","overlay-type":"","overlay-color":"","overlay-opacity":"","overlay-gradient":""},"tablet":{"background-color":"","background-image":"","background-repeat":"repeat","background-position":"center center","background-size":"auto","background-attachment":"scroll","background-type":"","background-media":"","overlay-type":"","overlay-color":"","overlay-opacity":"","overlay-gradient":""},"mobile":{"background-color":"","background-image":"","background-repeat":"repeat","background-position":"center center","background-size":"auto","background-attachment":"scroll","background-type":"","background-media":"","overlay-type":"","overlay-color":"","overlay-opacity":"","overlay-gradient":""}},"ast-content-background-meta":{"desktop":{"background-color":"var(--ast-global-color-5)","background-image":"","background-repeat":"repeat","background-position":"center center","background-size":"auto","background-attachment":"scroll","background-type":"","background-media":"","overlay-type":"","overlay-color":"","overlay-opacity":"","overlay-gradient":""},"tablet":{"background-color":"var(--ast-global-color-5)","background-image":"","background-repeat":"repeat","background-position":"center center","background-size":"auto","background-attachment":"scroll","background-type":"","background-media":"","overlay-type":"","overlay-color":"","overlay-opacity":"","overlay-gradient":""},"mobile":{"background-color":"var(--ast-global-color-5)","background-image":"","background-repeat":"repeat","background-position":"center center","background-size":"auto","background-attachment":"scroll","background-type":"","background-media":"","overlay-type":"","overlay-color":"","overlay-opacity":"","overlay-gradient":""}},"footnotes":""},"categories":[65,1,299,29],"tags":[369],"class_list":["post-12365","post","type-post","status-publish","format-standard","has-post-thumbnail","hentry","category-crp","category-general","category-novform","category-portada","tag-curs-21-22"],"post_mailing_queue_ids":[],"_links":{"self":[{"href":"https:\/\/serveiseducatius.xtec.cat\/baixemporda\/wp-json\/wp\/v2\/posts\/12365","targetHints":{"allow":["GET"]}}],"collection":[{"href":"https:\/\/serveiseducatius.xtec.cat\/baixemporda\/wp-json\/wp\/v2\/posts"}],"about":[{"href":"https:\/\/serveiseducatius.xtec.cat\/baixemporda\/wp-json\/wp\/v2\/types\/post"}],"author":[{"embeddable":true,"href":"https:\/\/serveiseducatius.xtec.cat\/baixemporda\/wp-json\/wp\/v2\/users\/1"}],"replies":[{"embeddable":true,"href":"https:\/\/serveiseducatius.xtec.cat\/baixemporda\/wp-json\/wp\/v2\/comments?post=12365"}],"version-history":[{"count":4,"href":"https:\/\/serveiseducatius.xtec.cat\/baixemporda\/wp-json\/wp\/v2\/posts\/12365\/revisions"}],"predecessor-version":[{"id":12596,"href":"https:\/\/serveiseducatius.xtec.cat\/baixemporda\/wp-json\/wp\/v2\/posts\/12365\/revisions\/12596"}],"wp:featuredmedia":[{"embeddable":true,"href":"https:\/\/serveiseducatius.xtec.cat\/baixemporda\/wp-json\/wp\/v2\/media\/12366"}],"wp:attachment":[{"href":"https:\/\/serveiseducatius.xtec.cat\/baixemporda\/wp-json\/wp\/v2\/media?parent=12365"}],"wp:term":[{"taxonomy":"category","embeddable":true,"href":"https:\/\/serveiseducatius.xtec.cat\/baixemporda\/wp-json\/wp\/v2\/categories?post=12365"},{"taxonomy":"post_tag","embeddable":true,"href":"https:\/\/serveiseducatius.xtec.cat\/baixemporda\/wp-json\/wp\/v2\/tags?post=12365"}],"curies":[{"name":"wp","href":"https:\/\/api.w.org\/{rel}","templated":true}]}}