{"id":11945,"date":"2021-11-17T11:24:29","date_gmt":"2021-11-17T10:24:29","guid":{"rendered":"https:\/\/serveiseducatius.xtec.cat\/baixemporda\/?p=11945"},"modified":"2021-11-19T12:00:19","modified_gmt":"2021-11-19T11:00:19","slug":"xarxa-territorial-de-cultura-digital","status":"publish","type":"post","link":"https:\/\/serveiseducatius.xtec.cat\/baixemporda\/general\/xarxa-territorial-de-cultura-digital\/","title":{"rendered":"Xarxa Territorial de Cultura Digital"},"content":{"rendered":"<p><a href=\"https:\/\/projectes.xtec.cat\/xtcd\/\" target=\"_blank\" rel=\"noopener\"><img loading=\"lazy\" decoding=\"async\" class=\"size-medium wp-image-11946 aligncenter\" src=\"https:\/\/serveiseducatius.xtec.cat\/baixemporda\/wp-content\/uploads\/usu1155\/2021\/11\/XTCD_noulogo-300x171.jpg\" alt=\"\" width=\"300\" height=\"171\" srcset=\"https:\/\/serveiseducatius.xtec.cat\/baixemporda\/wp-content\/uploads\/usu1155\/2021\/11\/XTCD_noulogo-300x171.jpg 300w, https:\/\/serveiseducatius.xtec.cat\/baixemporda\/wp-content\/uploads\/usu1155\/2021\/11\/XTCD_noulogo.jpg 511w\" sizes=\"auto, (max-width: 300px) 100vw, 300px\" \/><\/a><\/p>\n<p style=\"text-align: justify;\">Com b\u00e9 sabeu, aquest curs (2021-2022) hi ha hagut moltes novetats relacionades amb la cultura digital. D&#8217;un sol seminari (XTCD) el curs passat, hem passat a tenir tres subxarxes diferents, tal com us exposem a continuaci\u00f3.<\/p>\n<p style=\"text-align: justify;\">Actualment, la <a href=\"https:\/\/projectes.xtec.cat\/xtcd\/\" target=\"_blank\" rel=\"noopener\">Xarxa Territorial de Cultura Digital<\/a> (XTCD), que engloba les tres subxarxes, \u00e9s un punt de trobada i acompanyament en el <strong>proc\u00e9s de transformaci\u00f3 digital dels centres educatius<\/strong> de Catalunya. L\u2019<strong>objectiu principal<\/strong> \u00e9s intercanviar i compartir experi\u00e8ncies d\u2019aula i de centre, sumar i enriquir la feina que ja s\u2019est\u00e0 fent arreu del territori, tot potenciant el treball en xarxa i facilitant espais de coordinaci\u00f3 i documentaci\u00f3.<\/p>\n<p>Aquest curs, comptem amb aquestes <strong>tres\u00a0subxarxes diferents<\/strong>:<\/p>\n<ul>\n<li style=\"text-align: justify;\"><a href=\"https:\/\/projectes.xtec.cat\/xtcd\/competencia-digital-docent\/\" target=\"_blank\" rel=\"noopener\">Subxarxa de Compet\u00e8ncia Digital Docent<\/a>, <strong>dirigida a tots els docents<\/strong> per millorar la compet\u00e8ncia digital docent. S\u2019ent\u00e9n per <a href=\"https:\/\/repositori.educacio.gencat.cat\/bitstream\/handle\/20.500.12694\/229\/competencia_digital_docent_del_professorat_de_catalunya_2018.pdf?sequence=1\" target=\"_blank\" rel=\"noopener\">compet\u00e8ncia digital docent<\/a> la capacitat que tenen els docents de mobilitzar i transferir tots els seus coneixements, estrat\u00e8gies, habilitats i actituds sobre les tecnologies per a l\u2019E-A en situacions reals i concretes de la seva pr\u00e0ctica professional per tal de facilitar l\u2019aprenentatge de tot l\u2019alumnat i l\u2019adquisici\u00f3 de la seva compet\u00e8ncia digital. Al Baix Empord\u00e0 comptem amb m\u00e9s de 100 inscrits en aquesta formaci\u00f3. Els formadors s\u00f3n: la Mireia Garcia i en Jes\u00fas Mart\u00ed (referents digitals del CRP).<\/li>\n<li style=\"text-align: justify;\"><a href=\"https:\/\/projectes.xtec.cat\/xtcd\/estrategia-digital-de-centre\/\" target=\"_blank\" rel=\"noopener\">Subxarxa d&#8217;Estrat\u00e8gia Digital de Centre<\/a>, <strong>dirigida als centres que facin la<\/strong> <strong>FiC d&#8217;Estrat\u00e8gia Digital de Centre<\/strong>. Aquesta subxarxa proporciona un espai de comunicaci\u00f3 entre els diferents grups de treball de les comissions d\u2019estrat\u00e8gia digital de centre. \u00c9s un espai per compartir experi\u00e8ncies, eines i recursos, per\u00f2 tamb\u00e9 dubtes i dificultats. Els formadors d&#8217;aquesta subxarxa s\u00f3n els mentors digitals. En el nostre cas, en <a href=\"https:\/\/sites.google.com\/xtec.cat\/mentoriadigital-baixemporda\/inici\">Joan Casamitjana.<\/a><\/li>\n<li style=\"text-align: justify;\"><a href=\"https:\/\/projectes.xtec.cat\/xtcd\/coordinacio-digital-de-centre\/\" target=\"_blank\" rel=\"noopener\">Subxarxa de Coordinaci\u00f3 Digital de Centre<\/a>, <strong>dirigida a les coordinadores digitals dels centres educatius<\/strong>. Aquesta subxarxa proporciona un espai de comunicaci\u00f3 on tractar els temes relacionats amb la coordinaci\u00f3 digital de centre. El formador, en aquest cas, tamb\u00e9 \u00e9s el mentor (amb el suport dels referents digitals del CRP).<\/li>\n<\/ul>\n<p><a href=\"https:\/\/serveiseducatius.xtec.cat\/baixemporda\/wp-content\/uploads\/usu1155\/2021\/11\/unnamed.jpg\"><img loading=\"lazy\" decoding=\"async\" class=\"size-medium wp-image-11947 aligncenter\" src=\"https:\/\/serveiseducatius.xtec.cat\/baixemporda\/wp-content\/uploads\/usu1155\/2021\/11\/unnamed-300x300.jpg\" alt=\"\" width=\"300\" height=\"300\" srcset=\"https:\/\/serveiseducatius.xtec.cat\/baixemporda\/wp-content\/uploads\/usu1155\/2021\/11\/unnamed-300x300.jpg 300w, https:\/\/serveiseducatius.xtec.cat\/baixemporda\/wp-content\/uploads\/usu1155\/2021\/11\/unnamed-150x150.jpg 150w, https:\/\/serveiseducatius.xtec.cat\/baixemporda\/wp-content\/uploads\/usu1155\/2021\/11\/unnamed.jpg 512w\" sizes=\"auto, (max-width: 300px) 100vw, 300px\" \/><\/a><\/p>\n<p style=\"text-align: justify;\">El <a href=\"https:\/\/educacio.gencat.cat\/ca\/departament\/linies-estrategiques\/pla-educacio-digital\/\" target=\"_blank\" rel=\"noopener\">Pla d&#8217;educaci\u00f3 digital de Catalunya<\/a> 2020-2023, presentat pel Departament d&#8217;Educaci\u00f3 en el marc de la XII legislatura, t\u00e9 com a objectiu <strong>contribuir al desenvolupament de les compet\u00e8ncies digitals<\/strong> que els ciutadans i les ciutadanes necessiten per viure i treballar en una societat caracteritzada per les transformacions i els canvis accelerats derivats de les mateixes tecnologies.\u00a0<strong>De cares a finals del curs 2022-23, tots els centres educatius hauran de tenir finalitzada la seva <a href=\"https:\/\/educacio.gencat.cat\/ca\/departament\/publicacions\/colleccions\/pla-educacio-digital\/estrategia-digital-centre\/index.html\" target=\"_blank\" rel=\"noopener\">Estrat\u00e8gia Digital de Centre<\/a> (EDC)<\/strong>, un document que defineix i concreta les l\u00ednies d&#8217;actuaci\u00f3 d&#8217;un centre que fan possible que docents, alumnat i centre assoleixin la compet\u00e8ncia digital. A m\u00e9s, caldr\u00e0 que el 80% dels docents de Catalunya acreditin el nivell B1 de compet\u00e8ncia digital docent.<\/p>\n<p style=\"text-align: justify;\">Per aquest motiu, des d&#8217;aquest curs s&#8217;estan impulsant m\u00e9s <strong>formacions relacionades amb la cultura digital,<\/strong> tamb\u00e9 a trav\u00e9s de les subxarxes. Per altra banda, els centres educatius podran dur a terme una <strong>formaci\u00f3 interna de centre (FIC) vinculada a l&#8217;Estrat\u00e8gia Digital <\/strong>que han d&#8217;elaborar,\u00a0amb el suport d&#8217;un <strong>mentor\/a digital<\/strong> (encarregat d&#8217;impulsar la digitalitzaci\u00f3 dels centres educatius catalans). La figura del <a href=\"http:\/\/xtec.gencat.cat\/ca\/centres\/mentors-digitals\/\" target=\"_blank\" rel=\"noopener\">mentor\/a digital<\/a> s&#8217;encarregar\u00e0 d\u2019acompanyar i implementar l\u2019Estrat\u00e8gia Digital als Centres, EDC. A partir del mes de gener es preveu que s&#8217;ampli\u00ef el nombre de mentors digitals per a cada zona, gr\u00e0cies a la convocat\u00f2ria de contractaci\u00f3 d&#8217;aquest passat mes d&#8217;octubre.<\/p>\n<p>Per a qualsevol cosa, no dubteu en contactar amb els referents de cultura digital de la comarca: Mireia Garcia i Jes\u00fas Mart\u00ed.<\/p>\n","protected":false},"excerpt":{"rendered":"<p>Com b\u00e9 sabeu, aquest curs (2021-2022) hi ha hagut moltes novetats relacionades amb la cultura digital. D&#8217;un sol seminari (XTCD) el curs passat, hem passat a tenir tres subxarxes diferents, tal com us exposem a continuaci\u00f3. Actualment, la Xarxa Territorial de Cultura Digital (XTCD), que engloba les tres subxarxes, \u00e9s un punt de trobada i [&hellip;]<\/p>\n","protected":false},"author":1,"featured_media":11946,"comment_status":"closed","ping_status":"closed","sticky":false,"template":"","format":"standard","meta":{"_bbp_topic_count":0,"_bbp_reply_count":0,"_bbp_total_topic_count":0,"_bbp_total_reply_count":0,"_bbp_voice_count":0,"_bbp_anonymous_reply_count":0,"_bbp_topic_count_hidden":0,"_bbp_reply_count_hidden":0,"_bbp_forum_subforum_count":0,"site-sidebar-layout":"default","site-content-layout":"","ast-site-content-layout":"","site-content-style":"default","site-sidebar-style":"default","ast-global-header-display":"","ast-banner-title-visibility":"","ast-main-header-display":"","ast-hfb-above-header-display":"","ast-hfb-below-header-display":"","ast-hfb-mobile-header-display":"","site-post-title":"","ast-breadcrumbs-content":"","ast-featured-img":"","footer-sml-layout":"","theme-transparent-header-meta":"","adv-header-id-meta":"","stick-header-meta":"","header-above-stick-meta":"","header-main-stick-meta":"","header-below-stick-meta":"","astra-migrate-meta-layouts":"default","ast-page-background-enabled":"default","ast-page-background-meta":{"desktop":{"background-color":"var(--ast-global-color-4)","background-image":"","background-repeat":"repeat","background-position":"center center","background-size":"auto","background-attachment":"scroll","background-type":"","background-media":"","overlay-type":"","overlay-color":"","overlay-opacity":"","overlay-gradient":""},"tablet":{"background-color":"","background-image":"","background-repeat":"repeat","background-position":"center center","background-size":"auto","background-attachment":"scroll","background-type":"","background-media":"","overlay-type":"","overlay-color":"","overlay-opacity":"","overlay-gradient":""},"mobile":{"background-color":"","background-image":"","background-repeat":"repeat","background-position":"center center","background-size":"auto","background-attachment":"scroll","background-type":"","background-media":"","overlay-type":"","overlay-color":"","overlay-opacity":"","overlay-gradient":""}},"ast-content-background-meta":{"desktop":{"background-color":"var(--ast-global-color-5)","background-image":"","background-repeat":"repeat","background-position":"center center","background-size":"auto","background-attachment":"scroll","background-type":"","background-media":"","overlay-type":"","overlay-color":"","overlay-opacity":"","overlay-gradient":""},"tablet":{"background-color":"var(--ast-global-color-5)","background-image":"","background-repeat":"repeat","background-position":"center center","background-size":"auto","background-attachment":"scroll","background-type":"","background-media":"","overlay-type":"","overlay-color":"","overlay-opacity":"","overlay-gradient":""},"mobile":{"background-color":"var(--ast-global-color-5)","background-image":"","background-repeat":"repeat","background-position":"center center","background-size":"auto","background-attachment":"scroll","background-type":"","background-media":"","overlay-type":"","overlay-color":"","overlay-opacity":"","overlay-gradient":""}},"footnotes":""},"categories":[65,1,299,29],"tags":[369],"class_list":["post-11945","post","type-post","status-publish","format-standard","has-post-thumbnail","hentry","category-crp","category-general","category-novform","category-portada","tag-curs-21-22"],"post_mailing_queue_ids":[],"_links":{"self":[{"href":"https:\/\/serveiseducatius.xtec.cat\/baixemporda\/wp-json\/wp\/v2\/posts\/11945","targetHints":{"allow":["GET"]}}],"collection":[{"href":"https:\/\/serveiseducatius.xtec.cat\/baixemporda\/wp-json\/wp\/v2\/posts"}],"about":[{"href":"https:\/\/serveiseducatius.xtec.cat\/baixemporda\/wp-json\/wp\/v2\/types\/post"}],"author":[{"embeddable":true,"href":"https:\/\/serveiseducatius.xtec.cat\/baixemporda\/wp-json\/wp\/v2\/users\/1"}],"replies":[{"embeddable":true,"href":"https:\/\/serveiseducatius.xtec.cat\/baixemporda\/wp-json\/wp\/v2\/comments?post=11945"}],"version-history":[{"count":3,"href":"https:\/\/serveiseducatius.xtec.cat\/baixemporda\/wp-json\/wp\/v2\/posts\/11945\/revisions"}],"predecessor-version":[{"id":12002,"href":"https:\/\/serveiseducatius.xtec.cat\/baixemporda\/wp-json\/wp\/v2\/posts\/11945\/revisions\/12002"}],"wp:featuredmedia":[{"embeddable":true,"href":"https:\/\/serveiseducatius.xtec.cat\/baixemporda\/wp-json\/wp\/v2\/media\/11946"}],"wp:attachment":[{"href":"https:\/\/serveiseducatius.xtec.cat\/baixemporda\/wp-json\/wp\/v2\/media?parent=11945"}],"wp:term":[{"taxonomy":"category","embeddable":true,"href":"https:\/\/serveiseducatius.xtec.cat\/baixemporda\/wp-json\/wp\/v2\/categories?post=11945"},{"taxonomy":"post_tag","embeddable":true,"href":"https:\/\/serveiseducatius.xtec.cat\/baixemporda\/wp-json\/wp\/v2\/tags?post=11945"}],"curies":[{"name":"wp","href":"https:\/\/api.w.org\/{rel}","templated":true}]}}