{"id":11351,"date":"2021-09-09T12:49:12","date_gmt":"2021-09-09T10:49:12","guid":{"rendered":"https:\/\/serveiseducatius.xtec.cat\/baixemporda\/?p=11351"},"modified":"2021-09-17T11:48:08","modified_gmt":"2021-09-17T09:48:08","slug":"nova-modalitat-de-formacio-itineraris-formatius","status":"publish","type":"post","link":"https:\/\/serveiseducatius.xtec.cat\/baixemporda\/general\/nova-modalitat-de-formacio-itineraris-formatius\/","title":{"rendered":"Nova modalitat de formaci\u00f3: Itineraris Formatius"},"content":{"rendered":"<p><a href=\"https:\/\/serveiseducatius.xtec.cat\/baixemporda\/formacio\/itineraris-formatius\/\"><img loading=\"lazy\" decoding=\"async\" class=\"size-medium wp-image-11377 aligncenter\" src=\"https:\/\/serveiseducatius.xtec.cat\/baixemporda\/wp-content\/uploads\/usu1155\/2021\/09\/Aules-virtuals-300x163.png\" alt=\"\" width=\"300\" height=\"163\" srcset=\"https:\/\/serveiseducatius.xtec.cat\/baixemporda\/wp-content\/uploads\/usu1155\/2021\/09\/Aules-virtuals-300x163.png 300w, https:\/\/serveiseducatius.xtec.cat\/baixemporda\/wp-content\/uploads\/usu1155\/2021\/09\/Aules-virtuals-1024x556.png 1024w, https:\/\/serveiseducatius.xtec.cat\/baixemporda\/wp-content\/uploads\/usu1155\/2021\/09\/Aules-virtuals-768x417.png 768w, https:\/\/serveiseducatius.xtec.cat\/baixemporda\/wp-content\/uploads\/usu1155\/2021\/09\/Aules-virtuals.png 1095w\" sizes=\"auto, (max-width: 300px) 100vw, 300px\" \/><\/a><\/p>\n<p style=\"text-align: justify;\">Aquest curs ens estrenem amb una nova modalitat de formaci\u00f3: <strong>els Itineraris Formatius, <\/strong>que s\u00f3n una barreja entre els tallers en centre i les Formacions Internes de Centre (FIC).<\/p>\n<p style=\"text-align: justify;\">En total a la nostra comarca es realitzaran\u00a0 5 itineraris relacionats amb tem\u00e0tiques i \u00e0mbits diversos:<\/p>\n<ul style=\"text-align: justify;\">\n<li><b>Mesures i suports universals:\u00a0<\/b> pret\u00e9n cercar\u00a0 mesures necess\u00e0ries per introduir les accions i pr\u00e0ctiques, de car\u00e0cter preventiu i proactiu, que permetin flexibilitzar el context d\u2019aprenentatge, i\u00a0 proporcionar als alumnes estrat\u00e8gies per facilitar-los l\u2019acc\u00e9s a l\u2019aprenentatge i la participaci\u00f3.<\/li>\n<li><strong>Instruments d\u2019avaluaci\u00f3:\u00a0 <\/strong>vol donar a con\u00e8ixer i aprofundir en els instruments d&#8217;avaluaci\u00f3 per treballar d&#8217;una manera m\u00e9s competencial.<\/li>\n<li><strong>Matem\u00e0tiques manipulatives:<\/strong>\u00a0 itinerari destinat a enfortir la formaci\u00f3 del professorat per capacitar-lo en la resposta educativa al treball competencial de matem\u00e0tiques.<\/li>\n<li><strong>Metodologies globalitzadores:\u00a0 <\/strong>enfocat a con\u00e8ixer i introduir les metodologies\u00a0 que afavoreixin l&#8217;adquisici\u00f3 de coneixements, habilitats i estrat\u00e8gies competencials per part de l&#8217;alumnat, aix\u00ed com atendre els alumnes des d&#8217;un punt de vista inclusiu.<\/li>\n<li><strong>Resoluci\u00f3 de conflictes:<\/strong> oferir\u00e0 eines per transformar les relacions i millorar-les, fer canvis personals i socials, aprendre noves i millors maneres d\u2019afrontar i resoldre els problemes.<\/li>\n<\/ul>\n<p style=\"text-align: justify;\">Aquests itineraris arribaran a un total de <strong>22 centres<\/strong> de la comarca, que s\u2019hi han acollit en funci\u00f3 de les seves necessitats formatives particulars. Hi haur\u00e0 sessions virtuals conjuntes, i sessions de treball \u201cindividual\u201d (en centre), que ha de permetre l\u2019aplicaci\u00f3 i la transfer\u00e8ncia dels continguts, i que el grau d\u2019aprofitament de la formaci\u00f3 sigui el m\u00e9s elevat possible.<\/p>\n<p style=\"text-align: justify;\">Per dur a terme els itineraris, el CRP ha buscat professionals experts en els temes dels quals es fa itinerari, i a trav\u00e9s de <a href=\"https:\/\/serveiseducatius.xtec.cat\/baixemporda\/formacio\/itineraris-formatius\/\">les aules virtuals<\/a> es desenvoluparan les sessions i s&#8217;hi podr\u00e0 trobar tota la informaci\u00f3 referent.<\/p>\n<p style=\"text-align: justify;\">Esperem que aquesta nova modalitat sigui una bona f\u00f2rmula per fer arribar l&#8217;activitat formativa al m\u00e0xim nombre de centres i de docents.<\/p>\n","protected":false},"excerpt":{"rendered":"<p>Aquest curs ens estrenem amb una nova modalitat de formaci\u00f3: els Itineraris Formatius, que s\u00f3n una barreja entre els tallers en centre i les Formacions Internes de Centre (FIC). En total a la nostra comarca es realitzaran\u00a0 5 itineraris relacionats amb tem\u00e0tiques i \u00e0mbits diversos: Mesures i suports universals:\u00a0 pret\u00e9n cercar\u00a0 mesures necess\u00e0ries per introduir [&hellip;]<\/p>\n","protected":false},"author":1,"featured_media":11377,"comment_status":"closed","ping_status":"closed","sticky":false,"template":"","format":"standard","meta":{"_bbp_topic_count":0,"_bbp_reply_count":0,"_bbp_total_topic_count":0,"_bbp_total_reply_count":0,"_bbp_voice_count":0,"_bbp_anonymous_reply_count":0,"_bbp_topic_count_hidden":0,"_bbp_reply_count_hidden":0,"_bbp_forum_subforum_count":0,"site-sidebar-layout":"default","site-content-layout":"","ast-site-content-layout":"","site-content-style":"default","site-sidebar-style":"default","ast-global-header-display":"","ast-banner-title-visibility":"","ast-main-header-display":"","ast-hfb-above-header-display":"","ast-hfb-below-header-display":"","ast-hfb-mobile-header-display":"","site-post-title":"","ast-breadcrumbs-content":"","ast-featured-img":"","footer-sml-layout":"","theme-transparent-header-meta":"","adv-header-id-meta":"","stick-header-meta":"","header-above-stick-meta":"","header-main-stick-meta":"","header-below-stick-meta":"","astra-migrate-meta-layouts":"default","ast-page-background-enabled":"default","ast-page-background-meta":{"desktop":{"background-color":"var(--ast-global-color-4)","background-image":"","background-repeat":"repeat","background-position":"center center","background-size":"auto","background-attachment":"scroll","background-type":"","background-media":"","overlay-type":"","overlay-color":"","overlay-opacity":"","overlay-gradient":""},"tablet":{"background-color":"","background-image":"","background-repeat":"repeat","background-position":"center center","background-size":"auto","background-attachment":"scroll","background-type":"","background-media":"","overlay-type":"","overlay-color":"","overlay-opacity":"","overlay-gradient":""},"mobile":{"background-color":"","background-image":"","background-repeat":"repeat","background-position":"center center","background-size":"auto","background-attachment":"scroll","background-type":"","background-media":"","overlay-type":"","overlay-color":"","overlay-opacity":"","overlay-gradient":""}},"ast-content-background-meta":{"desktop":{"background-color":"var(--ast-global-color-5)","background-image":"","background-repeat":"repeat","background-position":"center center","background-size":"auto","background-attachment":"scroll","background-type":"","background-media":"","overlay-type":"","overlay-color":"","overlay-opacity":"","overlay-gradient":""},"tablet":{"background-color":"var(--ast-global-color-5)","background-image":"","background-repeat":"repeat","background-position":"center center","background-size":"auto","background-attachment":"scroll","background-type":"","background-media":"","overlay-type":"","overlay-color":"","overlay-opacity":"","overlay-gradient":""},"mobile":{"background-color":"var(--ast-global-color-5)","background-image":"","background-repeat":"repeat","background-position":"center center","background-size":"auto","background-attachment":"scroll","background-type":"","background-media":"","overlay-type":"","overlay-color":"","overlay-opacity":"","overlay-gradient":""}},"footnotes":""},"categories":[65,1,299,29],"tags":[369],"class_list":["post-11351","post","type-post","status-publish","format-standard","has-post-thumbnail","hentry","category-crp","category-general","category-novform","category-portada","tag-curs-21-22"],"post_mailing_queue_ids":[],"_links":{"self":[{"href":"https:\/\/serveiseducatius.xtec.cat\/baixemporda\/wp-json\/wp\/v2\/posts\/11351","targetHints":{"allow":["GET"]}}],"collection":[{"href":"https:\/\/serveiseducatius.xtec.cat\/baixemporda\/wp-json\/wp\/v2\/posts"}],"about":[{"href":"https:\/\/serveiseducatius.xtec.cat\/baixemporda\/wp-json\/wp\/v2\/types\/post"}],"author":[{"embeddable":true,"href":"https:\/\/serveiseducatius.xtec.cat\/baixemporda\/wp-json\/wp\/v2\/users\/1"}],"replies":[{"embeddable":true,"href":"https:\/\/serveiseducatius.xtec.cat\/baixemporda\/wp-json\/wp\/v2\/comments?post=11351"}],"version-history":[{"count":3,"href":"https:\/\/serveiseducatius.xtec.cat\/baixemporda\/wp-json\/wp\/v2\/posts\/11351\/revisions"}],"predecessor-version":[{"id":11573,"href":"https:\/\/serveiseducatius.xtec.cat\/baixemporda\/wp-json\/wp\/v2\/posts\/11351\/revisions\/11573"}],"wp:featuredmedia":[{"embeddable":true,"href":"https:\/\/serveiseducatius.xtec.cat\/baixemporda\/wp-json\/wp\/v2\/media\/11377"}],"wp:attachment":[{"href":"https:\/\/serveiseducatius.xtec.cat\/baixemporda\/wp-json\/wp\/v2\/media?parent=11351"}],"wp:term":[{"taxonomy":"category","embeddable":true,"href":"https:\/\/serveiseducatius.xtec.cat\/baixemporda\/wp-json\/wp\/v2\/categories?post=11351"},{"taxonomy":"post_tag","embeddable":true,"href":"https:\/\/serveiseducatius.xtec.cat\/baixemporda\/wp-json\/wp\/v2\/tags?post=11351"}],"curies":[{"name":"wp","href":"https:\/\/api.w.org\/{rel}","templated":true}]}}