{"id":11194,"date":"2021-06-17T08:43:40","date_gmt":"2021-06-17T06:43:40","guid":{"rendered":"http:\/\/serveiseducatius.xtec.cat\/baixemporda\/?p=11194"},"modified":"2021-06-17T08:43:40","modified_gmt":"2021-06-17T06:43:40","slug":"trobada-per-unes-escoles-mediterranies-inclusives","status":"publish","type":"post","link":"https:\/\/serveiseducatius.xtec.cat\/baixemporda\/general\/trobada-per-unes-escoles-mediterranies-inclusives\/","title":{"rendered":"Trobada per unes escoles mediterr\u00e0nies inclusives"},"content":{"rendered":"<p><a href=\"https:\/\/medisinclusiveschools.eu\/ca\/\" target=\"_blank\" rel=\"noopener noreferrer\"><img loading=\"lazy\" decoding=\"async\" class=\"size-full wp-image-11195 aligncenter\" src=\"https:\/\/serveiseducatius.xtec.cat\/baixemporda\/wp-content\/uploads\/usu1155\/2021\/06\/homepagemedis.png\" alt=\"\" width=\"185\" height=\"113\" \/><\/a><\/p>\n<p style=\"text-align: justify;\">El Departament d\u2019Educaci\u00f3 juntament amb<b>\u00a0<\/b>\u00a0WUSMED\u00a0(<a href=\"http:\/\/secure-web.cisco.com\/10G__KBurTcmVYkhX2nOMIuzCblH22LERMe3DlXjGSbRXde9JpqwnCXLlq_c6QVUy55eKjWhIFt6FGCVOn5fL9G_4y2VEMP8vCDm3p5IauYbsZSzI3vl2KgO6UZ3Qx2a4dIGCGMizP70C4yYVZnv68Mw0UWWhRiAXJrCJ0gA0kBKAxYHKWMhnli18CE-Ao7lq26gSKJ5TUiU5MG2vN0a-7736pL3QG-UzrqndNmkxtCoJ4QH4_NSNO3EuJU_sM9V7kRjiBLrFDQE45PjuvEGF-vm9yAhHVzNyIUFETRQiZUpBI8WQH5JDcfxqwOwksjO4yFiha4BXyaXkfno810cDAFYDmuUuJB-UsYpLkdtoEn1t0ppFmT58mLrdhEzXPa-Zh3ryGoL16HsmEbppvVSERw\/http%3A%2F%2Fwww.wusmed.org%2F\" target=\"_blank\" rel=\"noopener noreferrer\" data-saferedirecturl=\"https:\/\/www.google.com\/url?q=http:\/\/secure-web.cisco.com\/10G__KBurTcmVYkhX2nOMIuzCblH22LERMe3DlXjGSbRXde9JpqwnCXLlq_c6QVUy55eKjWhIFt6FGCVOn5fL9G_4y2VEMP8vCDm3p5IauYbsZSzI3vl2KgO6UZ3Qx2a4dIGCGMizP70C4yYVZnv68Mw0UWWhRiAXJrCJ0gA0kBKAxYHKWMhnli18CE-Ao7lq26gSKJ5TUiU5MG2vN0a-7736pL3QG-UzrqndNmkxtCoJ4QH4_NSNO3EuJU_sM9V7kRjiBLrFDQE45PjuvEGF-vm9yAhHVzNyIUFETRQiZUpBI8WQH5JDcfxqwOwksjO4yFiha4BXyaXkfno810cDAFYDmuUuJB-UsYpLkdtoEn1t0ppFmT58mLrdhEzXPa-Zh3ryGoL16HsmEbppvVSERw\/http%253A%252F%252Fwww.wusmed.org%252F&amp;source=gmail&amp;ust=1623986114819000&amp;usg=AFQjCNGifWmrx6LtZ2p2VY7W00kS2UIDlA\">www.wusmed.org<\/a>) i l\u2019Institut de Ma\u00e7anet de la Selva presenten la trobada per unes escoles mediterr\u00e0nies inclusives dins el marc del projecte <b>MEDIS Inclusive Schools<\/b>. Aquesta trobada ser\u00e0 gratu\u00efta i ONLINE el dimarts dia\u00a0<b>6 de Juliol de les 10:00h a les 13:00h<\/b>, on s\u2019hi presentaran les bones pr\u00e0ctiques inclusives a les escoles a nivell internacional a trav\u00e9s de\u00a0<u>Miquel \u00c0ngel Essomba<\/u><u>\u00a0<\/u>i altres professionals de l\u2019educaci\u00f3 i la inclusi\u00f3 social.<\/p>\n<p style=\"text-align: justify;\">\u00a0La jornada constar\u00e0 de 3 parts:<\/p>\n<p style=\"text-align: justify;\">1)\u00a0EN ANGL\u00c8S\u00a0&#8211; Presentacions per part del Departament d\u2019Educaci\u00f3 i de WUSMED<\/p>\n<p style=\"text-align: justify;\">2)\u00a0EN CATAL\u00c0\u00a0&#8211; Divisi\u00f3 de la sessi\u00f3 en diferents sales dins la mateixa plataforma<\/p>\n<p style=\"text-align: justify;\">\u00a0(Espanya, It\u00e0lia, Portugal, Bulg\u00e0ria, Xipre i Gr\u00e8cia) per debatre les bones pr\u00e0ctiques.<\/p>\n<p style=\"text-align: justify;\">3)\u00a0EN ANGL\u00c8S\u00a0&#8211; Conclusions i cloenda<\/p>\n<p style=\"text-align: justify;\">Inscripcions a: <span lang=\"es\"><a href=\"https:\/\/zoom.us\/meeting\/register\/tJErceqsqzMtHdXs9oQ3-TxNKSB38S1jbRGP\" target=\"_blank\" rel=\"noopener noreferrer\" data-saferedirecturl=\"https:\/\/www.google.com\/url?q=https:\/\/zoom.us\/meeting\/register\/tJErceqsqzMtHdXs9oQ3-TxNKSB38S1jbRGP&amp;source=gmail&amp;ust=1623986114819000&amp;usg=AFQjCNGv7OARC3jSbDiOtwNuzV5MFGvIaw\"><span lang=\"ca\">https:\/\/zoom.us\/meeting\/<wbr \/>register\/tJErceqsqzMtHdXs9oQ3-<wbr \/>TxNKSB38S1jbRGP<\/span><\/a><\/span><\/p>\n<p style=\"text-align: justify;\">Podeu seguir les \u00faltimes novetats sobre l\u2019esdeveniment al Facebook de <a href=\"https:\/\/www.facebook.com\/wusmed\" target=\"_blank\" rel=\"noopener noreferrer\" data-saferedirecturl=\"https:\/\/www.google.com\/url?q=https:\/\/www.facebook.com\/wusmed&amp;source=gmail&amp;ust=1623986114819000&amp;usg=AFQjCNFTXzIWD8f5uqkIugqv1FPc5UfzMg\">WUSMED<\/a>\u00a0o del projecte\u00a0<a href=\"https:\/\/www.facebook.com\/MEDIS.InclusiveSchools\" target=\"_blank\" rel=\"noopener noreferrer\" data-saferedirecturl=\"https:\/\/www.google.com\/url?q=https:\/\/www.facebook.com\/MEDIS.InclusiveSchools&amp;source=gmail&amp;ust=1623986114819000&amp;usg=AFQjCNE--a8Lqr1EOagBTw15bPnBt1vdag\">MEDIS<\/a><\/p>\n<p style=\"text-align: justify;\">Per qualsevol dubte o aclariment, podeu posar-vos en contacte:<\/p>\n<ul type=\"disc\">\n<li style=\"list-style-type: none;\">\n<ul type=\"circle\">\n<li style=\"text-align: justify;\"><a href=\"mailto:projects@wusmed.org\" target=\"_blank\" rel=\"noopener noreferrer\">projects@wusmed.org<\/a><\/li>\n<li style=\"text-align: justify;\">Tel.: 722.43.47.56 (9:00h a 17:00h.)<\/li>\n<\/ul>\n<\/li>\n<\/ul>\n","protected":false},"excerpt":{"rendered":"<p>El Departament d\u2019Educaci\u00f3 juntament amb\u00a0\u00a0WUSMED\u00a0(www.wusmed.org) i l\u2019Institut de Ma\u00e7anet de la Selva presenten la trobada per unes escoles mediterr\u00e0nies inclusives dins el marc del projecte MEDIS Inclusive Schools. Aquesta trobada ser\u00e0 gratu\u00efta i ONLINE el dimarts dia\u00a06 de Juliol de les 10:00h a les 13:00h, on s\u2019hi presentaran les bones pr\u00e0ctiques inclusives a les escoles [&hellip;]<\/p>\n","protected":false},"author":1,"featured_media":11195,"comment_status":"closed","ping_status":"closed","sticky":false,"template":"","format":"standard","meta":{"_bbp_topic_count":0,"_bbp_reply_count":0,"_bbp_total_topic_count":0,"_bbp_total_reply_count":0,"_bbp_voice_count":0,"_bbp_anonymous_reply_count":0,"_bbp_topic_count_hidden":0,"_bbp_reply_count_hidden":0,"_bbp_forum_subforum_count":0,"site-sidebar-layout":"default","site-content-layout":"","ast-site-content-layout":"","site-content-style":"default","site-sidebar-style":"default","ast-global-header-display":"","ast-banner-title-visibility":"","ast-main-header-display":"","ast-hfb-above-header-display":"","ast-hfb-below-header-display":"","ast-hfb-mobile-header-display":"","site-post-title":"","ast-breadcrumbs-content":"","ast-featured-img":"","footer-sml-layout":"","theme-transparent-header-meta":"","adv-header-id-meta":"","stick-header-meta":"","header-above-stick-meta":"","header-main-stick-meta":"","header-below-stick-meta":"","astra-migrate-meta-layouts":"default","ast-page-background-enabled":"default","ast-page-background-meta":{"desktop":{"background-color":"var(--ast-global-color-4)","background-image":"","background-repeat":"repeat","background-position":"center center","background-size":"auto","background-attachment":"scroll","background-type":"","background-media":"","overlay-type":"","overlay-color":"","overlay-opacity":"","overlay-gradient":""},"tablet":{"background-color":"","background-image":"","background-repeat":"repeat","background-position":"center center","background-size":"auto","background-attachment":"scroll","background-type":"","background-media":"","overlay-type":"","overlay-color":"","overlay-opacity":"","overlay-gradient":""},"mobile":{"background-color":"","background-image":"","background-repeat":"repeat","background-position":"center center","background-size":"auto","background-attachment":"scroll","background-type":"","background-media":"","overlay-type":"","overlay-color":"","overlay-opacity":"","overlay-gradient":""}},"ast-content-background-meta":{"desktop":{"background-color":"var(--ast-global-color-5)","background-image":"","background-repeat":"repeat","background-position":"center center","background-size":"auto","background-attachment":"scroll","background-type":"","background-media":"","overlay-type":"","overlay-color":"","overlay-opacity":"","overlay-gradient":""},"tablet":{"background-color":"var(--ast-global-color-5)","background-image":"","background-repeat":"repeat","background-position":"center center","background-size":"auto","background-attachment":"scroll","background-type":"","background-media":"","overlay-type":"","overlay-color":"","overlay-opacity":"","overlay-gradient":""},"mobile":{"background-color":"var(--ast-global-color-5)","background-image":"","background-repeat":"repeat","background-position":"center center","background-size":"auto","background-attachment":"scroll","background-type":"","background-media":"","overlay-type":"","overlay-color":"","overlay-opacity":"","overlay-gradient":""}},"footnotes":""},"categories":[65,1,296,29],"tags":[],"class_list":["post-11194","post","type-post","status-publish","format-standard","has-post-thumbnail","hentry","category-crp","category-general","category-novetats-dinamitzacio","category-portada"],"post_mailing_queue_ids":[],"_links":{"self":[{"href":"https:\/\/serveiseducatius.xtec.cat\/baixemporda\/wp-json\/wp\/v2\/posts\/11194","targetHints":{"allow":["GET"]}}],"collection":[{"href":"https:\/\/serveiseducatius.xtec.cat\/baixemporda\/wp-json\/wp\/v2\/posts"}],"about":[{"href":"https:\/\/serveiseducatius.xtec.cat\/baixemporda\/wp-json\/wp\/v2\/types\/post"}],"author":[{"embeddable":true,"href":"https:\/\/serveiseducatius.xtec.cat\/baixemporda\/wp-json\/wp\/v2\/users\/1"}],"replies":[{"embeddable":true,"href":"https:\/\/serveiseducatius.xtec.cat\/baixemporda\/wp-json\/wp\/v2\/comments?post=11194"}],"version-history":[{"count":1,"href":"https:\/\/serveiseducatius.xtec.cat\/baixemporda\/wp-json\/wp\/v2\/posts\/11194\/revisions"}],"predecessor-version":[{"id":11196,"href":"https:\/\/serveiseducatius.xtec.cat\/baixemporda\/wp-json\/wp\/v2\/posts\/11194\/revisions\/11196"}],"wp:featuredmedia":[{"embeddable":true,"href":"https:\/\/serveiseducatius.xtec.cat\/baixemporda\/wp-json\/wp\/v2\/media\/11195"}],"wp:attachment":[{"href":"https:\/\/serveiseducatius.xtec.cat\/baixemporda\/wp-json\/wp\/v2\/media?parent=11194"}],"wp:term":[{"taxonomy":"category","embeddable":true,"href":"https:\/\/serveiseducatius.xtec.cat\/baixemporda\/wp-json\/wp\/v2\/categories?post=11194"},{"taxonomy":"post_tag","embeddable":true,"href":"https:\/\/serveiseducatius.xtec.cat\/baixemporda\/wp-json\/wp\/v2\/tags?post=11194"}],"curies":[{"name":"wp","href":"https:\/\/api.w.org\/{rel}","templated":true}]}}