{"id":11095,"date":"2021-06-09T09:23:47","date_gmt":"2021-06-09T07:23:47","guid":{"rendered":"http:\/\/serveiseducatius.xtec.cat\/baixemporda\/?p=11095"},"modified":"2021-06-10T16:00:11","modified_gmt":"2021-06-10T14:00:11","slug":"apadrinem-el-nostre-patrimoni-esc-portitxol-i-les-illes-medes-a-linfo-k","status":"publish","type":"post","link":"https:\/\/serveiseducatius.xtec.cat\/baixemporda\/general\/apadrinem-el-nostre-patrimoni-esc-portitxol-i-les-illes-medes-a-linfo-k\/","title":{"rendered":"Programa Apadrinem el nostre Patrimoni al Baix Empord\u00e0"},"content":{"rendered":"<p style=\"text-align: center;\"><iframe loading=\"lazy\" src=\"https:\/\/www.ccma.cat\/video\/embed\/super3\/6104863\/\" width=\"500px\" height=\"281px\" frameborder=\"0\"><\/iframe><\/p>\n<p style=\"text-align: justify;\">Dins del <strong>programa d&#8217;innovaci\u00f3 pedag\u00f2gica Apadrinem el nostre patrimoni<\/strong>, l&#8217;<a href=\"https:\/\/sites.google.com\/a\/xtec.cat\/escola-portitxol\/\" target=\"_blank\" rel=\"noopener noreferrer\">ESC El Portitxol<\/a> de l&#8217;Estartit apadrina des de fa anys les <strong>illes Medes<\/strong>. Aquest curs, l&#8217;alumnat de 5\u00e8 i 6\u00e8 han visitat les illes Medes un parell de vegades. Durant el segon trimestre, van anar a la Meda Gran, observant el far i les restes dels edificis on vivien els farers el segle passat. Fa poc, van fer-hi snorkel observant la fauna i la flora. Tot aquest projecte que dur a terme l&#8217;escola va ser explicat el\u00a0 dimarts 8 de juny a l&#8217;<a href=\"https:\/\/www.ccma.cat\/tv3\/super3\/infok\/el-fons-mari-de-les-illes-medes\/video\/6104863\/\" target=\"_blank\" rel=\"noopener noreferrer\">INFO-K <\/a>i al reportatge de la contraportada de <a href=\"https:\/\/www.ccma.cat\/tv3\/alacarta\/telenoticies\/apadrinament-de-les-illes-medes\/video\/6104923\/\" target=\"_blank\" rel=\"noopener noreferrer\">Telenot\u00edcies vespre de TV3<\/a>.<\/p>\n<p style=\"text-align: justify;\">El programa d&#8217;innovaci\u00f3 Apadrinem el nostre patrimoni implica qu\u200be un centre educatiu inclogui en el projecte educatiu del centre el coneixement, l&#8217;estudi i la projecci\u00f3 d&#8217;un element patrimonial de l&#8217;entorn local com a centre d&#8217;inter\u00e8s per a un o tots els seus nivells educatius.<\/p>\n<p style=\"text-align: justify;\">Apadrinem el nostre patrimoni vol afavorir la xarxa entre centres, potenciar l&#8217;aprenentatge i la transformaci\u00f3 educativa, la participaci\u00f3, els vincles, la inclusi\u00f3 i la pertinen\u00e7a al territori.<\/p>\n<p style=\"text-align: justify;\">L&#8217;inter\u00e8s dels centres en el programa a la comarca i les sol\u00b7licituds presentades per participar-hi a partir del proper curs ha fet que des del CRP del Baix Empord\u00e0, com a novetat, s&#8217;hagi previst organitzar un seminari on hi podran participar els centres que actualment hi participen, els nous i tots aquells interessats.<\/p>\n<p style=\"text-align: justify;\">El nou seminari Apadrinem el nostre Patrimoni voldr\u00e0 ser un espai per informar, compartir experi\u00e8ncies, acompanyar al centres per desenvolupar els seus projecte o preparar-los per les noves convocat\u00f2ries, un lloc de trobada per fer xarxa i fer cr\u00e9ixer la comunitat.<\/p>\n","protected":false},"excerpt":{"rendered":"<p>Dins del programa d&#8217;innovaci\u00f3 pedag\u00f2gica Apadrinem el nostre patrimoni, l&#8217;ESC El Portitxol de l&#8217;Estartit apadrina des de fa anys les illes Medes. Aquest curs, l&#8217;alumnat de 5\u00e8 i 6\u00e8 han visitat les illes Medes un parell de vegades. Durant el segon trimestre, van anar a la Meda Gran, observant el far i les restes dels [&hellip;]<\/p>\n","protected":false},"author":1,"featured_media":11096,"comment_status":"closed","ping_status":"closed","sticky":false,"template":"","format":"standard","meta":{"_bbp_topic_count":0,"_bbp_reply_count":0,"_bbp_total_topic_count":0,"_bbp_total_reply_count":0,"_bbp_voice_count":0,"_bbp_anonymous_reply_count":0,"_bbp_topic_count_hidden":0,"_bbp_reply_count_hidden":0,"_bbp_forum_subforum_count":0,"site-sidebar-layout":"default","site-content-layout":"","ast-site-content-layout":"","site-content-style":"default","site-sidebar-style":"default","ast-global-header-display":"","ast-banner-title-visibility":"","ast-main-header-display":"","ast-hfb-above-header-display":"","ast-hfb-below-header-display":"","ast-hfb-mobile-header-display":"","site-post-title":"","ast-breadcrumbs-content":"","ast-featured-img":"","footer-sml-layout":"","theme-transparent-header-meta":"","adv-header-id-meta":"","stick-header-meta":"","header-above-stick-meta":"","header-main-stick-meta":"","header-below-stick-meta":"","astra-migrate-meta-layouts":"default","ast-page-background-enabled":"default","ast-page-background-meta":{"desktop":{"background-color":"var(--ast-global-color-4)","background-image":"","background-repeat":"repeat","background-position":"center center","background-size":"auto","background-attachment":"scroll","background-type":"","background-media":"","overlay-type":"","overlay-color":"","overlay-opacity":"","overlay-gradient":""},"tablet":{"background-color":"","background-image":"","background-repeat":"repeat","background-position":"center center","background-size":"auto","background-attachment":"scroll","background-type":"","background-media":"","overlay-type":"","overlay-color":"","overlay-opacity":"","overlay-gradient":""},"mobile":{"background-color":"","background-image":"","background-repeat":"repeat","background-position":"center center","background-size":"auto","background-attachment":"scroll","background-type":"","background-media":"","overlay-type":"","overlay-color":"","overlay-opacity":"","overlay-gradient":""}},"ast-content-background-meta":{"desktop":{"background-color":"var(--ast-global-color-5)","background-image":"","background-repeat":"repeat","background-position":"center center","background-size":"auto","background-attachment":"scroll","background-type":"","background-media":"","overlay-type":"","overlay-color":"","overlay-opacity":"","overlay-gradient":""},"tablet":{"background-color":"var(--ast-global-color-5)","background-image":"","background-repeat":"repeat","background-position":"center center","background-size":"auto","background-attachment":"scroll","background-type":"","background-media":"","overlay-type":"","overlay-color":"","overlay-opacity":"","overlay-gradient":""},"mobile":{"background-color":"var(--ast-global-color-5)","background-image":"","background-repeat":"repeat","background-position":"center center","background-size":"auto","background-attachment":"scroll","background-type":"","background-media":"","overlay-type":"","overlay-color":"","overlay-opacity":"","overlay-gradient":""}},"footnotes":""},"categories":[65,1,297,29],"tags":[],"class_list":["post-11095","post","type-post","status-publish","format-standard","has-post-thumbnail","hentry","category-crp","category-general","category-novetats-comunitat","category-portada"],"post_mailing_queue_ids":[],"_links":{"self":[{"href":"https:\/\/serveiseducatius.xtec.cat\/baixemporda\/wp-json\/wp\/v2\/posts\/11095","targetHints":{"allow":["GET"]}}],"collection":[{"href":"https:\/\/serveiseducatius.xtec.cat\/baixemporda\/wp-json\/wp\/v2\/posts"}],"about":[{"href":"https:\/\/serveiseducatius.xtec.cat\/baixemporda\/wp-json\/wp\/v2\/types\/post"}],"author":[{"embeddable":true,"href":"https:\/\/serveiseducatius.xtec.cat\/baixemporda\/wp-json\/wp\/v2\/users\/1"}],"replies":[{"embeddable":true,"href":"https:\/\/serveiseducatius.xtec.cat\/baixemporda\/wp-json\/wp\/v2\/comments?post=11095"}],"version-history":[{"count":4,"href":"https:\/\/serveiseducatius.xtec.cat\/baixemporda\/wp-json\/wp\/v2\/posts\/11095\/revisions"}],"predecessor-version":[{"id":11140,"href":"https:\/\/serveiseducatius.xtec.cat\/baixemporda\/wp-json\/wp\/v2\/posts\/11095\/revisions\/11140"}],"wp:featuredmedia":[{"embeddable":true,"href":"https:\/\/serveiseducatius.xtec.cat\/baixemporda\/wp-json\/wp\/v2\/media\/11096"}],"wp:attachment":[{"href":"https:\/\/serveiseducatius.xtec.cat\/baixemporda\/wp-json\/wp\/v2\/media?parent=11095"}],"wp:term":[{"taxonomy":"category","embeddable":true,"href":"https:\/\/serveiseducatius.xtec.cat\/baixemporda\/wp-json\/wp\/v2\/categories?post=11095"},{"taxonomy":"post_tag","embeddable":true,"href":"https:\/\/serveiseducatius.xtec.cat\/baixemporda\/wp-json\/wp\/v2\/tags?post=11095"}],"curies":[{"name":"wp","href":"https:\/\/api.w.org\/{rel}","templated":true}]}}