{"id":11082,"date":"2021-06-09T08:48:03","date_gmt":"2021-06-09T06:48:03","guid":{"rendered":"http:\/\/serveiseducatius.xtec.cat\/baixemporda\/?p=11082"},"modified":"2021-06-09T08:48:03","modified_gmt":"2021-06-09T06:48:03","slug":"orientacio-clau-dexit-en-la-formacio-de-persones-adultes","status":"publish","type":"post","link":"https:\/\/serveiseducatius.xtec.cat\/baixemporda\/general\/orientacio-clau-dexit-en-la-formacio-de-persones-adultes\/","title":{"rendered":"Orientaci\u00f3, clau d\u2019\u00e8xit en la formaci\u00f3 de persones adultes"},"content":{"rendered":"<p><a href=\"https:\/\/serveiseducatius.xtec.cat\/baixemporda\/wp-content\/uploads\/usu1155\/2021\/06\/Captura-de-pantalla-2021-06-08-a-las-13.11.24-e1623150732995.png\"><img loading=\"lazy\" decoding=\"async\" class=\"size-medium wp-image-11083 aligncenter\" src=\"https:\/\/serveiseducatius.xtec.cat\/baixemporda\/wp-content\/uploads\/usu1155\/2021\/06\/Captura-de-pantalla-2021-06-08-a-las-13.11.24-e1623150732995-300x169.png\" alt=\"\" width=\"300\" height=\"169\" srcset=\"https:\/\/serveiseducatius.xtec.cat\/baixemporda\/wp-content\/uploads\/usu1155\/2021\/06\/Captura-de-pantalla-2021-06-08-a-las-13.11.24-e1623150732995-300x169.png 300w, https:\/\/serveiseducatius.xtec.cat\/baixemporda\/wp-content\/uploads\/usu1155\/2021\/06\/Captura-de-pantalla-2021-06-08-a-las-13.11.24-e1623150732995.png 356w\" sizes=\"auto, (max-width: 300px) 100vw, 300px\" \/><\/a><\/p>\n<p style=\"text-align: justify;\">Des de la Subdirecci\u00f3 General de Transformaci\u00f3 Educativa del Servei d\u2019Educaci\u00f3 al Llarg de la Vida, s\u2019ha organitzat la jornada\u00a0<strong>Orientaci\u00f3, clau d\u2019\u00e8xit en la formaci\u00f3 de persones adultes.<\/strong><\/p>\n<p style=\"text-align: justify;\">Us convidem el proper\u00a0<strong>dijous 1 de juliol de 9 a 14h<\/strong>\u00a0a una jornada de treball per poder reflexionar i compartir experi\u00e8ncies sobre l\u2019orientaci\u00f3 educativa, amb una part inicial general i tot seguit amb una altra part contextualitzada en les diferents tipologies de l\u2019alumnat que hi ha als <strong>centres de formaci\u00f3 d\u2019adults<\/strong>, entre ells menors de 18 anys.<\/p>\n<p style=\"text-align: justify;\">La jornada es desenvolupar\u00e0 de forma telem\u00e0tica i tindr\u00e0 una durada aproximada de 5 hores. Us compartim\u00a0<a href=\"https:\/\/drive.google.com\/file\/d\/17JUWLHVAmpHAJuBnGB8yre2unboLTSPb\/view?usp=sharing\">el programa<\/a>\u00a0i la\u00a0<a href=\"https:\/\/aplicacions.gestioeducativa.gencat.cat\/pls\/soloas\/pk_for_mod_ins.p_for_detall_activitat?p_codi=9001590601&amp;p_curs=2020-2021&amp;p_es_inscr=S\">inscripci\u00f3<\/a>\u00a0a la jornada.<\/p>\n","protected":false},"excerpt":{"rendered":"<p>Des de la Subdirecci\u00f3 General de Transformaci\u00f3 Educativa del Servei d\u2019Educaci\u00f3 al Llarg de la Vida, s\u2019ha organitzat la jornada\u00a0Orientaci\u00f3, clau d\u2019\u00e8xit en la formaci\u00f3 de persones adultes. Us convidem el proper\u00a0dijous 1 de juliol de 9 a 14h\u00a0a una jornada de treball per poder reflexionar i compartir experi\u00e8ncies sobre l\u2019orientaci\u00f3 educativa, amb una part [&hellip;]<\/p>\n","protected":false},"author":1,"featured_media":11083,"comment_status":"closed","ping_status":"closed","sticky":false,"template":"","format":"standard","meta":{"_bbp_topic_count":0,"_bbp_reply_count":0,"_bbp_total_topic_count":0,"_bbp_total_reply_count":0,"_bbp_voice_count":0,"_bbp_anonymous_reply_count":0,"_bbp_topic_count_hidden":0,"_bbp_reply_count_hidden":0,"_bbp_forum_subforum_count":0,"site-sidebar-layout":"default","site-content-layout":"","ast-site-content-layout":"","site-content-style":"default","site-sidebar-style":"default","ast-global-header-display":"","ast-banner-title-visibility":"","ast-main-header-display":"","ast-hfb-above-header-display":"","ast-hfb-below-header-display":"","ast-hfb-mobile-header-display":"","site-post-title":"","ast-breadcrumbs-content":"","ast-featured-img":"","footer-sml-layout":"","theme-transparent-header-meta":"","adv-header-id-meta":"","stick-header-meta":"","header-above-stick-meta":"","header-main-stick-meta":"","header-below-stick-meta":"","astra-migrate-meta-layouts":"default","ast-page-background-enabled":"default","ast-page-background-meta":{"desktop":{"background-color":"var(--ast-global-color-4)","background-image":"","background-repeat":"repeat","background-position":"center center","background-size":"auto","background-attachment":"scroll","background-type":"","background-media":"","overlay-type":"","overlay-color":"","overlay-opacity":"","overlay-gradient":""},"tablet":{"background-color":"","background-image":"","background-repeat":"repeat","background-position":"center center","background-size":"auto","background-attachment":"scroll","background-type":"","background-media":"","overlay-type":"","overlay-color":"","overlay-opacity":"","overlay-gradient":""},"mobile":{"background-color":"","background-image":"","background-repeat":"repeat","background-position":"center center","background-size":"auto","background-attachment":"scroll","background-type":"","background-media":"","overlay-type":"","overlay-color":"","overlay-opacity":"","overlay-gradient":""}},"ast-content-background-meta":{"desktop":{"background-color":"var(--ast-global-color-5)","background-image":"","background-repeat":"repeat","background-position":"center center","background-size":"auto","background-attachment":"scroll","background-type":"","background-media":"","overlay-type":"","overlay-color":"","overlay-opacity":"","overlay-gradient":""},"tablet":{"background-color":"var(--ast-global-color-5)","background-image":"","background-repeat":"repeat","background-position":"center center","background-size":"auto","background-attachment":"scroll","background-type":"","background-media":"","overlay-type":"","overlay-color":"","overlay-opacity":"","overlay-gradient":""},"mobile":{"background-color":"var(--ast-global-color-5)","background-image":"","background-repeat":"repeat","background-position":"center center","background-size":"auto","background-attachment":"scroll","background-type":"","background-media":"","overlay-type":"","overlay-color":"","overlay-opacity":"","overlay-gradient":""}},"footnotes":""},"categories":[65,1,296,299,29],"tags":[],"class_list":["post-11082","post","type-post","status-publish","format-standard","has-post-thumbnail","hentry","category-crp","category-general","category-novetats-dinamitzacio","category-novform","category-portada"],"post_mailing_queue_ids":[],"_links":{"self":[{"href":"https:\/\/serveiseducatius.xtec.cat\/baixemporda\/wp-json\/wp\/v2\/posts\/11082","targetHints":{"allow":["GET"]}}],"collection":[{"href":"https:\/\/serveiseducatius.xtec.cat\/baixemporda\/wp-json\/wp\/v2\/posts"}],"about":[{"href":"https:\/\/serveiseducatius.xtec.cat\/baixemporda\/wp-json\/wp\/v2\/types\/post"}],"author":[{"embeddable":true,"href":"https:\/\/serveiseducatius.xtec.cat\/baixemporda\/wp-json\/wp\/v2\/users\/1"}],"replies":[{"embeddable":true,"href":"https:\/\/serveiseducatius.xtec.cat\/baixemporda\/wp-json\/wp\/v2\/comments?post=11082"}],"version-history":[{"count":2,"href":"https:\/\/serveiseducatius.xtec.cat\/baixemporda\/wp-json\/wp\/v2\/posts\/11082\/revisions"}],"predecessor-version":[{"id":11093,"href":"https:\/\/serveiseducatius.xtec.cat\/baixemporda\/wp-json\/wp\/v2\/posts\/11082\/revisions\/11093"}],"wp:featuredmedia":[{"embeddable":true,"href":"https:\/\/serveiseducatius.xtec.cat\/baixemporda\/wp-json\/wp\/v2\/media\/11083"}],"wp:attachment":[{"href":"https:\/\/serveiseducatius.xtec.cat\/baixemporda\/wp-json\/wp\/v2\/media?parent=11082"}],"wp:term":[{"taxonomy":"category","embeddable":true,"href":"https:\/\/serveiseducatius.xtec.cat\/baixemporda\/wp-json\/wp\/v2\/categories?post=11082"},{"taxonomy":"post_tag","embeddable":true,"href":"https:\/\/serveiseducatius.xtec.cat\/baixemporda\/wp-json\/wp\/v2\/tags?post=11082"}],"curies":[{"name":"wp","href":"https:\/\/api.w.org\/{rel}","templated":true}]}}