{"id":10998,"date":"2021-05-19T13:51:54","date_gmt":"2021-05-19T11:51:54","guid":{"rendered":"http:\/\/serveiseducatius.xtec.cat\/baixemporda\/?p=10998"},"modified":"2021-05-19T13:51:54","modified_gmt":"2021-05-19T11:51:54","slug":"festival-mariner-palamos-terra-de-mar","status":"publish","type":"post","link":"https:\/\/serveiseducatius.xtec.cat\/baixemporda\/general\/festival-mariner-palamos-terra-de-mar\/","title":{"rendered":"Festival Mariner Palam\u00f3s Terra de Mar"},"content":{"rendered":"<p><a href=\"http:\/\/palamosterrademar.cat\/\" target=\"_blank\" rel=\"noopener noreferrer\"><img loading=\"lazy\" decoding=\"async\" class=\"size-medium wp-image-10999 aligncenter\" src=\"https:\/\/serveiseducatius.xtec.cat\/baixemporda\/wp-content\/uploads\/usu1155\/2021\/05\/TdM21_baner_TW_1500x500-300x100.jpg\" alt=\"\" width=\"300\" height=\"100\" srcset=\"https:\/\/serveiseducatius.xtec.cat\/baixemporda\/wp-content\/uploads\/usu1155\/2021\/05\/TdM21_baner_TW_1500x500-300x100.jpg 300w, https:\/\/serveiseducatius.xtec.cat\/baixemporda\/wp-content\/uploads\/usu1155\/2021\/05\/TdM21_baner_TW_1500x500-768x256.jpg 768w, https:\/\/serveiseducatius.xtec.cat\/baixemporda\/wp-content\/uploads\/usu1155\/2021\/05\/TdM21_baner_TW_1500x500-1024x342.jpg 1024w\" sizes=\"auto, (max-width: 300px) 100vw, 300px\" \/><\/a><\/p>\n<p style=\"text-align: justify;\">Torna el\u00a0<strong>Festival Mariner Palam\u00f3s Terra de Mar<\/strong>, una gran festa al voltant del patrimoni mar\u00edtim, enguany dedicat al\u00a0<strong>Comer\u00e7 de Cabotatge de la Mediterr\u00e0nia.\u00a0<\/strong>El Festival \u00e9s una oportunitat especial d&#8217;entrar en contacte amb el m\u00f3n del mar des de diferents perspectives i de gaudir de tots tipus d&#8217;activitats l\u00fadiques i pedag\u00f2giques, adre\u00e7ades a un p\u00fablic especialment familiar i infantil.<\/p>\n<p style=\"text-align: justify;\">Palam\u00f3s Terra de Mar et convida a participar el festival mar\u00edtim dedicat a conscienciar sobre la import\u00e0ncia de mantenir uns oceans nets, saludables, productius i resilients.<\/p>\n<p style=\"text-align: justify;\">El festival es dur\u00e0 a terme els caps de setmana dels dies 22 &#8211; 23 (navegaci\u00f3 tradicional) i\u00a0 29 i 30 de maig (activitats blaves) i 5 i 6 de juny (esports i sostenibilitat). Si no s&#8217;especifica el contrari, totes les activitats tindran aforament limitat amb reserva pr\u00e8via.<\/p>\n<p style=\"text-align: justify;\">Durant tot el festival, els participants en qualsevol de les activitats amb reserva pr\u00e8via gaudiran\u00a0<strong>d&#8217;entrada gratu\u00efta<\/strong>\u00a0a l&#8217;exposici\u00f3 permanent del Museu de la Pesca presentant el ticket a la recepci\u00f3 del museu.<\/p>\n<p style=\"text-align: justify;\">Podeu trobar m\u00e9s informaci\u00f3 a la <a href=\"http:\/\/palamosterrademar.cat\/\" target=\"_blank\" rel=\"noopener noreferrer\">p\u00e0gina web del festival<\/a>.<\/p>\n<p style=\"text-align: justify;\">\n","protected":false},"excerpt":{"rendered":"<p>Torna el\u00a0Festival Mariner Palam\u00f3s Terra de Mar, una gran festa al voltant del patrimoni mar\u00edtim, enguany dedicat al\u00a0Comer\u00e7 de Cabotatge de la Mediterr\u00e0nia.\u00a0El Festival \u00e9s una oportunitat especial d&#8217;entrar en contacte amb el m\u00f3n del mar des de diferents perspectives i de gaudir de tots tipus d&#8217;activitats l\u00fadiques i pedag\u00f2giques, adre\u00e7ades a un p\u00fablic especialment [&hellip;]<\/p>\n","protected":false},"author":1,"featured_media":10999,"comment_status":"closed","ping_status":"closed","sticky":false,"template":"","format":"standard","meta":{"_bbp_topic_count":0,"_bbp_reply_count":0,"_bbp_total_topic_count":0,"_bbp_total_reply_count":0,"_bbp_voice_count":0,"_bbp_anonymous_reply_count":0,"_bbp_topic_count_hidden":0,"_bbp_reply_count_hidden":0,"_bbp_forum_subforum_count":0,"site-sidebar-layout":"default","site-content-layout":"","ast-site-content-layout":"","site-content-style":"default","site-sidebar-style":"default","ast-global-header-display":"","ast-banner-title-visibility":"","ast-main-header-display":"","ast-hfb-above-header-display":"","ast-hfb-below-header-display":"","ast-hfb-mobile-header-display":"","site-post-title":"","ast-breadcrumbs-content":"","ast-featured-img":"","footer-sml-layout":"","theme-transparent-header-meta":"","adv-header-id-meta":"","stick-header-meta":"","header-above-stick-meta":"","header-main-stick-meta":"","header-below-stick-meta":"","astra-migrate-meta-layouts":"default","ast-page-background-enabled":"default","ast-page-background-meta":{"desktop":{"background-color":"var(--ast-global-color-4)","background-image":"","background-repeat":"repeat","background-position":"center center","background-size":"auto","background-attachment":"scroll","background-type":"","background-media":"","overlay-type":"","overlay-color":"","overlay-opacity":"","overlay-gradient":""},"tablet":{"background-color":"","background-image":"","background-repeat":"repeat","background-position":"center center","background-size":"auto","background-attachment":"scroll","background-type":"","background-media":"","overlay-type":"","overlay-color":"","overlay-opacity":"","overlay-gradient":""},"mobile":{"background-color":"","background-image":"","background-repeat":"repeat","background-position":"center center","background-size":"auto","background-attachment":"scroll","background-type":"","background-media":"","overlay-type":"","overlay-color":"","overlay-opacity":"","overlay-gradient":""}},"ast-content-background-meta":{"desktop":{"background-color":"var(--ast-global-color-5)","background-image":"","background-repeat":"repeat","background-position":"center center","background-size":"auto","background-attachment":"scroll","background-type":"","background-media":"","overlay-type":"","overlay-color":"","overlay-opacity":"","overlay-gradient":""},"tablet":{"background-color":"var(--ast-global-color-5)","background-image":"","background-repeat":"repeat","background-position":"center center","background-size":"auto","background-attachment":"scroll","background-type":"","background-media":"","overlay-type":"","overlay-color":"","overlay-opacity":"","overlay-gradient":""},"mobile":{"background-color":"var(--ast-global-color-5)","background-image":"","background-repeat":"repeat","background-position":"center center","background-size":"auto","background-attachment":"scroll","background-type":"","background-media":"","overlay-type":"","overlay-color":"","overlay-opacity":"","overlay-gradient":""}},"footnotes":""},"categories":[65,1,297,29],"tags":[],"class_list":["post-10998","post","type-post","status-publish","format-standard","has-post-thumbnail","hentry","category-crp","category-general","category-novetats-comunitat","category-portada"],"post_mailing_queue_ids":[],"_links":{"self":[{"href":"https:\/\/serveiseducatius.xtec.cat\/baixemporda\/wp-json\/wp\/v2\/posts\/10998","targetHints":{"allow":["GET"]}}],"collection":[{"href":"https:\/\/serveiseducatius.xtec.cat\/baixemporda\/wp-json\/wp\/v2\/posts"}],"about":[{"href":"https:\/\/serveiseducatius.xtec.cat\/baixemporda\/wp-json\/wp\/v2\/types\/post"}],"author":[{"embeddable":true,"href":"https:\/\/serveiseducatius.xtec.cat\/baixemporda\/wp-json\/wp\/v2\/users\/1"}],"replies":[{"embeddable":true,"href":"https:\/\/serveiseducatius.xtec.cat\/baixemporda\/wp-json\/wp\/v2\/comments?post=10998"}],"version-history":[{"count":1,"href":"https:\/\/serveiseducatius.xtec.cat\/baixemporda\/wp-json\/wp\/v2\/posts\/10998\/revisions"}],"predecessor-version":[{"id":11000,"href":"https:\/\/serveiseducatius.xtec.cat\/baixemporda\/wp-json\/wp\/v2\/posts\/10998\/revisions\/11000"}],"wp:featuredmedia":[{"embeddable":true,"href":"https:\/\/serveiseducatius.xtec.cat\/baixemporda\/wp-json\/wp\/v2\/media\/10999"}],"wp:attachment":[{"href":"https:\/\/serveiseducatius.xtec.cat\/baixemporda\/wp-json\/wp\/v2\/media?parent=10998"}],"wp:term":[{"taxonomy":"category","embeddable":true,"href":"https:\/\/serveiseducatius.xtec.cat\/baixemporda\/wp-json\/wp\/v2\/categories?post=10998"},{"taxonomy":"post_tag","embeddable":true,"href":"https:\/\/serveiseducatius.xtec.cat\/baixemporda\/wp-json\/wp\/v2\/tags?post=10998"}],"curies":[{"name":"wp","href":"https:\/\/api.w.org\/{rel}","templated":true}]}}