{"id":10773,"date":"2021-04-20T09:13:06","date_gmt":"2021-04-20T07:13:06","guid":{"rendered":"http:\/\/serveiseducatius.xtec.cat\/baixemporda\/?p=10773"},"modified":"2021-04-20T09:13:06","modified_gmt":"2021-04-20T07:13:06","slug":"nova-sessio-del-congres-nacional-deducacio-ambiental-2020-2021","status":"publish","type":"post","link":"https:\/\/serveiseducatius.xtec.cat\/baixemporda\/general\/nova-sessio-del-congres-nacional-deducacio-ambiental-2020-2021\/","title":{"rendered":"Nova sessi\u00f3 del Congr\u00e9s Nacional d&#8217;Educaci\u00f3 Ambiental 2020-2021"},"content":{"rendered":"<p><a href=\"https:\/\/serveiseducatius.xtec.cat\/baixemporda\/wp-content\/uploads\/usu1155\/2021\/04\/EksgE9KW0AEnUFo.jpg\"><img loading=\"lazy\" decoding=\"async\" class=\"size-medium wp-image-10774 aligncenter\" src=\"https:\/\/serveiseducatius.xtec.cat\/baixemporda\/wp-content\/uploads\/usu1155\/2021\/04\/EksgE9KW0AEnUFo-300x167.jpg\" alt=\"\" width=\"300\" height=\"167\" srcset=\"https:\/\/serveiseducatius.xtec.cat\/baixemporda\/wp-content\/uploads\/usu1155\/2021\/04\/EksgE9KW0AEnUFo-300x167.jpg 300w, https:\/\/serveiseducatius.xtec.cat\/baixemporda\/wp-content\/uploads\/usu1155\/2021\/04\/EksgE9KW0AEnUFo.jpg 500w\" sizes=\"auto, (max-width: 300px) 100vw, 300px\" \/><\/a><\/p>\n<p style=\"text-align: justify;\">El proper <strong>dilluns 26 d&#8217;abril<\/strong> a les <strong>17.30h<\/strong> tindr\u00e0 lloc una nova sessi\u00f3 del <a href=\"https:\/\/www.cnea.cat\/\" target=\"_blank\" rel=\"noopener noreferrer\">Congr\u00e9s Nacional d&#8217;Educaci\u00f3 Ambiental<\/a>. <span style=\"font-family: inherit; font-size: 1em;\">El Congr\u00e9s Nacional d\u2019Educaci\u00f3 Ambiental 2020-21 aspira a generar proactivitat davant dels reptes que ens planteja un m\u00f3n canviant i complex i a concebre solucions per a una societat m\u00e9s sostenible, corresponsable i justa. <\/span><span style=\"font-family: inherit; font-size: 1em;\">Sobre l\u2019objectiu del primer congr\u00e9s \u2014Teixir aliances per avan\u00e7ar en educaci\u00f3 ambiental\u2014, aquesta segona edici\u00f3 vol transitar\u00a0De l\u2019acci\u00f3 individual a la transformaci\u00f3 col\u00b7lectiva.<\/span><\/p>\n<div id=\"comp-kexzu5qh\" class=\"_1HpZ_\" style=\"text-align: justify;\">\n<div id=\"bgLayers_comp-kexzu5qh\" class=\"_3_wbk\">\n<div id=\"bgMedia_comp-kexzu5qh\" class=\"_33YMf\"><\/div>\n<\/div>\n<div class=\"\" data-mesh-id=\"comp-kexzu5qhinlineContent\" data-testid=\"inline-content\">\n<div data-mesh-id=\"comp-kexzu5qhinlineContent-gridContainer\" data-testid=\"mesh-container-content\">\n<div id=\"comp-key02whg\" class=\"_1Z_nJ\" data-testid=\"richTextElement\">\n<p class=\"font_8\">L\u2019excepcionalitat de la pand\u00e8mia ha reconfigurat un format de trobades mensuals en l\u00ednia, que s\u2019inicia el novembre de 2020 i s\u2019est\u00e9n al llarg de 2021: un cicle enriquidor per incorporar idees i estrat\u00e8gies innovadores als centres educatius, les universitats, les entitats i les administracions que promovem l\u2019educaci\u00f3 ambiental.\u00a0El Congr\u00e9s Nacional d\u2019Educaci\u00f3 Ambiental\u00a0\u00e9s el laboratori de s\u00edntesi de coneixement de l\u2019educaci\u00f3 ambiental a Catalunya.<\/p>\n<\/div>\n<\/div>\n<\/div>\n<\/div>\n<p style=\"text-align: justify;\">Cal inscripci\u00f3 pr\u00e8via al seg\u00fcent <a href=\"https:\/\/www.activacongresos.com\/forms\/cnea20-5\/\" target=\"_blank\" rel=\"noopener noreferrer\">enlla\u00e7<\/a>.<\/p>\n","protected":false},"excerpt":{"rendered":"<p>El proper dilluns 26 d&#8217;abril a les 17.30h tindr\u00e0 lloc una nova sessi\u00f3 del Congr\u00e9s Nacional d&#8217;Educaci\u00f3 Ambiental. El Congr\u00e9s Nacional d\u2019Educaci\u00f3 Ambiental 2020-21 aspira a generar proactivitat davant dels reptes que ens planteja un m\u00f3n canviant i complex i a concebre solucions per a una societat m\u00e9s sostenible, corresponsable i justa. Sobre l\u2019objectiu del [&hellip;]<\/p>\n","protected":false},"author":1,"featured_media":10774,"comment_status":"closed","ping_status":"closed","sticky":false,"template":"","format":"standard","meta":{"_bbp_topic_count":0,"_bbp_reply_count":0,"_bbp_total_topic_count":0,"_bbp_total_reply_count":0,"_bbp_voice_count":0,"_bbp_anonymous_reply_count":0,"_bbp_topic_count_hidden":0,"_bbp_reply_count_hidden":0,"_bbp_forum_subforum_count":0,"site-sidebar-layout":"default","site-content-layout":"","ast-site-content-layout":"","site-content-style":"default","site-sidebar-style":"default","ast-global-header-display":"","ast-banner-title-visibility":"","ast-main-header-display":"","ast-hfb-above-header-display":"","ast-hfb-below-header-display":"","ast-hfb-mobile-header-display":"","site-post-title":"","ast-breadcrumbs-content":"","ast-featured-img":"","footer-sml-layout":"","theme-transparent-header-meta":"","adv-header-id-meta":"","stick-header-meta":"","header-above-stick-meta":"","header-main-stick-meta":"","header-below-stick-meta":"","astra-migrate-meta-layouts":"default","ast-page-background-enabled":"default","ast-page-background-meta":{"desktop":{"background-color":"var(--ast-global-color-4)","background-image":"","background-repeat":"repeat","background-position":"center center","background-size":"auto","background-attachment":"scroll","background-type":"","background-media":"","overlay-type":"","overlay-color":"","overlay-opacity":"","overlay-gradient":""},"tablet":{"background-color":"","background-image":"","background-repeat":"repeat","background-position":"center center","background-size":"auto","background-attachment":"scroll","background-type":"","background-media":"","overlay-type":"","overlay-color":"","overlay-opacity":"","overlay-gradient":""},"mobile":{"background-color":"","background-image":"","background-repeat":"repeat","background-position":"center center","background-size":"auto","background-attachment":"scroll","background-type":"","background-media":"","overlay-type":"","overlay-color":"","overlay-opacity":"","overlay-gradient":""}},"ast-content-background-meta":{"desktop":{"background-color":"var(--ast-global-color-5)","background-image":"","background-repeat":"repeat","background-position":"center center","background-size":"auto","background-attachment":"scroll","background-type":"","background-media":"","overlay-type":"","overlay-color":"","overlay-opacity":"","overlay-gradient":""},"tablet":{"background-color":"var(--ast-global-color-5)","background-image":"","background-repeat":"repeat","background-position":"center center","background-size":"auto","background-attachment":"scroll","background-type":"","background-media":"","overlay-type":"","overlay-color":"","overlay-opacity":"","overlay-gradient":""},"mobile":{"background-color":"var(--ast-global-color-5)","background-image":"","background-repeat":"repeat","background-position":"center center","background-size":"auto","background-attachment":"scroll","background-type":"","background-media":"","overlay-type":"","overlay-color":"","overlay-opacity":"","overlay-gradient":""}},"footnotes":""},"categories":[65,1,296,29],"tags":[],"class_list":["post-10773","post","type-post","status-publish","format-standard","has-post-thumbnail","hentry","category-crp","category-general","category-novetats-dinamitzacio","category-portada"],"post_mailing_queue_ids":[],"_links":{"self":[{"href":"https:\/\/serveiseducatius.xtec.cat\/baixemporda\/wp-json\/wp\/v2\/posts\/10773","targetHints":{"allow":["GET"]}}],"collection":[{"href":"https:\/\/serveiseducatius.xtec.cat\/baixemporda\/wp-json\/wp\/v2\/posts"}],"about":[{"href":"https:\/\/serveiseducatius.xtec.cat\/baixemporda\/wp-json\/wp\/v2\/types\/post"}],"author":[{"embeddable":true,"href":"https:\/\/serveiseducatius.xtec.cat\/baixemporda\/wp-json\/wp\/v2\/users\/1"}],"replies":[{"embeddable":true,"href":"https:\/\/serveiseducatius.xtec.cat\/baixemporda\/wp-json\/wp\/v2\/comments?post=10773"}],"version-history":[{"count":1,"href":"https:\/\/serveiseducatius.xtec.cat\/baixemporda\/wp-json\/wp\/v2\/posts\/10773\/revisions"}],"predecessor-version":[{"id":10775,"href":"https:\/\/serveiseducatius.xtec.cat\/baixemporda\/wp-json\/wp\/v2\/posts\/10773\/revisions\/10775"}],"wp:featuredmedia":[{"embeddable":true,"href":"https:\/\/serveiseducatius.xtec.cat\/baixemporda\/wp-json\/wp\/v2\/media\/10774"}],"wp:attachment":[{"href":"https:\/\/serveiseducatius.xtec.cat\/baixemporda\/wp-json\/wp\/v2\/media?parent=10773"}],"wp:term":[{"taxonomy":"category","embeddable":true,"href":"https:\/\/serveiseducatius.xtec.cat\/baixemporda\/wp-json\/wp\/v2\/categories?post=10773"},{"taxonomy":"post_tag","embeddable":true,"href":"https:\/\/serveiseducatius.xtec.cat\/baixemporda\/wp-json\/wp\/v2\/tags?post=10773"}],"curies":[{"name":"wp","href":"https:\/\/api.w.org\/{rel}","templated":true}]}}