{"id":10681,"date":"2021-04-09T09:47:56","date_gmt":"2021-04-09T07:47:56","guid":{"rendered":"http:\/\/serveiseducatius.xtec.cat\/baixemporda\/?p=10681"},"modified":"2021-04-09T09:47:56","modified_gmt":"2021-04-09T07:47:56","slug":"2021-any-joan-triadu-i-font-la-formacio-al-servei-de-la-reconstruccio-dun-pais","status":"publish","type":"post","link":"https:\/\/serveiseducatius.xtec.cat\/baixemporda\/general\/2021-any-joan-triadu-i-font-la-formacio-al-servei-de-la-reconstruccio-dun-pais\/","title":{"rendered":"2021, Any Joan Triad\u00fa i Font, la formaci\u00f3 al servei de la (re)construcci\u00f3 d&#8217;un pa\u00eds"},"content":{"rendered":"<p><a href=\"https:\/\/cultura.gencat.cat\/ca\/temes\/commemoracions\/2021\/anyjoantriadu\/inici\/\" target=\"_blank\" rel=\"noopener noreferrer\"><img loading=\"lazy\" decoding=\"async\" class=\"size-medium wp-image-10498 aligncenter\" src=\"https:\/\/serveiseducatius.xtec.cat\/baixemporda\/wp-content\/uploads\/usu1155\/2021\/03\/q8-9lUaK_400x400-300x300.png\" alt=\"\" width=\"300\" height=\"300\" srcset=\"https:\/\/serveiseducatius.xtec.cat\/baixemporda\/wp-content\/uploads\/usu1155\/2021\/03\/q8-9lUaK_400x400-300x300.png 300w, https:\/\/serveiseducatius.xtec.cat\/baixemporda\/wp-content\/uploads\/usu1155\/2021\/03\/q8-9lUaK_400x400-150x150.png 150w, https:\/\/serveiseducatius.xtec.cat\/baixemporda\/wp-content\/uploads\/usu1155\/2021\/03\/q8-9lUaK_400x400.png 400w\" sizes=\"auto, (max-width: 300px) 100vw, 300px\" \/><\/a><\/p>\n<p style=\"font-weight: 400; text-align: justify;\">El\u00a0<a href=\"https:\/\/serveiseducatius.xtec.cat\/bdrlectura\/\" data-saferedirecturl=\"https:\/\/www.google.com\/url?q=https:\/\/serveiseducatius.xtec.cat\/bdrlectura\/&amp;source=gmail&amp;ust=1618038035399000&amp;usg=AFQjCNGavUzPzAEF_yaIpHKMF_oNDLaVng\">Grup de treball BdR<\/a>\u00a0est\u00e0 treballant potenciant durant el 2021 l&#8217;efem\u00e8ride dels 100 anys dels naixement de\u00a0<a href=\"https:\/\/serveiseducatius.xtec.cat\/bdrlectura\/categoria\/any-joan-triadu\/\" data-saferedirecturl=\"https:\/\/www.google.com\/url?q=https:\/\/serveiseducatius.xtec.cat\/bdrlectura\/categoria\/any-joan-triadu\/&amp;source=gmail&amp;ust=1618038035399000&amp;usg=AFQjCNHSTeBMPvUjeFn2MvKo0VQu2p4xFg\">JoanTriad\u00fa i Font<\/a>\u00a0que fou escriptor, cr\u00edtic literari i pedagog catal\u00e0.\u00a0Des del nodes del\u00a0<a href=\"https:\/\/serveiseducatius.xtec.cat\/bdrlectura\/categoria\/any-joan-triadu\/\" data-saferedirecturl=\"https:\/\/www.google.com\/url?q=https:\/\/serveiseducatius.xtec.cat\/bdrlectura\/categoria\/any-joan-triadu\/&amp;source=gmail&amp;ust=1618038035399000&amp;usg=AFQjCNHSTeBMPvUjeFn2MvKo0VQu2p4xFg\">Banc de Recursos, la lectura: font de plaer i de coneixement<\/a>\u00a0s\u2019estan recollint activitats i propostes educatives de tota Catalunya. Us convidem a fer-ne difusi\u00f3 i col\u00b7laborar a partir d&#8217;aquest\u00a0<a href=\"https:\/\/docs.google.com\/forms\/d\/e\/1FAIpQLSdCLzGbxWjTca1sKMxfOLhFBUhk7H7QG9f5yBqLcdqYZ5LsIg\/viewform\" data-saferedirecturl=\"https:\/\/www.google.com\/url?q=https:\/\/docs.google.com\/forms\/d\/e\/1FAIpQLSdCLzGbxWjTca1sKMxfOLhFBUhk7H7QG9f5yBqLcdqYZ5LsIg\/viewform&amp;source=gmail&amp;ust=1618038035399000&amp;usg=AFQjCNE9QMPc9uyvwI9GEhRWU23WPmnvsg\">formulari<\/a>.<\/p>\n<p style=\"font-weight: 400; text-align: justify;\">Amb motiu de l&#8217;Any Joan Triad\u00fa i la cooperaci\u00f3 del\u00a0<a href=\"https:\/\/serveiseducatius.xtec.cat\/tarragones\/general\/portada\/conferencia-any-joan-triadu\/\" data-saferedirecturl=\"https:\/\/www.google.com\/url?q=https:\/\/serveiseducatius.xtec.cat\/tarragones\/general\/portada\/conferencia-any-joan-triadu\/&amp;source=gmail&amp;ust=1618038035399000&amp;usg=AFQjCNEsXy0MkWJ0NBTQ93j1IgytdGhp1A\">CRP del Tarrragon\u00e8s<\/a>\u00a0s&#8217;ha organitzat el proper\u00a0<strong>4 de maig a les 17.30h<\/strong> la &#8220;Confer\u00e8ncia: 2021, Any Joan Triad\u00fa i Font, la formaci\u00f3 al servei de la (re)construcci\u00f3 d&#8217;un pa\u00eds&#8221; amb l&#8217;objectiu de con\u00e8ixer la figura d\u2019en Joan Triad\u00fa i Font aix\u00ed com saber transmetre la persona d\u2019en Joan Triad\u00fa als alumnes.\u00a0Aquesta confer\u00e8ncia anir\u00e0 a c\u00e0rrec d\u2019en\u00a0<strong><a href=\"https:\/\/ca.wikipedia.org\/wiki\/Joan_Mart%C3%AD_i_Castell\" data-saferedirecturl=\"https:\/\/www.google.com\/url?q=https:\/\/ca.wikipedia.org\/wiki\/Joan_Mart%25C3%25AD_i_Castell&amp;source=gmail&amp;ust=1618038035399000&amp;usg=AFQjCNExmCRBJJYBZCywPVEttLBdmaK68w\">Joan Mart\u00ed i Castell<\/a><\/strong> i est\u00e0 dirigida a docents, professionals de l&#8217;educaci\u00f3 i p\u00fablic en general.\u00a0Es realitzar\u00e0 via telem\u00e0tica amb una durada aproximada d&#8217;una hora directe des de youtube i requereix d\u2019<a href=\"https:\/\/aplicacions.gestioeducativa.gencat.cat\/pls\/soloas\/pk_for_mod_ins.p_for_detall_activitat?p_codi=7091151709&amp;p_curs=2020-2021&amp;p_es_inscr=S\" data-saferedirecturl=\"https:\/\/www.google.com\/url?q=https:\/\/aplicacions.gestioeducativa.gencat.cat\/pls\/soloas\/pk_for_mod_ins.p_for_detall_activitat?p_codi%3D7091151709%26p_curs%3D2020-2021%26p_es_inscr%3DS&amp;source=gmail&amp;ust=1618038035399000&amp;usg=AFQjCNHgVT_2QKHAKIWUYAz0Py2OoDf_SA\">inscripci\u00f3 pr\u00e8via<\/a>. Un cop formalitzada la inscripci\u00f3 en l&#8217;apartat d&#8217;observacions hi trobareu l&#8217;acc\u00e8s a l&#8217;enlla\u00e7 al youtube.<\/p>\n<p style=\"font-weight: 400; text-align: justify;\">Trobareu tota la informaci\u00f3 a:\u00a0<a href=\"https:\/\/serveiseducatius.xtec.cat\/tarragones\/general\/portada\/conferencia-any-joan-triadu\/\" data-saferedirecturl=\"https:\/\/www.google.com\/url?q=https:\/\/serveiseducatius.xtec.cat\/tarragones\/general\/portada\/conferencia-any-joan-triadu\/&amp;source=gmail&amp;ust=1618038035399000&amp;usg=AFQjCNEsXy0MkWJ0NBTQ93j1IgytdGhp1A\">https:\/\/serveiseducatius.xtec.cat\/tarragones\/general\/portada\/conferencia-any-joan-triadu\/<\/a><\/p>\n","protected":false},"excerpt":{"rendered":"<p>El\u00a0Grup de treball BdR\u00a0est\u00e0 treballant potenciant durant el 2021 l&#8217;efem\u00e8ride dels 100 anys dels naixement de\u00a0JoanTriad\u00fa i Font\u00a0que fou escriptor, cr\u00edtic literari i pedagog catal\u00e0.\u00a0Des del nodes del\u00a0Banc de Recursos, la lectura: font de plaer i de coneixement\u00a0s\u2019estan recollint activitats i propostes educatives de tota Catalunya. Us convidem a fer-ne difusi\u00f3 i col\u00b7laborar a partir [&hellip;]<\/p>\n","protected":false},"author":1,"featured_media":10498,"comment_status":"closed","ping_status":"closed","sticky":false,"template":"","format":"standard","meta":{"_bbp_topic_count":0,"_bbp_reply_count":0,"_bbp_total_topic_count":0,"_bbp_total_reply_count":0,"_bbp_voice_count":0,"_bbp_anonymous_reply_count":0,"_bbp_topic_count_hidden":0,"_bbp_reply_count_hidden":0,"_bbp_forum_subforum_count":0,"site-sidebar-layout":"default","site-content-layout":"","ast-site-content-layout":"","site-content-style":"default","site-sidebar-style":"default","ast-global-header-display":"","ast-banner-title-visibility":"","ast-main-header-display":"","ast-hfb-above-header-display":"","ast-hfb-below-header-display":"","ast-hfb-mobile-header-display":"","site-post-title":"","ast-breadcrumbs-content":"","ast-featured-img":"","footer-sml-layout":"","theme-transparent-header-meta":"","adv-header-id-meta":"","stick-header-meta":"","header-above-stick-meta":"","header-main-stick-meta":"","header-below-stick-meta":"","astra-migrate-meta-layouts":"default","ast-page-background-enabled":"default","ast-page-background-meta":{"desktop":{"background-color":"var(--ast-global-color-4)","background-image":"","background-repeat":"repeat","background-position":"center center","background-size":"auto","background-attachment":"scroll","background-type":"","background-media":"","overlay-type":"","overlay-color":"","overlay-opacity":"","overlay-gradient":""},"tablet":{"background-color":"","background-image":"","background-repeat":"repeat","background-position":"center center","background-size":"auto","background-attachment":"scroll","background-type":"","background-media":"","overlay-type":"","overlay-color":"","overlay-opacity":"","overlay-gradient":""},"mobile":{"background-color":"","background-image":"","background-repeat":"repeat","background-position":"center center","background-size":"auto","background-attachment":"scroll","background-type":"","background-media":"","overlay-type":"","overlay-color":"","overlay-opacity":"","overlay-gradient":""}},"ast-content-background-meta":{"desktop":{"background-color":"var(--ast-global-color-5)","background-image":"","background-repeat":"repeat","background-position":"center center","background-size":"auto","background-attachment":"scroll","background-type":"","background-media":"","overlay-type":"","overlay-color":"","overlay-opacity":"","overlay-gradient":""},"tablet":{"background-color":"var(--ast-global-color-5)","background-image":"","background-repeat":"repeat","background-position":"center center","background-size":"auto","background-attachment":"scroll","background-type":"","background-media":"","overlay-type":"","overlay-color":"","overlay-opacity":"","overlay-gradient":""},"mobile":{"background-color":"var(--ast-global-color-5)","background-image":"","background-repeat":"repeat","background-position":"center center","background-size":"auto","background-attachment":"scroll","background-type":"","background-media":"","overlay-type":"","overlay-color":"","overlay-opacity":"","overlay-gradient":""}},"footnotes":""},"categories":[65,1,296,29],"tags":[],"class_list":["post-10681","post","type-post","status-publish","format-standard","has-post-thumbnail","hentry","category-crp","category-general","category-novetats-dinamitzacio","category-portada"],"post_mailing_queue_ids":[],"_links":{"self":[{"href":"https:\/\/serveiseducatius.xtec.cat\/baixemporda\/wp-json\/wp\/v2\/posts\/10681","targetHints":{"allow":["GET"]}}],"collection":[{"href":"https:\/\/serveiseducatius.xtec.cat\/baixemporda\/wp-json\/wp\/v2\/posts"}],"about":[{"href":"https:\/\/serveiseducatius.xtec.cat\/baixemporda\/wp-json\/wp\/v2\/types\/post"}],"author":[{"embeddable":true,"href":"https:\/\/serveiseducatius.xtec.cat\/baixemporda\/wp-json\/wp\/v2\/users\/1"}],"replies":[{"embeddable":true,"href":"https:\/\/serveiseducatius.xtec.cat\/baixemporda\/wp-json\/wp\/v2\/comments?post=10681"}],"version-history":[{"count":1,"href":"https:\/\/serveiseducatius.xtec.cat\/baixemporda\/wp-json\/wp\/v2\/posts\/10681\/revisions"}],"predecessor-version":[{"id":10682,"href":"https:\/\/serveiseducatius.xtec.cat\/baixemporda\/wp-json\/wp\/v2\/posts\/10681\/revisions\/10682"}],"wp:featuredmedia":[{"embeddable":true,"href":"https:\/\/serveiseducatius.xtec.cat\/baixemporda\/wp-json\/wp\/v2\/media\/10498"}],"wp:attachment":[{"href":"https:\/\/serveiseducatius.xtec.cat\/baixemporda\/wp-json\/wp\/v2\/media?parent=10681"}],"wp:term":[{"taxonomy":"category","embeddable":true,"href":"https:\/\/serveiseducatius.xtec.cat\/baixemporda\/wp-json\/wp\/v2\/categories?post=10681"},{"taxonomy":"post_tag","embeddable":true,"href":"https:\/\/serveiseducatius.xtec.cat\/baixemporda\/wp-json\/wp\/v2\/tags?post=10681"}],"curies":[{"name":"wp","href":"https:\/\/api.w.org\/{rel}","templated":true}]}}