{"id":10667,"date":"2021-04-08T13:37:46","date_gmt":"2021-04-08T11:37:46","guid":{"rendered":"http:\/\/serveiseducatius.xtec.cat\/baixemporda\/?p=10667"},"modified":"2021-04-08T13:37:46","modified_gmt":"2021-04-08T11:37:46","slug":"campanya-del-banc-de-teixits-i-sang-de-girona","status":"publish","type":"post","link":"https:\/\/serveiseducatius.xtec.cat\/baixemporda\/general\/campanya-del-banc-de-teixits-i-sang-de-girona\/","title":{"rendered":"Campanya del Banc de teixits i sang de Girona"},"content":{"rendered":"<p><a href=\"https:\/\/donarsang.gencat.cat\/ca\/vull-donar\/poblacio\/6706\/l-estartit\" target=\"_blank\" rel=\"noopener noreferrer\"><img loading=\"lazy\" decoding=\"async\" class=\"size-medium wp-image-10668 aligncenter\" src=\"https:\/\/serveiseducatius.xtec.cat\/baixemporda\/wp-content\/uploads\/usu1155\/2021\/04\/IMG-20210325-WA0002-212x300.jpg\" alt=\"\" width=\"212\" height=\"300\" srcset=\"https:\/\/serveiseducatius.xtec.cat\/baixemporda\/wp-content\/uploads\/usu1155\/2021\/04\/IMG-20210325-WA0002-212x300.jpg 212w, https:\/\/serveiseducatius.xtec.cat\/baixemporda\/wp-content\/uploads\/usu1155\/2021\/04\/IMG-20210325-WA0002-768x1086.jpg 768w, https:\/\/serveiseducatius.xtec.cat\/baixemporda\/wp-content\/uploads\/usu1155\/2021\/04\/IMG-20210325-WA0002-724x1024.jpg 724w, https:\/\/serveiseducatius.xtec.cat\/baixemporda\/wp-content\/uploads\/usu1155\/2021\/04\/IMG-20210325-WA0002.jpg 1240w\" sizes=\"auto, (max-width: 212px) 100vw, 212px\" \/><\/a><\/p>\n<p>&nbsp;<\/p>\n<p style=\"text-align: justify;\">Des de fa uns anys, l&#8217;<a href=\"https:\/\/sites.google.com\/a\/xtec.cat\/escola-portitxol\/\" target=\"_blank\" rel=\"noopener noreferrer\">ESC Portitxol<\/a> de l&#8217;Estartit col\u00b7labora en la <strong>campanya del Banc de teixits i sang<\/strong> de Girona per a la donaci\u00f3 de sang, que tindr\u00e0 lloc el dilluns 12 d&#8217;abril de 17 a 21h. Aquest curs, l&#8217;alumnat de 6\u00e8, a m\u00e9s del r\u00e8tol per a la campanya, han realitzat dos v\u00eddeos promocionals. En el <a href=\"https:\/\/drive.google.com\/file\/d\/1K9pNIwca9DjXyTZDPsjSLUOXLJGAgNU3\/view\" target=\"_blank\" rel=\"noopener noreferrer\">primer v\u00eddeo<\/a>, els alumnes ens expliquen la sang i en el <a href=\"https:\/\/drive.google.com\/file\/d\/1rj2et69AJmsMlE7LdGaykVuYoodpGVUs\/view\" target=\"_blank\" rel=\"noopener noreferrer\">segon<\/a> ens relaten un conte.<\/p>\n","protected":false},"excerpt":{"rendered":"<p>&nbsp; Des de fa uns anys, l&#8217;ESC Portitxol de l&#8217;Estartit col\u00b7labora en la campanya del Banc de teixits i sang de Girona per a la donaci\u00f3 de sang, que tindr\u00e0 lloc el dilluns 12 d&#8217;abril de 17 a 21h. Aquest curs, l&#8217;alumnat de 6\u00e8, a m\u00e9s del r\u00e8tol per a la campanya, han realitzat dos [&hellip;]<\/p>\n","protected":false},"author":1,"featured_media":10668,"comment_status":"closed","ping_status":"closed","sticky":false,"template":"","format":"standard","meta":{"_bbp_topic_count":0,"_bbp_reply_count":0,"_bbp_total_topic_count":0,"_bbp_total_reply_count":0,"_bbp_voice_count":0,"_bbp_anonymous_reply_count":0,"_bbp_topic_count_hidden":0,"_bbp_reply_count_hidden":0,"_bbp_forum_subforum_count":0,"site-sidebar-layout":"default","site-content-layout":"","ast-site-content-layout":"","site-content-style":"default","site-sidebar-style":"default","ast-global-header-display":"","ast-banner-title-visibility":"","ast-main-header-display":"","ast-hfb-above-header-display":"","ast-hfb-below-header-display":"","ast-hfb-mobile-header-display":"","site-post-title":"","ast-breadcrumbs-content":"","ast-featured-img":"","footer-sml-layout":"","theme-transparent-header-meta":"","adv-header-id-meta":"","stick-header-meta":"","header-above-stick-meta":"","header-main-stick-meta":"","header-below-stick-meta":"","astra-migrate-meta-layouts":"default","ast-page-background-enabled":"default","ast-page-background-meta":{"desktop":{"background-color":"var(--ast-global-color-4)","background-image":"","background-repeat":"repeat","background-position":"center center","background-size":"auto","background-attachment":"scroll","background-type":"","background-media":"","overlay-type":"","overlay-color":"","overlay-opacity":"","overlay-gradient":""},"tablet":{"background-color":"","background-image":"","background-repeat":"repeat","background-position":"center center","background-size":"auto","background-attachment":"scroll","background-type":"","background-media":"","overlay-type":"","overlay-color":"","overlay-opacity":"","overlay-gradient":""},"mobile":{"background-color":"","background-image":"","background-repeat":"repeat","background-position":"center center","background-size":"auto","background-attachment":"scroll","background-type":"","background-media":"","overlay-type":"","overlay-color":"","overlay-opacity":"","overlay-gradient":""}},"ast-content-background-meta":{"desktop":{"background-color":"var(--ast-global-color-5)","background-image":"","background-repeat":"repeat","background-position":"center center","background-size":"auto","background-attachment":"scroll","background-type":"","background-media":"","overlay-type":"","overlay-color":"","overlay-opacity":"","overlay-gradient":""},"tablet":{"background-color":"var(--ast-global-color-5)","background-image":"","background-repeat":"repeat","background-position":"center center","background-size":"auto","background-attachment":"scroll","background-type":"","background-media":"","overlay-type":"","overlay-color":"","overlay-opacity":"","overlay-gradient":""},"mobile":{"background-color":"var(--ast-global-color-5)","background-image":"","background-repeat":"repeat","background-position":"center center","background-size":"auto","background-attachment":"scroll","background-type":"","background-media":"","overlay-type":"","overlay-color":"","overlay-opacity":"","overlay-gradient":""}},"footnotes":""},"categories":[65,1,297,29],"tags":[],"class_list":["post-10667","post","type-post","status-publish","format-standard","has-post-thumbnail","hentry","category-crp","category-general","category-novetats-comunitat","category-portada"],"post_mailing_queue_ids":[],"_links":{"self":[{"href":"https:\/\/serveiseducatius.xtec.cat\/baixemporda\/wp-json\/wp\/v2\/posts\/10667","targetHints":{"allow":["GET"]}}],"collection":[{"href":"https:\/\/serveiseducatius.xtec.cat\/baixemporda\/wp-json\/wp\/v2\/posts"}],"about":[{"href":"https:\/\/serveiseducatius.xtec.cat\/baixemporda\/wp-json\/wp\/v2\/types\/post"}],"author":[{"embeddable":true,"href":"https:\/\/serveiseducatius.xtec.cat\/baixemporda\/wp-json\/wp\/v2\/users\/1"}],"replies":[{"embeddable":true,"href":"https:\/\/serveiseducatius.xtec.cat\/baixemporda\/wp-json\/wp\/v2\/comments?post=10667"}],"version-history":[{"count":1,"href":"https:\/\/serveiseducatius.xtec.cat\/baixemporda\/wp-json\/wp\/v2\/posts\/10667\/revisions"}],"predecessor-version":[{"id":10669,"href":"https:\/\/serveiseducatius.xtec.cat\/baixemporda\/wp-json\/wp\/v2\/posts\/10667\/revisions\/10669"}],"wp:featuredmedia":[{"embeddable":true,"href":"https:\/\/serveiseducatius.xtec.cat\/baixemporda\/wp-json\/wp\/v2\/media\/10668"}],"wp:attachment":[{"href":"https:\/\/serveiseducatius.xtec.cat\/baixemporda\/wp-json\/wp\/v2\/media?parent=10667"}],"wp:term":[{"taxonomy":"category","embeddable":true,"href":"https:\/\/serveiseducatius.xtec.cat\/baixemporda\/wp-json\/wp\/v2\/categories?post=10667"},{"taxonomy":"post_tag","embeddable":true,"href":"https:\/\/serveiseducatius.xtec.cat\/baixemporda\/wp-json\/wp\/v2\/tags?post=10667"}],"curies":[{"name":"wp","href":"https:\/\/api.w.org\/{rel}","templated":true}]}}