{"id":10419,"date":"2021-03-09T09:12:48","date_gmt":"2021-03-09T08:12:48","guid":{"rendered":"http:\/\/serveiseducatius.xtec.cat\/baixemporda\/?p=10419"},"modified":"2022-03-31T10:43:20","modified_gmt":"2022-03-31T08:43:20","slug":"dones-de-la-historia","status":"publish","type":"post","link":"https:\/\/serveiseducatius.xtec.cat\/baixemporda\/general\/dones-de-la-historia\/","title":{"rendered":"Dones de la hist\u00f2ria"},"content":{"rendered":"<p><a href=\"https:\/\/serveiseducatius.xtec.cat\/baixemporda\/wp-content\/uploads\/usu1155\/2021\/03\/1615216193332-Jordi-Hern\u00e1ndez-1.jpg\"><img loading=\"lazy\" decoding=\"async\" class=\"size-medium wp-image-10420 aligncenter\" src=\"https:\/\/serveiseducatius.xtec.cat\/baixemporda\/wp-content\/uploads\/usu1155\/2021\/03\/1615216193332-Jordi-Hern\u00e1ndez-1-300x143.jpg\" alt=\"\" width=\"300\" height=\"143\" srcset=\"https:\/\/serveiseducatius.xtec.cat\/baixemporda\/wp-content\/uploads\/usu1155\/2021\/03\/1615216193332-Jordi-Hern\u00e1ndez-1-300x143.jpg 300w, https:\/\/serveiseducatius.xtec.cat\/baixemporda\/wp-content\/uploads\/usu1155\/2021\/03\/1615216193332-Jordi-Hern\u00e1ndez-1-768x366.jpg 768w, https:\/\/serveiseducatius.xtec.cat\/baixemporda\/wp-content\/uploads\/usu1155\/2021\/03\/1615216193332-Jordi-Hern\u00e1ndez-1-1024x488.jpg 1024w\" sizes=\"auto, (max-width: 300px) 100vw, 300px\" \/><\/a><\/p>\n<p style=\"text-align: justify;\">L&#8217;<a href=\"https:\/\/agora.xtec.cat\/ceipjoandemargarit\/\" target=\"_blank\" rel=\"noopener noreferrer\">ESC Joan de Margarit<\/a> de la Bisbal d&#8217;Empord\u00e0 ha dut a terme al llarg del curs l&#8217;activitat <strong>Dones de la hist\u00f2ria\u00a0<\/strong>amb l&#8217;objectiu de con\u00e8ixer diferents dones de la hist\u00f2ria a nivell cient\u00edfic o art\u00edstic que han deixat petja. Aquest curs, cada nivell ha escollit i treballat una d\u00f3na rellevant. El dia 8 de mar\u00e7, commemorant el dia de la d\u00f3na, s&#8217;ha realitzat un mural al pati a nivell d&#8217;escola on cada nivell ha penjat una imatge, el seu nom i una frase c\u00e8lebre. Al llarg del dia, els alumnes d&#8217;infantil i prim\u00e0ria han passat a con\u00e8ixer el conjunt de d\u00f3nes que cada classe ha treballat i s&#8217;han fet a la idea de que no nom\u00e9s existia la que ells treballaven sin\u00f3 que n&#8217;hi havia moltes d&#8217;altres. Ha sigut una experi\u00e8ncia positiva.\u00a0Podeu tenir m\u00e9s informaci\u00f3 al seg\u00fcent <a href=\"https:\/\/agora.xtec.cat\/ceipjoandemargarit\/general\/dia-de-la-dona\/\" target=\"_blank\" rel=\"noopener noreferrer\">enlla\u00e7<\/a>.<\/p>\n<p>Gr\u00e0cies ESC Joan de Margarit per explicar-nos les vostres activitats!<\/p>\n<div class=\"freebirdFormviewerViewNumberedItemContainer\" role=\"listitem\">\n<div class=\"freebirdFormviewerViewItemsItemItem freebirdFormviewerViewItemsTextTextItem\" data-item-id=\"301234119\">\n<div class=\"freebirdFormviewerViewItemsItemItemHeader\">\n<div class=\"freebirdFormviewerViewItemsItemItemTitleDescContainer\">\n<div class=\"freebirdFormviewerViewItemsItemItemTitleContainer\"><\/div>\n<\/div>\n<\/div>\n<\/div>\n<\/div>\n","protected":false},"excerpt":{"rendered":"<p>L&#8217;ESC Joan de Margarit de la Bisbal d&#8217;Empord\u00e0 ha dut a terme al llarg del curs l&#8217;activitat Dones de la hist\u00f2ria\u00a0amb l&#8217;objectiu de con\u00e8ixer diferents dones de la hist\u00f2ria a nivell cient\u00edfic o art\u00edstic que han deixat petja. Aquest curs, cada nivell ha escollit i treballat una d\u00f3na rellevant. El dia 8 de mar\u00e7, commemorant [&hellip;]<\/p>\n","protected":false},"author":1,"featured_media":10420,"comment_status":"closed","ping_status":"closed","sticky":false,"template":"","format":"standard","meta":{"_bbp_topic_count":0,"_bbp_reply_count":0,"_bbp_total_topic_count":0,"_bbp_total_reply_count":0,"_bbp_voice_count":0,"_bbp_anonymous_reply_count":0,"_bbp_topic_count_hidden":0,"_bbp_reply_count_hidden":0,"_bbp_forum_subforum_count":0,"site-sidebar-layout":"default","site-content-layout":"","ast-site-content-layout":"","site-content-style":"default","site-sidebar-style":"default","ast-global-header-display":"","ast-banner-title-visibility":"","ast-main-header-display":"","ast-hfb-above-header-display":"","ast-hfb-below-header-display":"","ast-hfb-mobile-header-display":"","site-post-title":"","ast-breadcrumbs-content":"","ast-featured-img":"","footer-sml-layout":"","theme-transparent-header-meta":"","adv-header-id-meta":"","stick-header-meta":"","header-above-stick-meta":"","header-main-stick-meta":"","header-below-stick-meta":"","astra-migrate-meta-layouts":"default","ast-page-background-enabled":"default","ast-page-background-meta":{"desktop":{"background-color":"var(--ast-global-color-4)","background-image":"","background-repeat":"repeat","background-position":"center center","background-size":"auto","background-attachment":"scroll","background-type":"","background-media":"","overlay-type":"","overlay-color":"","overlay-opacity":"","overlay-gradient":""},"tablet":{"background-color":"","background-image":"","background-repeat":"repeat","background-position":"center center","background-size":"auto","background-attachment":"scroll","background-type":"","background-media":"","overlay-type":"","overlay-color":"","overlay-opacity":"","overlay-gradient":""},"mobile":{"background-color":"","background-image":"","background-repeat":"repeat","background-position":"center center","background-size":"auto","background-attachment":"scroll","background-type":"","background-media":"","overlay-type":"","overlay-color":"","overlay-opacity":"","overlay-gradient":""}},"ast-content-background-meta":{"desktop":{"background-color":"var(--ast-global-color-5)","background-image":"","background-repeat":"repeat","background-position":"center center","background-size":"auto","background-attachment":"scroll","background-type":"","background-media":"","overlay-type":"","overlay-color":"","overlay-opacity":"","overlay-gradient":""},"tablet":{"background-color":"var(--ast-global-color-5)","background-image":"","background-repeat":"repeat","background-position":"center center","background-size":"auto","background-attachment":"scroll","background-type":"","background-media":"","overlay-type":"","overlay-color":"","overlay-opacity":"","overlay-gradient":""},"mobile":{"background-color":"var(--ast-global-color-5)","background-image":"","background-repeat":"repeat","background-position":"center center","background-size":"auto","background-attachment":"scroll","background-type":"","background-media":"","overlay-type":"","overlay-color":"","overlay-opacity":"","overlay-gradient":""}},"footnotes":""},"categories":[351,65,1,350,29,353],"tags":[],"class_list":["post-10419","post","type-post","status-publish","format-standard","has-post-thumbnail","hentry","category-bones-practiques","category-crp","category-general","category-infantil","category-portada","category-primaria"],"post_mailing_queue_ids":[],"_links":{"self":[{"href":"https:\/\/serveiseducatius.xtec.cat\/baixemporda\/wp-json\/wp\/v2\/posts\/10419","targetHints":{"allow":["GET"]}}],"collection":[{"href":"https:\/\/serveiseducatius.xtec.cat\/baixemporda\/wp-json\/wp\/v2\/posts"}],"about":[{"href":"https:\/\/serveiseducatius.xtec.cat\/baixemporda\/wp-json\/wp\/v2\/types\/post"}],"author":[{"embeddable":true,"href":"https:\/\/serveiseducatius.xtec.cat\/baixemporda\/wp-json\/wp\/v2\/users\/1"}],"replies":[{"embeddable":true,"href":"https:\/\/serveiseducatius.xtec.cat\/baixemporda\/wp-json\/wp\/v2\/comments?post=10419"}],"version-history":[{"count":1,"href":"https:\/\/serveiseducatius.xtec.cat\/baixemporda\/wp-json\/wp\/v2\/posts\/10419\/revisions"}],"predecessor-version":[{"id":10421,"href":"https:\/\/serveiseducatius.xtec.cat\/baixemporda\/wp-json\/wp\/v2\/posts\/10419\/revisions\/10421"}],"wp:featuredmedia":[{"embeddable":true,"href":"https:\/\/serveiseducatius.xtec.cat\/baixemporda\/wp-json\/wp\/v2\/media\/10420"}],"wp:attachment":[{"href":"https:\/\/serveiseducatius.xtec.cat\/baixemporda\/wp-json\/wp\/v2\/media?parent=10419"}],"wp:term":[{"taxonomy":"category","embeddable":true,"href":"https:\/\/serveiseducatius.xtec.cat\/baixemporda\/wp-json\/wp\/v2\/categories?post=10419"},{"taxonomy":"post_tag","embeddable":true,"href":"https:\/\/serveiseducatius.xtec.cat\/baixemporda\/wp-json\/wp\/v2\/tags?post=10419"}],"curies":[{"name":"wp","href":"https:\/\/api.w.org\/{rel}","templated":true}]}}