{"id":10358,"date":"2021-03-01T09:46:17","date_gmt":"2021-03-01T08:46:17","guid":{"rendered":"http:\/\/serveiseducatius.xtec.cat\/baixemporda\/?p=10358"},"modified":"2022-03-31T10:43:08","modified_gmt":"2022-03-31T08:43:08","slug":"projecte-biblioteca-daula-esc-guillem-de-montgri","status":"publish","type":"post","link":"https:\/\/serveiseducatius.xtec.cat\/baixemporda\/general\/projecte-biblioteca-daula-esc-guillem-de-montgri\/","title":{"rendered":"Projecte Biblioteca d&#8217;aula ESC Guillem de Montgr\u00ed"},"content":{"rendered":"<p><a href=\"https:\/\/serveiseducatius.xtec.cat\/baixemporda\/wp-content\/uploads\/usu1155\/2021\/03\/els-pares-1.jpg\"><img loading=\"lazy\" decoding=\"async\" class=\"size-medium wp-image-10359 aligncenter\" src=\"https:\/\/serveiseducatius.xtec.cat\/baixemporda\/wp-content\/uploads\/usu1155\/2021\/03\/els-pares-1-300x135.jpg\" alt=\"\" width=\"300\" height=\"135\" srcset=\"https:\/\/serveiseducatius.xtec.cat\/baixemporda\/wp-content\/uploads\/usu1155\/2021\/03\/els-pares-1-300x135.jpg 300w, https:\/\/serveiseducatius.xtec.cat\/baixemporda\/wp-content\/uploads\/usu1155\/2021\/03\/els-pares-1.jpg 546w\" sizes=\"auto, (max-width: 300px) 100vw, 300px\" \/><\/a><\/p>\n<p>&nbsp;<\/p>\n<p>L&#8217;ESC Guillem de Montgr\u00ed ens presenta com posen al dia la biblioteca d&#8217;aula. Gr\u00e0cies per compartir-nos-ho!<\/p>\n<p style=\"text-align: justify;\">Des de Cicle Superior cada any per Nadal, i ja fa uns quants cursos, es posen al dia amb la biblioteca d&#8217;aula. Compren 20 llibres nous, tenint molt en compte les novetats i els c\u00f2mics que agraden molt als nens. Tenen un seguiment dels llibres d&#8217;aula i el pr\u00e9stec. Tamb\u00e9 han impartit la lectura d&#8217;un llibre en veu alta: Charlie y la f\u00e1brica de chocolate, Un pet\u00f3 de mandarina,&#8230; Valoren l&#8217;aula de classe com a una eina molt important, \u00e9s molt complicat tenir una biblioteca a l&#8217;escola per tothom ja que \u00e9s una escola molt gran i no disposen d&#8217;espais. De cara a cursos posterior potenciaran el Club de Lectura a cicle superior.<\/p>\n","protected":false},"excerpt":{"rendered":"<p>&nbsp; L&#8217;ESC Guillem de Montgr\u00ed ens presenta com posen al dia la biblioteca d&#8217;aula. Gr\u00e0cies per compartir-nos-ho! Des de Cicle Superior cada any per Nadal, i ja fa uns quants cursos, es posen al dia amb la biblioteca d&#8217;aula. Compren 20 llibres nous, tenint molt en compte les novetats i els c\u00f2mics que agraden molt [&hellip;]<\/p>\n","protected":false},"author":1,"featured_media":10359,"comment_status":"closed","ping_status":"closed","sticky":false,"template":"","format":"standard","meta":{"_bbp_topic_count":0,"_bbp_reply_count":0,"_bbp_total_topic_count":0,"_bbp_total_reply_count":0,"_bbp_voice_count":0,"_bbp_anonymous_reply_count":0,"_bbp_topic_count_hidden":0,"_bbp_reply_count_hidden":0,"_bbp_forum_subforum_count":0,"site-sidebar-layout":"default","site-content-layout":"","ast-site-content-layout":"","site-content-style":"default","site-sidebar-style":"default","ast-global-header-display":"","ast-banner-title-visibility":"","ast-main-header-display":"","ast-hfb-above-header-display":"","ast-hfb-below-header-display":"","ast-hfb-mobile-header-display":"","site-post-title":"","ast-breadcrumbs-content":"","ast-featured-img":"","footer-sml-layout":"","theme-transparent-header-meta":"","adv-header-id-meta":"","stick-header-meta":"","header-above-stick-meta":"","header-main-stick-meta":"","header-below-stick-meta":"","astra-migrate-meta-layouts":"default","ast-page-background-enabled":"default","ast-page-background-meta":{"desktop":{"background-color":"var(--ast-global-color-4)","background-image":"","background-repeat":"repeat","background-position":"center center","background-size":"auto","background-attachment":"scroll","background-type":"","background-media":"","overlay-type":"","overlay-color":"","overlay-opacity":"","overlay-gradient":""},"tablet":{"background-color":"","background-image":"","background-repeat":"repeat","background-position":"center center","background-size":"auto","background-attachment":"scroll","background-type":"","background-media":"","overlay-type":"","overlay-color":"","overlay-opacity":"","overlay-gradient":""},"mobile":{"background-color":"","background-image":"","background-repeat":"repeat","background-position":"center center","background-size":"auto","background-attachment":"scroll","background-type":"","background-media":"","overlay-type":"","overlay-color":"","overlay-opacity":"","overlay-gradient":""}},"ast-content-background-meta":{"desktop":{"background-color":"var(--ast-global-color-5)","background-image":"","background-repeat":"repeat","background-position":"center center","background-size":"auto","background-attachment":"scroll","background-type":"","background-media":"","overlay-type":"","overlay-color":"","overlay-opacity":"","overlay-gradient":""},"tablet":{"background-color":"var(--ast-global-color-5)","background-image":"","background-repeat":"repeat","background-position":"center center","background-size":"auto","background-attachment":"scroll","background-type":"","background-media":"","overlay-type":"","overlay-color":"","overlay-opacity":"","overlay-gradient":""},"mobile":{"background-color":"var(--ast-global-color-5)","background-image":"","background-repeat":"repeat","background-position":"center center","background-size":"auto","background-attachment":"scroll","background-type":"","background-media":"","overlay-type":"","overlay-color":"","overlay-opacity":"","overlay-gradient":""}},"footnotes":""},"categories":[351,65,1,297,353],"tags":[],"class_list":["post-10358","post","type-post","status-publish","format-standard","has-post-thumbnail","hentry","category-bones-practiques","category-crp","category-general","category-novetats-comunitat","category-primaria"],"post_mailing_queue_ids":[],"_links":{"self":[{"href":"https:\/\/serveiseducatius.xtec.cat\/baixemporda\/wp-json\/wp\/v2\/posts\/10358","targetHints":{"allow":["GET"]}}],"collection":[{"href":"https:\/\/serveiseducatius.xtec.cat\/baixemporda\/wp-json\/wp\/v2\/posts"}],"about":[{"href":"https:\/\/serveiseducatius.xtec.cat\/baixemporda\/wp-json\/wp\/v2\/types\/post"}],"author":[{"embeddable":true,"href":"https:\/\/serveiseducatius.xtec.cat\/baixemporda\/wp-json\/wp\/v2\/users\/1"}],"replies":[{"embeddable":true,"href":"https:\/\/serveiseducatius.xtec.cat\/baixemporda\/wp-json\/wp\/v2\/comments?post=10358"}],"version-history":[{"count":1,"href":"https:\/\/serveiseducatius.xtec.cat\/baixemporda\/wp-json\/wp\/v2\/posts\/10358\/revisions"}],"predecessor-version":[{"id":10360,"href":"https:\/\/serveiseducatius.xtec.cat\/baixemporda\/wp-json\/wp\/v2\/posts\/10358\/revisions\/10360"}],"wp:featuredmedia":[{"embeddable":true,"href":"https:\/\/serveiseducatius.xtec.cat\/baixemporda\/wp-json\/wp\/v2\/media\/10359"}],"wp:attachment":[{"href":"https:\/\/serveiseducatius.xtec.cat\/baixemporda\/wp-json\/wp\/v2\/media?parent=10358"}],"wp:term":[{"taxonomy":"category","embeddable":true,"href":"https:\/\/serveiseducatius.xtec.cat\/baixemporda\/wp-json\/wp\/v2\/categories?post=10358"},{"taxonomy":"post_tag","embeddable":true,"href":"https:\/\/serveiseducatius.xtec.cat\/baixemporda\/wp-json\/wp\/v2\/tags?post=10358"}],"curies":[{"name":"wp","href":"https:\/\/api.w.org\/{rel}","templated":true}]}}