{"id":10204,"date":"2021-02-16T09:03:09","date_gmt":"2021-02-16T08:03:09","guid":{"rendered":"http:\/\/serveiseducatius.xtec.cat\/baixemporda\/?p=10204"},"modified":"2021-02-16T09:03:09","modified_gmt":"2021-02-16T08:03:09","slug":"viiies-jornades-daprenentatge-servei","status":"publish","type":"post","link":"https:\/\/serveiseducatius.xtec.cat\/baixemporda\/general\/viiies-jornades-daprenentatge-servei\/","title":{"rendered":"VIIIes Jornades d&#8217;Aprenentatge Servei"},"content":{"rendered":"<p><a href=\"https:\/\/aprenentatgeservei.cat\/wp-content\/uploads\/Jornades-Aps-2021.pdf\" target=\"_blank\" rel=\"noopener noreferrer\"><img loading=\"lazy\" decoding=\"async\" class=\"size-medium wp-image-10207 aligncenter\" src=\"https:\/\/serveiseducatius.xtec.cat\/baixemporda\/wp-content\/uploads\/usu1155\/2021\/02\/8es_jornades_APS-300x150.jpg\" alt=\"\" width=\"300\" height=\"150\" srcset=\"https:\/\/serveiseducatius.xtec.cat\/baixemporda\/wp-content\/uploads\/usu1155\/2021\/02\/8es_jornades_APS-300x150.jpg 300w, https:\/\/serveiseducatius.xtec.cat\/baixemporda\/wp-content\/uploads\/usu1155\/2021\/02\/8es_jornades_APS.jpg 680w\" sizes=\"auto, (max-width: 300px) 100vw, 300px\" \/><\/a><\/p>\n<p style=\"text-align: justify;\">El proper <strong>dimecres 3 i dijous 4 de mar\u00e7<\/strong> tindr\u00e0 lloc les <strong>VIIIes jornades d&#8217;Aprenentatge Servei<\/strong>, organitzades pel Centre Promotor d&#8217;Aprenentatge Servei i l&#8217;Institut de Desenvolupament Professional\u00a0\u00a0(ICE-UB). Les VIII Jornades d\u2019Aprenentatge Servei, una tradici\u00f3 bianual del Centre Promotor d\u2019ApS, s\u2019hauran de celebrar en l\u00ednia. El lema que encap\u00e7ala les Jornades, <strong>\u00abApS, educar per a la transformaci\u00f3 social\u00bb<\/strong>, expressa un convenciment profund: l\u2019aprenentatge servei \u00e9s una eina que serveix perqu\u00e8 els nois i noies es formin com a persones i com a ciutadans tot enfrontar-se de veritat a reptes c\u00edvics rellevants, i ho facin col\u00b7laborant en la recerca del b\u00e9 com\u00fa.<\/p>\n<p style=\"text-align: justify;\">Per a m\u00e9s informaci\u00f3, podeu consultar la seva <a href=\"https:\/\/aprenentatgeservei.cat\/wp-content\/uploads\/Jornades-Aps-2021.pdf\" target=\"_blank\" rel=\"noopener noreferrer\">p\u00e0gina web<\/a>. Per a inscripcions, cliqueu <a href=\"https:\/\/www.ub.edu\/gidp-matice\/faces\/formatice?curs=43073&amp;_afrWindowMode=0&amp;_afrLoop=1619993048617815&amp;_adf.ctrl-state=pci0in9hs_4\" target=\"_blank\" rel=\"noopener noreferrer\">aqu\u00ed<\/a>.<\/p>\n","protected":false},"excerpt":{"rendered":"<p>El proper dimecres 3 i dijous 4 de mar\u00e7 tindr\u00e0 lloc les VIIIes jornades d&#8217;Aprenentatge Servei, organitzades pel Centre Promotor d&#8217;Aprenentatge Servei i l&#8217;Institut de Desenvolupament Professional\u00a0\u00a0(ICE-UB). Les VIII Jornades d\u2019Aprenentatge Servei, una tradici\u00f3 bianual del Centre Promotor d\u2019ApS, s\u2019hauran de celebrar en l\u00ednia. El lema que encap\u00e7ala les Jornades, \u00abApS, educar per a la [&hellip;]<\/p>\n","protected":false},"author":1,"featured_media":10207,"comment_status":"closed","ping_status":"closed","sticky":false,"template":"","format":"standard","meta":{"_bbp_topic_count":0,"_bbp_reply_count":0,"_bbp_total_topic_count":0,"_bbp_total_reply_count":0,"_bbp_voice_count":0,"_bbp_anonymous_reply_count":0,"_bbp_topic_count_hidden":0,"_bbp_reply_count_hidden":0,"_bbp_forum_subforum_count":0,"site-sidebar-layout":"default","site-content-layout":"","ast-site-content-layout":"","site-content-style":"default","site-sidebar-style":"default","ast-global-header-display":"","ast-banner-title-visibility":"","ast-main-header-display":"","ast-hfb-above-header-display":"","ast-hfb-below-header-display":"","ast-hfb-mobile-header-display":"","site-post-title":"","ast-breadcrumbs-content":"","ast-featured-img":"","footer-sml-layout":"","theme-transparent-header-meta":"","adv-header-id-meta":"","stick-header-meta":"","header-above-stick-meta":"","header-main-stick-meta":"","header-below-stick-meta":"","astra-migrate-meta-layouts":"default","ast-page-background-enabled":"default","ast-page-background-meta":{"desktop":{"background-color":"var(--ast-global-color-4)","background-image":"","background-repeat":"repeat","background-position":"center center","background-size":"auto","background-attachment":"scroll","background-type":"","background-media":"","overlay-type":"","overlay-color":"","overlay-opacity":"","overlay-gradient":""},"tablet":{"background-color":"","background-image":"","background-repeat":"repeat","background-position":"center center","background-size":"auto","background-attachment":"scroll","background-type":"","background-media":"","overlay-type":"","overlay-color":"","overlay-opacity":"","overlay-gradient":""},"mobile":{"background-color":"","background-image":"","background-repeat":"repeat","background-position":"center center","background-size":"auto","background-attachment":"scroll","background-type":"","background-media":"","overlay-type":"","overlay-color":"","overlay-opacity":"","overlay-gradient":""}},"ast-content-background-meta":{"desktop":{"background-color":"var(--ast-global-color-5)","background-image":"","background-repeat":"repeat","background-position":"center center","background-size":"auto","background-attachment":"scroll","background-type":"","background-media":"","overlay-type":"","overlay-color":"","overlay-opacity":"","overlay-gradient":""},"tablet":{"background-color":"var(--ast-global-color-5)","background-image":"","background-repeat":"repeat","background-position":"center center","background-size":"auto","background-attachment":"scroll","background-type":"","background-media":"","overlay-type":"","overlay-color":"","overlay-opacity":"","overlay-gradient":""},"mobile":{"background-color":"var(--ast-global-color-5)","background-image":"","background-repeat":"repeat","background-position":"center center","background-size":"auto","background-attachment":"scroll","background-type":"","background-media":"","overlay-type":"","overlay-color":"","overlay-opacity":"","overlay-gradient":""}},"footnotes":""},"categories":[65,1,296,29],"tags":[],"class_list":["post-10204","post","type-post","status-publish","format-standard","has-post-thumbnail","hentry","category-crp","category-general","category-novetats-dinamitzacio","category-portada"],"post_mailing_queue_ids":[],"_links":{"self":[{"href":"https:\/\/serveiseducatius.xtec.cat\/baixemporda\/wp-json\/wp\/v2\/posts\/10204","targetHints":{"allow":["GET"]}}],"collection":[{"href":"https:\/\/serveiseducatius.xtec.cat\/baixemporda\/wp-json\/wp\/v2\/posts"}],"about":[{"href":"https:\/\/serveiseducatius.xtec.cat\/baixemporda\/wp-json\/wp\/v2\/types\/post"}],"author":[{"embeddable":true,"href":"https:\/\/serveiseducatius.xtec.cat\/baixemporda\/wp-json\/wp\/v2\/users\/1"}],"replies":[{"embeddable":true,"href":"https:\/\/serveiseducatius.xtec.cat\/baixemporda\/wp-json\/wp\/v2\/comments?post=10204"}],"version-history":[{"count":1,"href":"https:\/\/serveiseducatius.xtec.cat\/baixemporda\/wp-json\/wp\/v2\/posts\/10204\/revisions"}],"predecessor-version":[{"id":10209,"href":"https:\/\/serveiseducatius.xtec.cat\/baixemporda\/wp-json\/wp\/v2\/posts\/10204\/revisions\/10209"}],"wp:featuredmedia":[{"embeddable":true,"href":"https:\/\/serveiseducatius.xtec.cat\/baixemporda\/wp-json\/wp\/v2\/media\/10207"}],"wp:attachment":[{"href":"https:\/\/serveiseducatius.xtec.cat\/baixemporda\/wp-json\/wp\/v2\/media?parent=10204"}],"wp:term":[{"taxonomy":"category","embeddable":true,"href":"https:\/\/serveiseducatius.xtec.cat\/baixemporda\/wp-json\/wp\/v2\/categories?post=10204"},{"taxonomy":"post_tag","embeddable":true,"href":"https:\/\/serveiseducatius.xtec.cat\/baixemporda\/wp-json\/wp\/v2\/tags?post=10204"}],"curies":[{"name":"wp","href":"https:\/\/api.w.org\/{rel}","templated":true}]}}