{"id":9217,"date":"2026-01-07T08:00:00","date_gmt":"2026-01-07T07:00:00","guid":{"rendered":"https:\/\/serveiseducatius.xtec.cat\/baixebre\/?p=9217"},"modified":"2026-01-26T09:28:18","modified_gmt":"2026-01-26T08:28:18","slug":"activitats-formatives-2n-torn","status":"publish","type":"post","link":"https:\/\/serveiseducatius.xtec.cat\/baixebre\/general\/activitats-formatives-2n-torn\/","title":{"rendered":"Activitats formatives 2n torn"},"content":{"rendered":"\n<figure class=\"wp-block-image alignleft size-full is-resized\"><a href=\"https:\/\/serveiseducatius.xtec.cat\/baixebre\/wp-content\/uploads\/usu624\/2025\/12\/PFZ_2T_25_26.jpg\"><img loading=\"lazy\" decoding=\"async\" width=\"800\" height=\"450\" src=\"https:\/\/serveiseducatius.xtec.cat\/baixebre\/wp-content\/uploads\/usu624\/2025\/12\/PFZ_2T_25_26.jpg\" alt=\"\" class=\"wp-image-9218\" style=\"width:470px;height:auto\" srcset=\"https:\/\/serveiseducatius.xtec.cat\/baixebre\/wp-content\/uploads\/usu624\/2025\/12\/PFZ_2T_25_26.jpg 800w, https:\/\/serveiseducatius.xtec.cat\/baixebre\/wp-content\/uploads\/usu624\/2025\/12\/PFZ_2T_25_26-300x169.jpg 300w, https:\/\/serveiseducatius.xtec.cat\/baixebre\/wp-content\/uploads\/usu624\/2025\/12\/PFZ_2T_25_26-768x432.jpg 768w\" sizes=\"auto, (max-width: 800px) 100vw, 800px\" \/><\/a><\/figure>\n\n\n\n<p>Del 7 al 15 de gener est\u00e0 obert el per\u00edode d&#8217;inscripci\u00f3 a les activitats formatives de segon torn.<\/p>\n\n\n\n<p>8030851803 <strong>Biblioteques escolars <\/strong>\u00a0<strong>(<\/strong><a href=\"https:\/\/aplicacions.gestioeducativa.gencat.cat\/ords\/pls\/soloas\/pk_for_mod_ins.p_for_detall_activitat?p_codi=8030851803&amp;p_curs=2025-2026&amp;p_es_inscr=S\"><strong>Inscripci\u00f3<\/strong><\/a><strong>) <\/strong><strong>PRI- <\/strong>Espai de coordinaci\u00f3 per a dinamitzar les biblioteques escolars dels centres p\u00fablics de la zona, buscant propostes d&#8217;actualitzaci\u00f3 i millora.<\/p>\n\n\n\n<p>8030971803 <strong>Arquitectures ef\u00edmeres: transformant l&#8217;espai amb una mirada pedag\u00f2gica (<\/strong><a href=\"https:\/\/aplicacions.gestioeducativa.gencat.cat\/ords\/pls\/soloas\/pk_for_mod_ins.p_for_detall_activitat?p_codi=8030971803&amp;p_curs=2025-2026&amp;p_es_inscr=S\"><strong>Inscripci\u00f3<\/strong><\/a><strong>) <\/strong><strong>INF-PRI-SEC<\/strong> Activitat formativa per a la participaci\u00f3 a la creaci\u00f3 d&#8217;un espai reservat per als centres al Festival A Cel Obert de Tortosa. Mitjan\u00e7ant una Situaci\u00f3 d&#8217;Aprenentatge, els centres podran aportar propostes, fomentant la creativitat a l&#8217;aula .<\/p>\n\n\n\n<p>8031150509 <strong>L&#8217;avaluaci\u00f3 i la documentaci\u00f3 pedag\u00f2gica a l&#8217;educaci\u00f3 infantil<\/strong><strong> <\/strong><strong>(<\/strong><a href=\"https:\/\/aplicacions.gestioeducativa.gencat.cat\/ords\/pls\/soloas\/pk_for_mod_ins.p_for_detall_activitat?p_codi=8031150509&amp;p_curs=2025-2026&amp;p_es_inscr=S\"><strong>Inscripci\u00f3<\/strong><\/a><strong>) <\/strong><strong>INF <\/strong>Taller adre\u00e7at a educadores i mestres d&#8217;educaci\u00f3 infantil de centres p\u00fablics que volen reflexionar sobre l&#8217;avaluaci\u00f3 i la documentaci\u00f3 pedag\u00f2gica a l&#8217;etapa d&#8217;educaci\u00f3 infantil 0-6 anys.<\/p>\n\n\n\n<p>8030980509 <strong>Ballem a l&#8217;aula. Descobrim les danses tradicionals (7a edici\u00f3) (<\/strong><a href=\"https:\/\/aplicacions.gestioeducativa.gencat.cat\/ords\/pls\/soloas\/pk_for_mod_ins.p_for_detall_activitat?p_codi=8030980509&amp;p_curs=2025-2026&amp;p_es_inscr=S\"><strong>Inscripci\u00f3<\/strong><\/a><strong>)&nbsp;<\/strong><strong>INF-PRI-SEC<\/strong>&nbsp; La Direcci\u00f3 general de Cultura Popular i Associacionisme Cultural del Departament de Cultura proposa, per 7\u00e8 curs consecutiu, una formaci\u00f3 adre\u00e7ada a mestres de prim\u00e0ria liderada per un esbart dansaire de proximitat.<\/p>\n\n\n\n<p>8031160547 \u00a0 <strong>Possibilitats del patrimoni cultural en el curr\u00edculum<\/strong> <strong>(<\/strong><a href=\"https:\/\/aplicacions.gestioeducativa.gencat.cat\/ords\/pls\/soloas\/pk_for_mod_ins.p_for_detall_activitat?p_codi=8031160547&amp;p_curs=2025-2026&amp;p_es_inscr=S\"><strong>Inscripci\u00f3<\/strong><\/a><strong>)INF-PRI-SEC<\/strong> Activitat formativa per docents interessats a incorporar el patrimoni cultural a la pr\u00e0ctica educativa com a recurs pedag\u00f2gic actiu, proper i significatiu.<\/p>\n\n\n\n<p>8031170547 \u00a0 <strong>La pr\u00e0ctica de la dansa en els centres educatius<\/strong>\u00a0<strong>(<\/strong><a href=\"https:\/\/aplicacions.gestioeducativa.gencat.cat\/ords\/pls\/soloas\/pk_for_mod_ins.p_for_detall_activitat?p_codi=8031160547&amp;p_curs=2025-2026&amp;p_es_inscr=S\"><strong>Inscripci\u00f3<\/strong><\/a><strong>) INF-PRI-SEC<\/strong> Activitat formativa per docents interessats a incorporar el patrimoni cultural a la pr\u00e0ctica educativa com a recurs pedag\u00f2gic actiu, proper i significatiu.<\/p>\n\n\n\n<p><\/p>\n","protected":false},"excerpt":{"rendered":"<p>Formaci\u00f3 2n torn<br \/>\nInscripci\u00f3 del 7 al 15 de gener<br \/>\nActivitats PFZ del Baix Ebre<\/p>\n","protected":false},"author":4,"featured_media":9218,"comment_status":"closed","ping_status":"open","sticky":false,"template":"","format":"standard","meta":{"_bbp_topic_count":0,"_bbp_reply_count":0,"_bbp_total_topic_count":0,"_bbp_total_reply_count":0,"_bbp_voice_count":0,"_bbp_anonymous_reply_count":0,"_bbp_topic_count_hidden":0,"_bbp_reply_count_hidden":0,"_bbp_forum_subforum_count":0,"site-sidebar-layout":"default","site-content-layout":"","ast-site-content-layout":"default","site-content-style":"default","site-sidebar-style":"default","ast-global-header-display":"","ast-banner-title-visibility":"","ast-main-header-display":"","ast-hfb-above-header-display":"","ast-hfb-below-header-display":"","ast-hfb-mobile-header-display":"","site-post-title":"","ast-breadcrumbs-content":"","ast-featured-img":"","footer-sml-layout":"","theme-transparent-header-meta":"","adv-header-id-meta":"","stick-header-meta":"","header-above-stick-meta":"","header-main-stick-meta":"","header-below-stick-meta":"","astra-migrate-meta-layouts":"set","ast-page-background-enabled":"default","ast-page-background-meta":{"desktop":{"background-color":"var(--ast-global-color-4)","background-image":"","background-repeat":"repeat","background-position":"center center","background-size":"auto","background-attachment":"scroll","background-type":"","background-media":"","overlay-type":"","overlay-color":"","overlay-opacity":"","overlay-gradient":""},"tablet":{"background-color":"","background-image":"","background-repeat":"repeat","background-position":"center center","background-size":"auto","background-attachment":"scroll","background-type":"","background-media":"","overlay-type":"","overlay-color":"","overlay-opacity":"","overlay-gradient":""},"mobile":{"background-color":"","background-image":"","background-repeat":"repeat","background-position":"center center","background-size":"auto","background-attachment":"scroll","background-type":"","background-media":"","overlay-type":"","overlay-color":"","overlay-opacity":"","overlay-gradient":""}},"ast-content-background-meta":{"desktop":{"background-color":"var(--ast-global-color-5)","background-image":"","background-repeat":"repeat","background-position":"center center","background-size":"auto","background-attachment":"scroll","background-type":"","background-media":"","overlay-type":"","overlay-color":"","overlay-opacity":"","overlay-gradient":""},"tablet":{"background-color":"var(--ast-global-color-5)","background-image":"","background-repeat":"repeat","background-position":"center center","background-size":"auto","background-attachment":"scroll","background-type":"","background-media":"","overlay-type":"","overlay-color":"","overlay-opacity":"","overlay-gradient":""},"mobile":{"background-color":"var(--ast-global-color-5)","background-image":"","background-repeat":"repeat","background-position":"center center","background-size":"auto","background-attachment":"scroll","background-type":"","background-media":"","overlay-type":"","overlay-color":"","overlay-opacity":"","overlay-gradient":""}},"footnotes":""},"categories":[65,1],"tags":[],"class_list":["post-9217","post","type-post","status-publish","format-standard","has-post-thumbnail","hentry","category-crp","category-general"],"post_mailing_queue_ids":[],"_links":{"self":[{"href":"https:\/\/serveiseducatius.xtec.cat\/baixebre\/wp-json\/wp\/v2\/posts\/9217","targetHints":{"allow":["GET"]}}],"collection":[{"href":"https:\/\/serveiseducatius.xtec.cat\/baixebre\/wp-json\/wp\/v2\/posts"}],"about":[{"href":"https:\/\/serveiseducatius.xtec.cat\/baixebre\/wp-json\/wp\/v2\/types\/post"}],"author":[{"embeddable":true,"href":"https:\/\/serveiseducatius.xtec.cat\/baixebre\/wp-json\/wp\/v2\/users\/4"}],"replies":[{"embeddable":true,"href":"https:\/\/serveiseducatius.xtec.cat\/baixebre\/wp-json\/wp\/v2\/comments?post=9217"}],"version-history":[{"count":3,"href":"https:\/\/serveiseducatius.xtec.cat\/baixebre\/wp-json\/wp\/v2\/posts\/9217\/revisions"}],"predecessor-version":[{"id":9221,"href":"https:\/\/serveiseducatius.xtec.cat\/baixebre\/wp-json\/wp\/v2\/posts\/9217\/revisions\/9221"}],"wp:featuredmedia":[{"embeddable":true,"href":"https:\/\/serveiseducatius.xtec.cat\/baixebre\/wp-json\/wp\/v2\/media\/9218"}],"wp:attachment":[{"href":"https:\/\/serveiseducatius.xtec.cat\/baixebre\/wp-json\/wp\/v2\/media?parent=9217"}],"wp:term":[{"taxonomy":"category","embeddable":true,"href":"https:\/\/serveiseducatius.xtec.cat\/baixebre\/wp-json\/wp\/v2\/categories?post=9217"},{"taxonomy":"post_tag","embeddable":true,"href":"https:\/\/serveiseducatius.xtec.cat\/baixebre\/wp-json\/wp\/v2\/tags?post=9217"}],"curies":[{"name":"wp","href":"https:\/\/api.w.org\/{rel}","templated":true}]}}