{"id":9109,"date":"2025-03-06T09:31:23","date_gmt":"2025-03-06T08:31:23","guid":{"rendered":"https:\/\/serveiseducatius.xtec.cat\/baixebre\/?p=9109"},"modified":"2025-03-06T09:31:51","modified_gmt":"2025-03-06T08:31:51","slug":"xv-jornada-de-primaria-terres-de-lebre","status":"publish","type":"post","link":"https:\/\/serveiseducatius.xtec.cat\/baixebre\/portada\/xv-jornada-de-primaria-terres-de-lebre\/","title":{"rendered":"XV Jornada d&#8217;E. Prim\u00e0ria TE"},"content":{"rendered":"\n<figure class=\"wp-block-image alignleft size-large is-resized\"><a href=\"https:\/\/serveiseducatius.xtec.cat\/baixebre\/wp-content\/uploads\/usu624\/2025\/03\/cartell.jpg\"><img loading=\"lazy\" decoding=\"async\" width=\"724\" height=\"1024\" src=\"https:\/\/serveiseducatius.xtec.cat\/baixebre\/wp-content\/uploads\/usu624\/2025\/03\/cartell-724x1024.jpg\" alt=\"\" class=\"wp-image-9113\" style=\"width:568px;height:auto\" srcset=\"https:\/\/serveiseducatius.xtec.cat\/baixebre\/wp-content\/uploads\/usu624\/2025\/03\/cartell-724x1024.jpg 724w, https:\/\/serveiseducatius.xtec.cat\/baixebre\/wp-content\/uploads\/usu624\/2025\/03\/cartell-212x300.jpg 212w, https:\/\/serveiseducatius.xtec.cat\/baixebre\/wp-content\/uploads\/usu624\/2025\/03\/cartell-768x1086.jpg 768w, https:\/\/serveiseducatius.xtec.cat\/baixebre\/wp-content\/uploads\/usu624\/2025\/03\/cartell-1086x1536.jpg 1086w, https:\/\/serveiseducatius.xtec.cat\/baixebre\/wp-content\/uploads\/usu624\/2025\/03\/cartell-1449x2048.jpg 1449w, https:\/\/serveiseducatius.xtec.cat\/baixebre\/wp-content\/uploads\/usu624\/2025\/03\/cartell.jpg 1588w\" sizes=\"auto, (max-width: 724px) 100vw, 724px\" \/><\/a><\/figure>\n\n\n\n<p>Aquesta jornada est\u00e0 dirigida a professionals de l&#8217;educaci\u00f3 prim\u00e0ria i primer cicle d&#8217;ESO interessats a explorar noves maneres d&#8217;introduir la ci\u00e8ncia a l&#8217;alumnat d&#8217;aquestes etapes educatives. Durant la jornada, es reflexionar\u00e0 sobre com fomentar una mirada cr\u00edtica i indagadora en l&#8217;alumnat, a trav\u00e9s d&#8217;activitats pr\u00e0ctiques que promoguin l&#8217;experimentaci\u00f3, l&#8217;observaci\u00f3 i la resoluci\u00f3 de problemes. S&#8217;abordaran metodologies actives que parteixen de les preguntes de l&#8217;alumnat i de l&#8217;exploraci\u00f3 del seu entorn quotidi\u00e0, potenciant la seva curiositat natural i la seva capacitat per reflexionar sobre el m\u00f3n que els envolta.<\/p>\n\n\n\n<p>PROGRAMA:<\/p>\n\n\n\n<p>09.15 h. Inauguraci\u00f3 de la jornada.<\/p>\n\n\n\n<p>09.30 h. Pon\u00e8ncia a c\u00e0rrec de la Sra. Digna Couso<br>Professora agregada, Universitat Aut\u00f2noma de Barcelona. Departament de Did\u00e0ctica de la Matem\u00e0tica i de les Ci\u00e8ncies Experimentals.<\/p>\n\n\n\n<p>10.30 h. 1a SESSI\u00d3 DE TALLERS<\/p>\n\n\n\n<p>TALLER 1 Calor, temperatura i adaptacions dels animals (6\u00e8 Prim\u00e0ria i Primer cicle d&#8217;ESO). Sra. Elena Gay\u00e1n Rico.<br>TALLER 2 De la sorpresa a la indagaci\u00f3 (Cicle inicial Educaci\u00f3 Prim\u00e0ria).<br>Sra. Pilar Melc\u00f3n i Sra. N\u00faria L\u00f3pez.<br>TALLER 3 Activitats sobre el cicle de l&#8217;aigua (Cicle Mitj\u00e0 Educaci\u00f3 Prim\u00e0ria). Sra. M.Roser Nebot Castell\u00f3<\/p>\n\n\n\n<p>11.30 h. Descans<\/p>\n\n\n\n<p>12 h. 2a SESSI\u00d3 DE TALLERS<\/p>\n\n\n\n<p>TALLER 1 Calor, temperatura i adaptacions dels animals (6\u00e8 Prim\u00e0ria i Primer cicle d&#8217;ESO). Sra. Elena Gay\u00e1n Rico.<br>TALLER 2 De la sorpresa a la indagaci\u00f3 (Cicle inicial Educaci\u00f3 Prim\u00e0ria).<br>Sra. Pilar Melc\u00f3n i Sra. N\u00faria L\u00f3pez.<br>TALLER 3 Activitats sobre el cicle de l&#8217;aigua (Cicle Mitj\u00e0 Educaci\u00f3 Prim\u00e0ria). Sra. M.Roser Nebot Castell\u00f3<\/p>\n\n\n\n<p>13 h. Cloenda de la jornada.<\/p>\n\n\n\n<p><strong>Activitat reconeguda pel Departament d&#8217;Educaci\u00f3 a trav\u00e9s de l&#8217;ICE URV (codi&nbsp;8002020021)&nbsp;amb una certificaci\u00f3 de 5 hores.<\/strong><\/p>\n\n\n\n<p>Inscripci\u00f3&nbsp;<a href=\"https:\/\/aplicacions.gestioeducativa.gencat.cat\/ords\/pls\/soloas\/pk_for_mod_ins.p_for_detall_activitat?p_codi=8002020021&amp;p_curs=2024-2025&amp;p_es_inscr=S\" target=\"_blank\" rel=\"noreferrer noopener\">Aqu\u00ed<\/a><\/p>\n","protected":false},"excerpt":{"rendered":"<p>Educaci\u00f3 Prim\u00e0ria i Secund\u00e0ria<br \/>\n29 de mar\u00e7 de 2025<br \/>\nCampus URV Tortosa<\/p>\n","protected":false},"author":4,"featured_media":9111,"comment_status":"open","ping_status":"open","sticky":false,"template":"","format":"standard","meta":{"_bbp_topic_count":0,"_bbp_reply_count":0,"_bbp_total_topic_count":0,"_bbp_total_reply_count":0,"_bbp_voice_count":0,"_bbp_anonymous_reply_count":0,"_bbp_topic_count_hidden":0,"_bbp_reply_count_hidden":0,"_bbp_forum_subforum_count":0,"site-sidebar-layout":"default","site-content-layout":"","ast-site-content-layout":"default","site-content-style":"default","site-sidebar-style":"default","ast-global-header-display":"","ast-banner-title-visibility":"","ast-main-header-display":"","ast-hfb-above-header-display":"","ast-hfb-below-header-display":"","ast-hfb-mobile-header-display":"","site-post-title":"","ast-breadcrumbs-content":"","ast-featured-img":"","footer-sml-layout":"","theme-transparent-header-meta":"","adv-header-id-meta":"","stick-header-meta":"","header-above-stick-meta":"","header-main-stick-meta":"","header-below-stick-meta":"","astra-migrate-meta-layouts":"set","ast-page-background-enabled":"default","ast-page-background-meta":{"desktop":{"background-color":"var(--ast-global-color-4)","background-image":"","background-repeat":"repeat","background-position":"center center","background-size":"auto","background-attachment":"scroll","background-type":"","background-media":"","overlay-type":"","overlay-color":"","overlay-opacity":"","overlay-gradient":""},"tablet":{"background-color":"","background-image":"","background-repeat":"repeat","background-position":"center center","background-size":"auto","background-attachment":"scroll","background-type":"","background-media":"","overlay-type":"","overlay-color":"","overlay-opacity":"","overlay-gradient":""},"mobile":{"background-color":"","background-image":"","background-repeat":"repeat","background-position":"center center","background-size":"auto","background-attachment":"scroll","background-type":"","background-media":"","overlay-type":"","overlay-color":"","overlay-opacity":"","overlay-gradient":""}},"ast-content-background-meta":{"desktop":{"background-color":"var(--ast-global-color-5)","background-image":"","background-repeat":"repeat","background-position":"center center","background-size":"auto","background-attachment":"scroll","background-type":"","background-media":"","overlay-type":"","overlay-color":"","overlay-opacity":"","overlay-gradient":""},"tablet":{"background-color":"var(--ast-global-color-5)","background-image":"","background-repeat":"repeat","background-position":"center center","background-size":"auto","background-attachment":"scroll","background-type":"","background-media":"","overlay-type":"","overlay-color":"","overlay-opacity":"","overlay-gradient":""},"mobile":{"background-color":"var(--ast-global-color-5)","background-image":"","background-repeat":"repeat","background-position":"center center","background-size":"auto","background-attachment":"scroll","background-type":"","background-media":"","overlay-type":"","overlay-color":"","overlay-opacity":"","overlay-gradient":""}},"footnotes":""},"categories":[65,29],"tags":[],"class_list":["post-9109","post","type-post","status-publish","format-standard","has-post-thumbnail","hentry","category-crp","category-portada"],"post_mailing_queue_ids":[],"_links":{"self":[{"href":"https:\/\/serveiseducatius.xtec.cat\/baixebre\/wp-json\/wp\/v2\/posts\/9109","targetHints":{"allow":["GET"]}}],"collection":[{"href":"https:\/\/serveiseducatius.xtec.cat\/baixebre\/wp-json\/wp\/v2\/posts"}],"about":[{"href":"https:\/\/serveiseducatius.xtec.cat\/baixebre\/wp-json\/wp\/v2\/types\/post"}],"author":[{"embeddable":true,"href":"https:\/\/serveiseducatius.xtec.cat\/baixebre\/wp-json\/wp\/v2\/users\/4"}],"replies":[{"embeddable":true,"href":"https:\/\/serveiseducatius.xtec.cat\/baixebre\/wp-json\/wp\/v2\/comments?post=9109"}],"version-history":[{"count":2,"href":"https:\/\/serveiseducatius.xtec.cat\/baixebre\/wp-json\/wp\/v2\/posts\/9109\/revisions"}],"predecessor-version":[{"id":9118,"href":"https:\/\/serveiseducatius.xtec.cat\/baixebre\/wp-json\/wp\/v2\/posts\/9109\/revisions\/9118"}],"wp:featuredmedia":[{"embeddable":true,"href":"https:\/\/serveiseducatius.xtec.cat\/baixebre\/wp-json\/wp\/v2\/media\/9111"}],"wp:attachment":[{"href":"https:\/\/serveiseducatius.xtec.cat\/baixebre\/wp-json\/wp\/v2\/media?parent=9109"}],"wp:term":[{"taxonomy":"category","embeddable":true,"href":"https:\/\/serveiseducatius.xtec.cat\/baixebre\/wp-json\/wp\/v2\/categories?post=9109"},{"taxonomy":"post_tag","embeddable":true,"href":"https:\/\/serveiseducatius.xtec.cat\/baixebre\/wp-json\/wp\/v2\/tags?post=9109"}],"curies":[{"name":"wp","href":"https:\/\/api.w.org\/{rel}","templated":true}]}}