{"id":8925,"date":"2024-11-07T09:00:10","date_gmt":"2024-11-07T08:00:10","guid":{"rendered":"https:\/\/serveiseducatius.xtec.cat\/baixebre\/?p=8925"},"modified":"2024-11-07T09:08:08","modified_gmt":"2024-11-07T08:08:08","slug":"congres-matematiques","status":"publish","type":"post","link":"https:\/\/serveiseducatius.xtec.cat\/baixebre\/portada\/congres-matematiques\/","title":{"rendered":"Congr\u00e9s Matem\u00e0tiques"},"content":{"rendered":"\n<p><span style=\"color: rgb(34, 34, 34); font-family: Arial, Helvetica, sans-serif; font-size: small; white-space-collapse: collapse;\">El pr\u00f2xim juliol tindr\u00e0 lloc a Lleida el Congr\u00e9s Catal\u00e0 d&#8217;Educaci\u00f3 Matem\u00e0tica, el C2EM, i els diferents comit\u00e8s ja hi estan treballant intensament. Es tracta del quart congr\u00e9s que organitzem, despr\u00e9s del de Matar\u00f3 (2000), Barcelona (2016) i Tarragona-Reus (2020, online). \u00c9s un esdeveniment important que aplega entre 400 i 600 docents de matem\u00e0tiques de totes les etapes educatives, des de la llar d&#8217;infants (que tenen un espai especialment dedicat a ells) fins a la universitat.&nbsp;<\/span><\/p>\n\n\n\n<figure class=\"wp-block-image\"><img loading=\"lazy\" decoding=\"async\" width=\"618\" height=\"219\" src=\"https:\/\/serveiseducatius.xtec.cat\/baixebre\/wp-content\/uploads\/usu624\/2024\/11\/mates_congres_1.png\" alt=\"\" class=\"wp-image-8926\" srcset=\"https:\/\/serveiseducatius.xtec.cat\/baixebre\/wp-content\/uploads\/usu624\/2024\/11\/mates_congres_1.png 618w, https:\/\/serveiseducatius.xtec.cat\/baixebre\/wp-content\/uploads\/usu624\/2024\/11\/mates_congres_1-300x106.png 300w\" sizes=\"auto, (max-width: 618px) 100vw, 618px\" \/><\/figure>\n\n\n\n<p>Els objectius del congr\u00e9s s\u00f3n:<\/p>\n\n\n\n<ol class=\"wp-block-list\">\n<li>Promoure el desenvolupament professional docent i afavorir la transici\u00f3 entre etapes<br>educatives.<\/li>\n\n\n\n<li>Compartir inquietuds, experi\u00e8ncies, pr\u00e0ctiques i recerques d\u2019aula.<\/li>\n\n\n\n<li>Millorar l\u2019educaci\u00f3 matem\u00e0tica des de diferents perspectives.<\/li>\n\n\n\n<li>Aprofundir en les relacions dins de les matem\u00e0tiques, amb altres disciplines i amb<br>l\u2019entorn.<\/li>\n\n\n\n<li>Contribuir a la millora de la imatge social de les matem\u00e0tiques i donar a con\u00e8ixer els<br>seus objectius educatius actuals.<\/li>\n\n\n\n<li>Dinamitzar la creaci\u00f3 de vincles entre docents per a la consolidaci\u00f3 i generaci\u00f3 de grups<br>i xarxes.<\/li>\n\n\n\n<li>Gaudir de les matem\u00e0tiques compartint mirades, accions i pensaments<\/li>\n\n\n\n<li>Donar l\u00ednies de continu\u00eftat a la feina feta al C2EM2016 i al C2EM2020.<br>D\u2019acord amb aquests objectius hem adoptat com a lema del congr\u00e9s:<br>Impulsem l\u2019educaci\u00f3 matem\u00e0tica. Fer, mirar, pensar.<\/li>\n<\/ol>\n\n\n\n<p>Data i lloc de celebraci\u00f3<br>El congr\u00e9s se celebrar\u00e0 a Lleida els dies 7, 8 i 9 de juliol de 2025.<\/p>\n\n\n\n<p>Les sessions plen\u00e0ries d\u2019inauguraci\u00f3 i clausura tindran lloc a l\u2019Auditori Enric Granados (Pla\u00e7a<br>de Josep Prenafeta, S\/N). La resta de sessions tindran lloc entre l\u2019edifici del centre de Cultures i<br>Cooperaci\u00f3 Transfronterera i l\u2019Escola Polit\u00e8cnica Superior de la Universitat de Lleida (C\/<br>Jaume II, 67-69, campus de Cappont).<br>Inscripcions<br>La inscripci\u00f3 al congr\u00e9s es far\u00e0 a trav\u00e9s de la p\u00e0gina web c2em.feemcat.org a partir de gener<br>de 2025.<br>Allotjament<br>Si ho necessiteu, properament trobareu aquesta informaci\u00f3 a la web del congr\u00e9s<br>c2em.feemcat.org.<br>Acta de les Jornades<br>Despr\u00e9s de la celebraci\u00f3 del C<\/p>\n\n\n\n<p>2EM es podran consultar tots els textos de les confer\u00e8ncies,<\/p>\n\n\n\n<p>pon\u00e8ncies, comunicacions, tallers i taules a la web del congr\u00e9s.<br>Punts d\u2019informaci\u00f3 i correspond\u00e8ncia<br>Correu electr\u00f2nic: c2em@feemcat.org<br>Web del congr\u00e9s: c2em.feemcat.org<br>Dates importants (pr\u00e8vies a l\u2019inici del congr\u00e9s)<br>\u25cf Data l\u00edmit per al primer per\u00edode d\u2019inscripci\u00f3, amb quota redu\u00efda: 31 de maig de 2025.<br>\u25cf Data l\u00edmit per a la presentaci\u00f3 dels resums de les comunicacions, tallers, taules i altres<br>activitats que es presentin al congr\u00e9s: 15 de mar\u00e7 de 2025<br>\u25cf Data l\u00edmit per a la presentaci\u00f3 dels textos complets de les comunicacions, tallers i<br>altres activitats: 31 de maig de 2025<br>\u25cf Data l\u00edmit per a la inscripci\u00f3 al congr\u00e9s: 30 de juny de 2025<\/p>\n","protected":false},"excerpt":{"rendered":"<p>Congr\u00e9s catal\u00e0 d&#8217;Educaci\u00f3 Matem\u00e0tica<br \/>\nJuliol 2025<br \/>\nLlar infants a universitat<\/p>\n","protected":false},"author":4,"featured_media":8928,"comment_status":"open","ping_status":"open","sticky":false,"template":"","format":"standard","meta":{"_bbp_topic_count":0,"_bbp_reply_count":0,"_bbp_total_topic_count":0,"_bbp_total_reply_count":0,"_bbp_voice_count":0,"_bbp_anonymous_reply_count":0,"_bbp_topic_count_hidden":0,"_bbp_reply_count_hidden":0,"_bbp_forum_subforum_count":0,"site-sidebar-layout":"default","site-content-layout":"","ast-site-content-layout":"","site-content-style":"default","site-sidebar-style":"default","ast-global-header-display":"","ast-banner-title-visibility":"","ast-main-header-display":"","ast-hfb-above-header-display":"","ast-hfb-below-header-display":"","ast-hfb-mobile-header-display":"","site-post-title":"","ast-breadcrumbs-content":"","ast-featured-img":"","footer-sml-layout":"","theme-transparent-header-meta":"","adv-header-id-meta":"","stick-header-meta":"","header-above-stick-meta":"","header-main-stick-meta":"","header-below-stick-meta":"","astra-migrate-meta-layouts":"default","ast-page-background-enabled":"default","ast-page-background-meta":{"desktop":{"background-color":"var(--ast-global-color-4)","background-image":"","background-repeat":"repeat","background-position":"center center","background-size":"auto","background-attachment":"scroll","background-type":"","background-media":"","overlay-type":"","overlay-color":"","overlay-opacity":"","overlay-gradient":""},"tablet":{"background-color":"","background-image":"","background-repeat":"repeat","background-position":"center center","background-size":"auto","background-attachment":"scroll","background-type":"","background-media":"","overlay-type":"","overlay-color":"","overlay-opacity":"","overlay-gradient":""},"mobile":{"background-color":"","background-image":"","background-repeat":"repeat","background-position":"center center","background-size":"auto","background-attachment":"scroll","background-type":"","background-media":"","overlay-type":"","overlay-color":"","overlay-opacity":"","overlay-gradient":""}},"ast-content-background-meta":{"desktop":{"background-color":"var(--ast-global-color-5)","background-image":"","background-repeat":"repeat","background-position":"center center","background-size":"auto","background-attachment":"scroll","background-type":"","background-media":"","overlay-type":"","overlay-color":"","overlay-opacity":"","overlay-gradient":""},"tablet":{"background-color":"var(--ast-global-color-5)","background-image":"","background-repeat":"repeat","background-position":"center center","background-size":"auto","background-attachment":"scroll","background-type":"","background-media":"","overlay-type":"","overlay-color":"","overlay-opacity":"","overlay-gradient":""},"mobile":{"background-color":"var(--ast-global-color-5)","background-image":"","background-repeat":"repeat","background-position":"center center","background-size":"auto","background-attachment":"scroll","background-type":"","background-media":"","overlay-type":"","overlay-color":"","overlay-opacity":"","overlay-gradient":""}},"footnotes":""},"categories":[29],"tags":[],"class_list":["post-8925","post","type-post","status-publish","format-standard","has-post-thumbnail","hentry","category-portada"],"post_mailing_queue_ids":[],"_links":{"self":[{"href":"https:\/\/serveiseducatius.xtec.cat\/baixebre\/wp-json\/wp\/v2\/posts\/8925","targetHints":{"allow":["GET"]}}],"collection":[{"href":"https:\/\/serveiseducatius.xtec.cat\/baixebre\/wp-json\/wp\/v2\/posts"}],"about":[{"href":"https:\/\/serveiseducatius.xtec.cat\/baixebre\/wp-json\/wp\/v2\/types\/post"}],"author":[{"embeddable":true,"href":"https:\/\/serveiseducatius.xtec.cat\/baixebre\/wp-json\/wp\/v2\/users\/4"}],"replies":[{"embeddable":true,"href":"https:\/\/serveiseducatius.xtec.cat\/baixebre\/wp-json\/wp\/v2\/comments?post=8925"}],"version-history":[{"count":2,"href":"https:\/\/serveiseducatius.xtec.cat\/baixebre\/wp-json\/wp\/v2\/posts\/8925\/revisions"}],"predecessor-version":[{"id":8929,"href":"https:\/\/serveiseducatius.xtec.cat\/baixebre\/wp-json\/wp\/v2\/posts\/8925\/revisions\/8929"}],"wp:featuredmedia":[{"embeddable":true,"href":"https:\/\/serveiseducatius.xtec.cat\/baixebre\/wp-json\/wp\/v2\/media\/8928"}],"wp:attachment":[{"href":"https:\/\/serveiseducatius.xtec.cat\/baixebre\/wp-json\/wp\/v2\/media?parent=8925"}],"wp:term":[{"taxonomy":"category","embeddable":true,"href":"https:\/\/serveiseducatius.xtec.cat\/baixebre\/wp-json\/wp\/v2\/categories?post=8925"},{"taxonomy":"post_tag","embeddable":true,"href":"https:\/\/serveiseducatius.xtec.cat\/baixebre\/wp-json\/wp\/v2\/tags?post=8925"}],"curies":[{"name":"wp","href":"https:\/\/api.w.org\/{rel}","templated":true}]}}