{"id":7958,"date":"2022-04-28T08:00:52","date_gmt":"2022-04-28T06:00:52","guid":{"rendered":"https:\/\/serveiseducatius.xtec.cat\/baixebre\/?p=7958"},"modified":"2022-04-25T12:25:46","modified_gmt":"2022-04-25T10:25:46","slug":"xv-jornada-pedagogica","status":"publish","type":"post","link":"https:\/\/serveiseducatius.xtec.cat\/baixebre\/portada\/xv-jornada-pedagogica\/","title":{"rendered":"XV Jornada Pedag\u00f2gica"},"content":{"rendered":"<p><a href=\"https:\/\/serveiseducatius.xtec.cat\/baixebre\/wp-content\/uploads\/usu624\/2022\/04\/15a-jornada-pedagogica-comic-bcn.jpg\"><img loading=\"lazy\" decoding=\"async\" class=\"size-medium wp-image-7959 alignleft\" src=\"https:\/\/serveiseducatius.xtec.cat\/baixebre\/wp-content\/uploads\/usu624\/2022\/04\/15a-jornada-pedagogica-comic-bcn-300x201.jpg\" alt=\"\" width=\"300\" height=\"201\" srcset=\"https:\/\/serveiseducatius.xtec.cat\/baixebre\/wp-content\/uploads\/usu624\/2022\/04\/15a-jornada-pedagogica-comic-bcn-300x201.jpg 300w, https:\/\/serveiseducatius.xtec.cat\/baixebre\/wp-content\/uploads\/usu624\/2022\/04\/15a-jornada-pedagogica-comic-bcn.jpg 410w\" sizes=\"auto, (max-width: 300px) 100vw, 300px\" \/><\/a><\/p>\n<p><strong>PROGRAMA <\/strong><\/p>\n<p><strong>15.00h<\/strong> Acreditacions.<br \/>\n<strong>15.30h<\/strong> Benvinguda a c\u00e0rrec d\u2019Andreu Freixes, subdirector general de Pluriling\u00fcisme, i Meritxell Puig, directora del Sal\u00f3 Internacional C\u00f2mic Barcelona.<br \/>\n<strong>15.45h<\/strong> Confer\u00e8ncia: \u201c<strong>Per qu\u00e8 s\u00f3n necessaris els c\u00f2mics a l&#8217;aula<\/strong>\u201d.<br \/>\nA c\u00e0rrec de Fernando de Felipe. Conversar\u00e0 amb Toni Guiral, cr\u00edtic, editor i guionista de c\u00f2mics.Fernando de Felipe Allu\u00e9 (Saragossa, 1965) \u00e9s professor de la Facultat de Ci\u00e8ncies de la Comunicaci\u00f3 Blanquerna de la Universitat Ramon Llull, dibuixant de c\u00f2mics i guionista de cinema i televisi\u00f3. Ha treballat en revistes com Toutain Editor i Totem el comix i ha publicat Nacido salvaje (1988), ADN (1989) i Marketing &amp; Utop\u00eda Made in USA (Zona 84, 1990). \u00c9s autor de la s\u00e8rie de c\u00f2mic Black Decker des de l\u2019any 1994. Ha dirigit el curtmetratge Oedipus (1997) i la col\u00b7lecci\u00f3 d&#8217;assajos cinematogr\u00e0fics WideScreen per Gl\u00e9nat Espanya. Ha estat guionista de les pel\u00b7l\u00edcules Ra\u00edces de sangre (2002), Darkness (2002) i Palabras encadenadas (2003) Des de 1997 exerceix com a professor a la Universitat Blanquerna. Fernando de Felipe s&#8217;autodefineix aix\u00ed: &#8220;Soc un professor entusiasta al qual paguen per ensenyar de la forma m\u00e9s apassionada possible tot all\u00f2 que estima amb bogeria&#8221;. Va ser guardonat amb el premi a la &#8220;Millor obra de l&#8217;Any&#8221; en el 13\u00e8 Sal\u00f3 del C\u00f2mic de Barcelona (1995) per Museum. Actualment l\u2019Editorial ECC est\u00e0 reeditant tota la seva obra sota la col\u00b7lecci\u00f3 Biblioteca Fernando de Felipe.<br \/>\n<strong>17.00h<\/strong> Pausa<br \/>\n<strong>17.15h<\/strong> Presentaci\u00f3 de publicacions a c\u00e0rrec de les editorials participants en el Sal\u00f3 (Resevoir Books, Astiberri, Norma Editorial, Editorial Finestres, Garbuix Books).<br \/>\n<strong>17. 45h<\/strong> El c\u00f2mic com a eina pedag\u00f2gica a les aules: presentaci\u00f3 de la nova col\u00b7lecci\u00f3 de C\u00f2mic Infantil i Juvenil de Planeta C\u00f2mic, a c\u00e0rrec de la seva editora M\u00edriam Rodr\u00edguez.<br \/>\n<strong>18.15h<\/strong> Presentaci\u00f3 d\u2019experi\u00e8ncies de centres educatius:<br \/>\n\u2022\u201cEns comuniquem\u201d. Treball interdisciplinar al voltant del c\u00f2mic. <strong>Escola El Sitjar (Linyola)<\/strong>. A c\u00e0rrec de Montserrat Gin\u00e9 Verge, S\u00f2nia Garcia Galit\u00f3 iCarme Aparicio Tudela.<br \/>\n\u2022Club de lectura Ala Rota. <strong>Institut Crist\u00f2fol Despuig (Tortosa)<\/strong>. A c\u00e0rrec d\u2019Antoni Obiols Jornet i d\u2019Albert Aragon\u00e8s Salvat.<br \/>\n\u2022Presentaci\u00f3 del llibre Somiem?, del mestre de prim\u00e0ria Adri\u00e0 Homs. Aquest llibre il\u00b7lustrat \u00e9s un recull de somnis reals d&#8217;infants de vint-i-cinc pa\u00efsos.<br \/>\n<strong>19.00h<\/strong> Tancament de la Jornada i visita lliure al sal\u00f3.<br \/>\nNOTA: Aquest programa \u00e9s provisional, pot tenir alguna modificaci\u00f3. L\u2019activitat t\u00e9 un aforament limitat. No s\u2019acceptar\u00e0 cap inscripci\u00f3 fora de dates.<\/p>\n<p><strong>Destinataris<\/strong>: docents d\u2019educaci\u00f3 infantil, prim\u00e0ria i secund\u00e0ria, responsables de biblioteca de centres educatius.<br \/>\n<strong>Data<\/strong>: 6 de maig de 2022, de 15.00 a 20.00h.<br \/>\n<strong>Format<\/strong>: presencial<br \/>\n<strong>Lloc<\/strong>: Fira de Montju\u00efc.<\/p>\n<p><a href=\"https:\/\/aplicacions.gestioeducativa.gencat.cat\/pls\/soloas\/pk_for_mod_ins.p_for_pre_cons_activitats?&amp;p_any=2021-2022&amp;p_codi=9000460555\" target=\"_blank\" rel=\"noopener\">INSCRIPCI\u00d3<\/a> fins el 29 d\u2019abril de 2022<\/p>\n","protected":false},"excerpt":{"rendered":"<p>C\u00f2mic Barcelona<br \/>\nFira de Montju\u00efc<br \/>\n6 de maig de 2022<\/p>\n","protected":false},"author":4,"featured_media":7959,"comment_status":"open","ping_status":"closed","sticky":false,"template":"","format":"standard","meta":{"_bbp_topic_count":0,"_bbp_reply_count":0,"_bbp_total_topic_count":0,"_bbp_total_reply_count":0,"_bbp_voice_count":0,"_bbp_anonymous_reply_count":0,"_bbp_topic_count_hidden":0,"_bbp_reply_count_hidden":0,"_bbp_forum_subforum_count":0,"site-sidebar-layout":"default","site-content-layout":"","ast-site-content-layout":"","site-content-style":"default","site-sidebar-style":"default","ast-global-header-display":"","ast-banner-title-visibility":"","ast-main-header-display":"","ast-hfb-above-header-display":"","ast-hfb-below-header-display":"","ast-hfb-mobile-header-display":"","site-post-title":"","ast-breadcrumbs-content":"","ast-featured-img":"","footer-sml-layout":"","theme-transparent-header-meta":"","adv-header-id-meta":"","stick-header-meta":"","header-above-stick-meta":"","header-main-stick-meta":"","header-below-stick-meta":"","astra-migrate-meta-layouts":"default","ast-page-background-enabled":"default","ast-page-background-meta":{"desktop":{"background-color":"var(--ast-global-color-4)","background-image":"","background-repeat":"repeat","background-position":"center center","background-size":"auto","background-attachment":"scroll","background-type":"","background-media":"","overlay-type":"","overlay-color":"","overlay-opacity":"","overlay-gradient":""},"tablet":{"background-color":"","background-image":"","background-repeat":"repeat","background-position":"center center","background-size":"auto","background-attachment":"scroll","background-type":"","background-media":"","overlay-type":"","overlay-color":"","overlay-opacity":"","overlay-gradient":""},"mobile":{"background-color":"","background-image":"","background-repeat":"repeat","background-position":"center center","background-size":"auto","background-attachment":"scroll","background-type":"","background-media":"","overlay-type":"","overlay-color":"","overlay-opacity":"","overlay-gradient":""}},"ast-content-background-meta":{"desktop":{"background-color":"var(--ast-global-color-5)","background-image":"","background-repeat":"repeat","background-position":"center center","background-size":"auto","background-attachment":"scroll","background-type":"","background-media":"","overlay-type":"","overlay-color":"","overlay-opacity":"","overlay-gradient":""},"tablet":{"background-color":"var(--ast-global-color-5)","background-image":"","background-repeat":"repeat","background-position":"center center","background-size":"auto","background-attachment":"scroll","background-type":"","background-media":"","overlay-type":"","overlay-color":"","overlay-opacity":"","overlay-gradient":""},"mobile":{"background-color":"var(--ast-global-color-5)","background-image":"","background-repeat":"repeat","background-position":"center center","background-size":"auto","background-attachment":"scroll","background-type":"","background-media":"","overlay-type":"","overlay-color":"","overlay-opacity":"","overlay-gradient":""}},"footnotes":""},"categories":[65,29],"tags":[],"class_list":["post-7958","post","type-post","status-publish","format-standard","has-post-thumbnail","hentry","category-crp","category-portada"],"post_mailing_queue_ids":[],"_links":{"self":[{"href":"https:\/\/serveiseducatius.xtec.cat\/baixebre\/wp-json\/wp\/v2\/posts\/7958","targetHints":{"allow":["GET"]}}],"collection":[{"href":"https:\/\/serveiseducatius.xtec.cat\/baixebre\/wp-json\/wp\/v2\/posts"}],"about":[{"href":"https:\/\/serveiseducatius.xtec.cat\/baixebre\/wp-json\/wp\/v2\/types\/post"}],"author":[{"embeddable":true,"href":"https:\/\/serveiseducatius.xtec.cat\/baixebre\/wp-json\/wp\/v2\/users\/4"}],"replies":[{"embeddable":true,"href":"https:\/\/serveiseducatius.xtec.cat\/baixebre\/wp-json\/wp\/v2\/comments?post=7958"}],"version-history":[{"count":1,"href":"https:\/\/serveiseducatius.xtec.cat\/baixebre\/wp-json\/wp\/v2\/posts\/7958\/revisions"}],"predecessor-version":[{"id":7960,"href":"https:\/\/serveiseducatius.xtec.cat\/baixebre\/wp-json\/wp\/v2\/posts\/7958\/revisions\/7960"}],"wp:featuredmedia":[{"embeddable":true,"href":"https:\/\/serveiseducatius.xtec.cat\/baixebre\/wp-json\/wp\/v2\/media\/7959"}],"wp:attachment":[{"href":"https:\/\/serveiseducatius.xtec.cat\/baixebre\/wp-json\/wp\/v2\/media?parent=7958"}],"wp:term":[{"taxonomy":"category","embeddable":true,"href":"https:\/\/serveiseducatius.xtec.cat\/baixebre\/wp-json\/wp\/v2\/categories?post=7958"},{"taxonomy":"post_tag","embeddable":true,"href":"https:\/\/serveiseducatius.xtec.cat\/baixebre\/wp-json\/wp\/v2\/tags?post=7958"}],"curies":[{"name":"wp","href":"https:\/\/api.w.org\/{rel}","templated":true}]}}