{"id":7792,"date":"2022-03-01T11:44:31","date_gmt":"2022-03-01T10:44:31","guid":{"rendered":"https:\/\/serveiseducatius.xtec.cat\/baixebre\/?p=7792"},"modified":"2022-03-01T11:44:31","modified_gmt":"2022-03-01T10:44:31","slug":"diada-poliesportiva","status":"publish","type":"post","link":"https:\/\/serveiseducatius.xtec.cat\/baixebre\/portada\/diada-poliesportiva\/","title":{"rendered":"Diada Poliesportiva"},"content":{"rendered":"<p><a href=\"https:\/\/serveiseducatius.xtec.cat\/baixebre\/wp-content\/uploads\/usu624\/2022\/03\/DiadaEsport_BE.jpg\"><img loading=\"lazy\" decoding=\"async\" class=\"size-medium wp-image-7793 alignleft\" src=\"https:\/\/serveiseducatius.xtec.cat\/baixebre\/wp-content\/uploads\/usu624\/2022\/03\/DiadaEsport_BE-300x206.jpg\" alt=\"\" width=\"300\" height=\"206\" srcset=\"https:\/\/serveiseducatius.xtec.cat\/baixebre\/wp-content\/uploads\/usu624\/2022\/03\/DiadaEsport_BE-300x206.jpg 300w, https:\/\/serveiseducatius.xtec.cat\/baixebre\/wp-content\/uploads\/usu624\/2022\/03\/DiadaEsport_BE.jpg 401w\" sizes=\"auto, (max-width: 300px) 100vw, 300px\" \/><\/a><\/p>\n<p>La Diada escolar poliesportiva del Baix Ebre, se celebrar\u00e0 a l\u2019Estadi Municipal de Tortosa, el dia 8 d\u2019abril de 2022, en horari de 9.00 hores-13.30 i englobada dins del Dia Mundial de l\u2019Activitat F\u00edsica (DMAF).<\/p>\n<p>Aquesta iniciativa, organitzada pel Consell Esportiu del Baix Ebre, compta amb el suport i l\u2019impuls dels Serveis Territorials d\u2019Educaci\u00f3 a les Terres de l\u2019Ebre i de la Representaci\u00f3 Territorial de l\u2019Esport a les Terres de l&#8217;Ebre, i la col\u00b7laboraci\u00f3 de l\u2019Ajuntament de Tortosa, els Graus Universitaris d\u2019Educaci\u00f3 Prim\u00e0ria (menci\u00f3 d\u2019Educaci\u00f3 F\u00edsica) i CAFE EUSES del Campus Terres de l\u2019Ebre de la Universitat Rovira i Virgili, el CFGS d\u2019Ensenyament i Animaci\u00f3 Socioesportiva de l\u2019Institut de Tecnificaci\u00f3 d\u2019Amposta, Tortosa Sport i les entitats esportives participants.<\/p>\n<p>Aquesta jornada anir\u00e0 destinada a l\u2019alumnat de primer d\u2019ESO.<\/p>\n<p>El Consell Esportiu del Baix Ebre s&#8217;encarregar\u00e0 de la despesa del despla\u00e7ament en autob\u00fas dels alumnes del centres educatius de fora de Tortosa inscrits a la jornada.<\/p>\n<p>La data l\u00edmit per a enviar les inscripcions \u00e9s el\u00a0<strong>8 de mar\u00e7 de 2022, <\/strong>\u00a0al seg\u00fcent correu electr\u00f2nic: <u><a href=\"mailto:esportsterresebre.presidencia@gencat.cat\">esportsterresebre.presidencia@gencat.cat<\/a><\/u><\/p>\n<p>&nbsp;<\/p>\n","protected":false},"excerpt":{"rendered":"<p>Dia Mundial de l\u2019Activitat F\u00edsica<br \/>\nAlumnat de primer d\u2019ESO<br \/>\nInscripcions fins el 8 de mar\u00e7 de 2022<\/p>\n","protected":false},"author":4,"featured_media":7793,"comment_status":"open","ping_status":"closed","sticky":false,"template":"","format":"standard","meta":{"_bbp_topic_count":0,"_bbp_reply_count":0,"_bbp_total_topic_count":0,"_bbp_total_reply_count":0,"_bbp_voice_count":0,"_bbp_anonymous_reply_count":0,"_bbp_topic_count_hidden":0,"_bbp_reply_count_hidden":0,"_bbp_forum_subforum_count":0,"site-sidebar-layout":"default","site-content-layout":"","ast-site-content-layout":"","site-content-style":"default","site-sidebar-style":"default","ast-global-header-display":"","ast-banner-title-visibility":"","ast-main-header-display":"","ast-hfb-above-header-display":"","ast-hfb-below-header-display":"","ast-hfb-mobile-header-display":"","site-post-title":"","ast-breadcrumbs-content":"","ast-featured-img":"","footer-sml-layout":"","theme-transparent-header-meta":"","adv-header-id-meta":"","stick-header-meta":"","header-above-stick-meta":"","header-main-stick-meta":"","header-below-stick-meta":"","astra-migrate-meta-layouts":"default","ast-page-background-enabled":"default","ast-page-background-meta":{"desktop":{"background-color":"var(--ast-global-color-4)","background-image":"","background-repeat":"repeat","background-position":"center center","background-size":"auto","background-attachment":"scroll","background-type":"","background-media":"","overlay-type":"","overlay-color":"","overlay-opacity":"","overlay-gradient":""},"tablet":{"background-color":"","background-image":"","background-repeat":"repeat","background-position":"center center","background-size":"auto","background-attachment":"scroll","background-type":"","background-media":"","overlay-type":"","overlay-color":"","overlay-opacity":"","overlay-gradient":""},"mobile":{"background-color":"","background-image":"","background-repeat":"repeat","background-position":"center center","background-size":"auto","background-attachment":"scroll","background-type":"","background-media":"","overlay-type":"","overlay-color":"","overlay-opacity":"","overlay-gradient":""}},"ast-content-background-meta":{"desktop":{"background-color":"var(--ast-global-color-5)","background-image":"","background-repeat":"repeat","background-position":"center center","background-size":"auto","background-attachment":"scroll","background-type":"","background-media":"","overlay-type":"","overlay-color":"","overlay-opacity":"","overlay-gradient":""},"tablet":{"background-color":"var(--ast-global-color-5)","background-image":"","background-repeat":"repeat","background-position":"center center","background-size":"auto","background-attachment":"scroll","background-type":"","background-media":"","overlay-type":"","overlay-color":"","overlay-opacity":"","overlay-gradient":""},"mobile":{"background-color":"var(--ast-global-color-5)","background-image":"","background-repeat":"repeat","background-position":"center center","background-size":"auto","background-attachment":"scroll","background-type":"","background-media":"","overlay-type":"","overlay-color":"","overlay-opacity":"","overlay-gradient":""}},"footnotes":""},"categories":[65,29],"tags":[],"class_list":["post-7792","post","type-post","status-publish","format-standard","has-post-thumbnail","hentry","category-crp","category-portada"],"post_mailing_queue_ids":[],"_links":{"self":[{"href":"https:\/\/serveiseducatius.xtec.cat\/baixebre\/wp-json\/wp\/v2\/posts\/7792","targetHints":{"allow":["GET"]}}],"collection":[{"href":"https:\/\/serveiseducatius.xtec.cat\/baixebre\/wp-json\/wp\/v2\/posts"}],"about":[{"href":"https:\/\/serveiseducatius.xtec.cat\/baixebre\/wp-json\/wp\/v2\/types\/post"}],"author":[{"embeddable":true,"href":"https:\/\/serveiseducatius.xtec.cat\/baixebre\/wp-json\/wp\/v2\/users\/4"}],"replies":[{"embeddable":true,"href":"https:\/\/serveiseducatius.xtec.cat\/baixebre\/wp-json\/wp\/v2\/comments?post=7792"}],"version-history":[{"count":1,"href":"https:\/\/serveiseducatius.xtec.cat\/baixebre\/wp-json\/wp\/v2\/posts\/7792\/revisions"}],"predecessor-version":[{"id":7794,"href":"https:\/\/serveiseducatius.xtec.cat\/baixebre\/wp-json\/wp\/v2\/posts\/7792\/revisions\/7794"}],"wp:featuredmedia":[{"embeddable":true,"href":"https:\/\/serveiseducatius.xtec.cat\/baixebre\/wp-json\/wp\/v2\/media\/7793"}],"wp:attachment":[{"href":"https:\/\/serveiseducatius.xtec.cat\/baixebre\/wp-json\/wp\/v2\/media?parent=7792"}],"wp:term":[{"taxonomy":"category","embeddable":true,"href":"https:\/\/serveiseducatius.xtec.cat\/baixebre\/wp-json\/wp\/v2\/categories?post=7792"},{"taxonomy":"post_tag","embeddable":true,"href":"https:\/\/serveiseducatius.xtec.cat\/baixebre\/wp-json\/wp\/v2\/tags?post=7792"}],"curies":[{"name":"wp","href":"https:\/\/api.w.org\/{rel}","templated":true}]}}