{"id":7789,"date":"2022-02-25T08:12:42","date_gmt":"2022-02-25T07:12:42","guid":{"rendered":"https:\/\/serveiseducatius.xtec.cat\/baixebre\/?p=7789"},"modified":"2022-02-25T10:36:29","modified_gmt":"2022-02-25T09:36:29","slug":"higiene-de-mans-5","status":"publish","type":"post","link":"https:\/\/serveiseducatius.xtec.cat\/baixebre\/portada\/higiene-de-mans-5\/","title":{"rendered":"Higiene de mans"},"content":{"rendered":"<p><a href=\"https:\/\/serveiseducatius.xtec.cat\/baixebre\/wp-content\/uploads\/usu624\/2021\/04\/higiene_mans.png\"><img loading=\"lazy\" decoding=\"async\" class=\"size-medium wp-image-7064 alignleft\" src=\"https:\/\/serveiseducatius.xtec.cat\/baixebre\/wp-content\/uploads\/usu624\/2021\/04\/higiene_mans-300x250.png\" alt=\"\" width=\"300\" height=\"250\" srcset=\"https:\/\/serveiseducatius.xtec.cat\/baixebre\/wp-content\/uploads\/usu624\/2021\/04\/higiene_mans-300x250.png 300w, https:\/\/serveiseducatius.xtec.cat\/baixebre\/wp-content\/uploads\/usu624\/2021\/04\/higiene_mans.png 393w\" sizes=\"auto, (max-width: 300px) 100vw, 300px\" \/><\/a>El proper 5 de maig de 2022 \u00e9s el <strong>Dia mundial de la Higiene de Mans<\/strong>. L\u2019Hospital Tortosa Verge de la Cinta (HTVC) ho celebra des de 2009 amb diverses activitats dirigides a tots els professionals del centre com a estrat\u00e8gia de millora de la higiene de les mans impulsada per l\u2019OMS.<br \/>\nEn aquesta l\u00ednia estrat\u00e8gica, des de fa ja nou anys el Grup de Promoci\u00f3 Higiene de Mans HTVC ofereix a les escoles del Baix Ebre la realitzaci\u00f3 d\u2019un taller interactiu presencial i la invitaci\u00f3 en la participaci\u00f3 d&#8217;una creaci\u00f3 art\u00edstica amb el tema de la higiene de mans.<br \/>\nL\u2019activitat \u00e9s gratu\u00efta, es desenvolupa al mateix centre en una sola sessi\u00f3 d\u2019una hora de durada, s\u2019adre\u00e7a als alumnes de primer curs de Prim\u00e0ria i va a c\u00e0rrec de les infermeres i altres professionals sanitaris del Grup Promoci\u00f3 Higiene Mans HTVC, de l\u2019HCME, de l\u2019Ag\u00e8ncia de Salut P\u00fablica de Catalunya i de l\u2019Assist\u00e8ncia Prim\u00e0ria de l\u2019Institut Catal\u00e0 de la Salut a les Terres de l\u2019Ebre.<\/p>\n","protected":false},"excerpt":{"rendered":"<p>Inscripci\u00f3 als tallers<br \/>\nDia mundial de la higiene de mans<br \/>\nInscripci\u00f3 fins el 3 de mar\u00e7<\/p>\n","protected":false},"author":4,"featured_media":7064,"comment_status":"open","ping_status":"closed","sticky":false,"template":"","format":"standard","meta":{"_bbp_topic_count":0,"_bbp_reply_count":0,"_bbp_total_topic_count":0,"_bbp_total_reply_count":0,"_bbp_voice_count":0,"_bbp_anonymous_reply_count":0,"_bbp_topic_count_hidden":0,"_bbp_reply_count_hidden":0,"_bbp_forum_subforum_count":0,"site-sidebar-layout":"default","site-content-layout":"","ast-site-content-layout":"","site-content-style":"default","site-sidebar-style":"default","ast-global-header-display":"","ast-banner-title-visibility":"","ast-main-header-display":"","ast-hfb-above-header-display":"","ast-hfb-below-header-display":"","ast-hfb-mobile-header-display":"","site-post-title":"","ast-breadcrumbs-content":"","ast-featured-img":"","footer-sml-layout":"","theme-transparent-header-meta":"","adv-header-id-meta":"","stick-header-meta":"","header-above-stick-meta":"","header-main-stick-meta":"","header-below-stick-meta":"","astra-migrate-meta-layouts":"default","ast-page-background-enabled":"default","ast-page-background-meta":{"desktop":{"background-color":"var(--ast-global-color-4)","background-image":"","background-repeat":"repeat","background-position":"center center","background-size":"auto","background-attachment":"scroll","background-type":"","background-media":"","overlay-type":"","overlay-color":"","overlay-opacity":"","overlay-gradient":""},"tablet":{"background-color":"","background-image":"","background-repeat":"repeat","background-position":"center center","background-size":"auto","background-attachment":"scroll","background-type":"","background-media":"","overlay-type":"","overlay-color":"","overlay-opacity":"","overlay-gradient":""},"mobile":{"background-color":"","background-image":"","background-repeat":"repeat","background-position":"center center","background-size":"auto","background-attachment":"scroll","background-type":"","background-media":"","overlay-type":"","overlay-color":"","overlay-opacity":"","overlay-gradient":""}},"ast-content-background-meta":{"desktop":{"background-color":"var(--ast-global-color-5)","background-image":"","background-repeat":"repeat","background-position":"center center","background-size":"auto","background-attachment":"scroll","background-type":"","background-media":"","overlay-type":"","overlay-color":"","overlay-opacity":"","overlay-gradient":""},"tablet":{"background-color":"var(--ast-global-color-5)","background-image":"","background-repeat":"repeat","background-position":"center center","background-size":"auto","background-attachment":"scroll","background-type":"","background-media":"","overlay-type":"","overlay-color":"","overlay-opacity":"","overlay-gradient":""},"mobile":{"background-color":"var(--ast-global-color-5)","background-image":"","background-repeat":"repeat","background-position":"center center","background-size":"auto","background-attachment":"scroll","background-type":"","background-media":"","overlay-type":"","overlay-color":"","overlay-opacity":"","overlay-gradient":""}},"footnotes":""},"categories":[65,29],"tags":[],"class_list":["post-7789","post","type-post","status-publish","format-standard","has-post-thumbnail","hentry","category-crp","category-portada"],"post_mailing_queue_ids":[],"_links":{"self":[{"href":"https:\/\/serveiseducatius.xtec.cat\/baixebre\/wp-json\/wp\/v2\/posts\/7789","targetHints":{"allow":["GET"]}}],"collection":[{"href":"https:\/\/serveiseducatius.xtec.cat\/baixebre\/wp-json\/wp\/v2\/posts"}],"about":[{"href":"https:\/\/serveiseducatius.xtec.cat\/baixebre\/wp-json\/wp\/v2\/types\/post"}],"author":[{"embeddable":true,"href":"https:\/\/serveiseducatius.xtec.cat\/baixebre\/wp-json\/wp\/v2\/users\/4"}],"replies":[{"embeddable":true,"href":"https:\/\/serveiseducatius.xtec.cat\/baixebre\/wp-json\/wp\/v2\/comments?post=7789"}],"version-history":[{"count":2,"href":"https:\/\/serveiseducatius.xtec.cat\/baixebre\/wp-json\/wp\/v2\/posts\/7789\/revisions"}],"predecessor-version":[{"id":7791,"href":"https:\/\/serveiseducatius.xtec.cat\/baixebre\/wp-json\/wp\/v2\/posts\/7789\/revisions\/7791"}],"wp:featuredmedia":[{"embeddable":true,"href":"https:\/\/serveiseducatius.xtec.cat\/baixebre\/wp-json\/wp\/v2\/media\/7064"}],"wp:attachment":[{"href":"https:\/\/serveiseducatius.xtec.cat\/baixebre\/wp-json\/wp\/v2\/media?parent=7789"}],"wp:term":[{"taxonomy":"category","embeddable":true,"href":"https:\/\/serveiseducatius.xtec.cat\/baixebre\/wp-json\/wp\/v2\/categories?post=7789"},{"taxonomy":"post_tag","embeddable":true,"href":"https:\/\/serveiseducatius.xtec.cat\/baixebre\/wp-json\/wp\/v2\/tags?post=7789"}],"curies":[{"name":"wp","href":"https:\/\/api.w.org\/{rel}","templated":true}]}}