{"id":7771,"date":"2022-02-17T12:02:52","date_gmt":"2022-02-17T11:02:52","guid":{"rendered":"https:\/\/serveiseducatius.xtec.cat\/baixebre\/?p=7771"},"modified":"2022-02-17T12:02:52","modified_gmt":"2022-02-17T11:02:52","slug":"llengua-materna","status":"publish","type":"post","link":"https:\/\/serveiseducatius.xtec.cat\/baixebre\/portada\/llengua-materna\/","title":{"rendered":"Llengua materna"},"content":{"rendered":"<p><a href=\"https:\/\/serveiseducatius.xtec.cat\/baixebre\/wp-content\/uploads\/usu624\/2022\/02\/Llengua_Materna.jpg\"><img loading=\"lazy\" decoding=\"async\" class=\"size-medium wp-image-7772 alignleft\" src=\"https:\/\/serveiseducatius.xtec.cat\/baixebre\/wp-content\/uploads\/usu624\/2022\/02\/Llengua_Materna-300x206.jpg\" alt=\"\" width=\"300\" height=\"206\" srcset=\"https:\/\/serveiseducatius.xtec.cat\/baixebre\/wp-content\/uploads\/usu624\/2022\/02\/Llengua_Materna-300x206.jpg 300w, https:\/\/serveiseducatius.xtec.cat\/baixebre\/wp-content\/uploads\/usu624\/2022\/02\/Llengua_Materna.jpg 401w\" sizes=\"auto, (max-width: 300px) 100vw, 300px\" \/><\/a><\/p>\n<p>El Dia Internacional de la Llengua Materna va ser proclamat per la UNESCO el novembre del 1999 en reconeixement de tres joves estudiants de Bangla Desh que van morir el 21 de febrer de 1952 en defensa de la seva llengua, el bangla, per tal que fos reconeguda com una de les dues lleng\u00fces pr\u00f2pies del que aleshores era Pakistan.<\/p>\n<p>La llengua \u00e9s l\u2019instrument m\u00e9s poder\u00f3s per a la preservaci\u00f3 i el desenvolupament del patrimoni cultural, tangible i intangible, que tenim. Per aquest motiu \u00e9s tan important\u00a0recon\u00e8ixer el valor de la\u00a0<strong>diversitat ling\u00fc\u00edstica i cultural<\/strong>\u00a0i la promoci\u00f3 del\u00a0<strong>pluriling\u00fcisme<\/strong>\u00a0a les aules.<\/p>\n<p>El tema del Dia Internacional de la Llengua Materna 2022, &#8220;L\u2019\u00fas de la tecnologia per a l\u2019aprenenetatge multiling\u00fce: desafiaments i oportunitats&#8221;, debatr\u00e0 el paper potencial de la tecnologia per a avan\u00e7ar en l\u2019educaci\u00f3 multiling\u00fce i recolzar el desenvolupament d\u2019un ensenyament i un aprenentatge de qualitat per a tots.<\/p>\n<p>&nbsp;<\/p>\n<p>Per tal de commemorar aquesta diada a l\u2019aula, el Departament d\u2019Educaci\u00f3 oferix algunes propostes d\u2019activitats,\u00a0que podeu adaptar i dur a terme en el vostre grup,\u00a0centrades, sobretot, en la dimensi\u00f3 de la comunicaci\u00f3 oral i en la pluriling\u00fce i intercultural.<\/p>\n<p><a href=\"https:\/\/projectes.xtec.cat\/acollidasuport\/portada\/21-febrer-dia-internacional-llengua-materna\/\" target=\"_blank\" rel=\"noopener\">+[info]<\/a><\/p>\n","protected":false},"excerpt":{"rendered":"<p>Dia Internacional<br \/>\nde la Llengua Materna<br \/>\n21 de febrer de 2022<\/p>\n","protected":false},"author":4,"featured_media":7772,"comment_status":"open","ping_status":"closed","sticky":false,"template":"","format":"standard","meta":{"_bbp_topic_count":0,"_bbp_reply_count":0,"_bbp_total_topic_count":0,"_bbp_total_reply_count":0,"_bbp_voice_count":0,"_bbp_anonymous_reply_count":0,"_bbp_topic_count_hidden":0,"_bbp_reply_count_hidden":0,"_bbp_forum_subforum_count":0,"site-sidebar-layout":"default","site-content-layout":"","ast-site-content-layout":"","site-content-style":"default","site-sidebar-style":"default","ast-global-header-display":"","ast-banner-title-visibility":"","ast-main-header-display":"","ast-hfb-above-header-display":"","ast-hfb-below-header-display":"","ast-hfb-mobile-header-display":"","site-post-title":"","ast-breadcrumbs-content":"","ast-featured-img":"","footer-sml-layout":"","theme-transparent-header-meta":"","adv-header-id-meta":"","stick-header-meta":"","header-above-stick-meta":"","header-main-stick-meta":"","header-below-stick-meta":"","astra-migrate-meta-layouts":"default","ast-page-background-enabled":"default","ast-page-background-meta":{"desktop":{"background-color":"var(--ast-global-color-4)","background-image":"","background-repeat":"repeat","background-position":"center center","background-size":"auto","background-attachment":"scroll","background-type":"","background-media":"","overlay-type":"","overlay-color":"","overlay-opacity":"","overlay-gradient":""},"tablet":{"background-color":"","background-image":"","background-repeat":"repeat","background-position":"center center","background-size":"auto","background-attachment":"scroll","background-type":"","background-media":"","overlay-type":"","overlay-color":"","overlay-opacity":"","overlay-gradient":""},"mobile":{"background-color":"","background-image":"","background-repeat":"repeat","background-position":"center center","background-size":"auto","background-attachment":"scroll","background-type":"","background-media":"","overlay-type":"","overlay-color":"","overlay-opacity":"","overlay-gradient":""}},"ast-content-background-meta":{"desktop":{"background-color":"var(--ast-global-color-5)","background-image":"","background-repeat":"repeat","background-position":"center center","background-size":"auto","background-attachment":"scroll","background-type":"","background-media":"","overlay-type":"","overlay-color":"","overlay-opacity":"","overlay-gradient":""},"tablet":{"background-color":"var(--ast-global-color-5)","background-image":"","background-repeat":"repeat","background-position":"center center","background-size":"auto","background-attachment":"scroll","background-type":"","background-media":"","overlay-type":"","overlay-color":"","overlay-opacity":"","overlay-gradient":""},"mobile":{"background-color":"var(--ast-global-color-5)","background-image":"","background-repeat":"repeat","background-position":"center center","background-size":"auto","background-attachment":"scroll","background-type":"","background-media":"","overlay-type":"","overlay-color":"","overlay-opacity":"","overlay-gradient":""}},"footnotes":""},"categories":[65,29],"tags":[],"class_list":["post-7771","post","type-post","status-publish","format-standard","has-post-thumbnail","hentry","category-crp","category-portada"],"post_mailing_queue_ids":[],"_links":{"self":[{"href":"https:\/\/serveiseducatius.xtec.cat\/baixebre\/wp-json\/wp\/v2\/posts\/7771","targetHints":{"allow":["GET"]}}],"collection":[{"href":"https:\/\/serveiseducatius.xtec.cat\/baixebre\/wp-json\/wp\/v2\/posts"}],"about":[{"href":"https:\/\/serveiseducatius.xtec.cat\/baixebre\/wp-json\/wp\/v2\/types\/post"}],"author":[{"embeddable":true,"href":"https:\/\/serveiseducatius.xtec.cat\/baixebre\/wp-json\/wp\/v2\/users\/4"}],"replies":[{"embeddable":true,"href":"https:\/\/serveiseducatius.xtec.cat\/baixebre\/wp-json\/wp\/v2\/comments?post=7771"}],"version-history":[{"count":1,"href":"https:\/\/serveiseducatius.xtec.cat\/baixebre\/wp-json\/wp\/v2\/posts\/7771\/revisions"}],"predecessor-version":[{"id":7773,"href":"https:\/\/serveiseducatius.xtec.cat\/baixebre\/wp-json\/wp\/v2\/posts\/7771\/revisions\/7773"}],"wp:featuredmedia":[{"embeddable":true,"href":"https:\/\/serveiseducatius.xtec.cat\/baixebre\/wp-json\/wp\/v2\/media\/7772"}],"wp:attachment":[{"href":"https:\/\/serveiseducatius.xtec.cat\/baixebre\/wp-json\/wp\/v2\/media?parent=7771"}],"wp:term":[{"taxonomy":"category","embeddable":true,"href":"https:\/\/serveiseducatius.xtec.cat\/baixebre\/wp-json\/wp\/v2\/categories?post=7771"},{"taxonomy":"post_tag","embeddable":true,"href":"https:\/\/serveiseducatius.xtec.cat\/baixebre\/wp-json\/wp\/v2\/tags?post=7771"}],"curies":[{"name":"wp","href":"https:\/\/api.w.org\/{rel}","templated":true}]}}