{"id":6722,"date":"2021-02-18T12:44:55","date_gmt":"2021-02-18T11:44:55","guid":{"rendered":"http:\/\/serveiseducatius.xtec.cat\/baixebre\/?p=6722"},"modified":"2021-02-18T12:44:55","modified_gmt":"2021-02-18T11:44:55","slug":"proposta-pedagogica","status":"publish","type":"post","link":"https:\/\/serveiseducatius.xtec.cat\/baixebre\/portada\/proposta-pedagogica\/","title":{"rendered":"Proposta pedag\u00f2gica"},"content":{"rendered":"<p><a href=\"https:\/\/serveiseducatius.xtec.cat\/baixebre\/wp-content\/uploads\/usu624\/2021\/02\/Delta.jpg\"><img loading=\"lazy\" decoding=\"async\" class=\"size-medium wp-image-6723 alignleft\" src=\"https:\/\/serveiseducatius.xtec.cat\/baixebre\/wp-content\/uploads\/usu624\/2021\/02\/Delta-300x206.jpg\" alt=\"\" width=\"300\" height=\"206\" srcset=\"https:\/\/serveiseducatius.xtec.cat\/baixebre\/wp-content\/uploads\/usu624\/2021\/02\/Delta-300x206.jpg 300w, https:\/\/serveiseducatius.xtec.cat\/baixebre\/wp-content\/uploads\/usu624\/2021\/02\/Delta.jpg 401w\" sizes=\"auto, (max-width: 300px) 100vw, 300px\" \/><\/a><\/p>\n<p>Amb motiu de la celebraci\u00f3 el 26 de mar\u00e7 del dia internacional del Canvi Clim\u00e0tic la Plataforma en Defensa de l\u2019Ebre proposa la realitzaci\u00f3 d&#8217;una activitat lliure per prendre consci\u00e8ncia dels problemes que t\u00e9 el canvi clim\u00e0tic al Delta de l&#8217;Ebre.<\/p>\n<p>Es pot fer una treball divulgatiu de coneixement del Delta de l\u2019Ebre i de la situaci\u00f3 en qu\u00e8 es troba a partir de fer una visi\u00f3 de l&#8217;exposici\u00f3 virtual \u201c<a href=\"https:\/\/climadeltaebre.cat\/\" target=\"_blank\" rel=\"noopener noreferrer\">El delta de l\u2019Ebre i el canvi clim\u00e0tic<\/a>\u201d, realitzada pel Departament de Territori i Sostenibilitat de la Generalitat de Catalunya amb la col\u00b7laboraci\u00f3 de l\u2019Institut Cartogr\u00e0fic i Geol\u00f2gic, Bombers i Agents Rurals i que Explica l\u2019evoluci\u00f3 hist\u00f2rica del delta, l\u2019actualitat, la repercussi\u00f3<br \/>\nque tindr\u00e0 el canvi clim\u00e0tic en aquesta zona humida tan important de la Mediterr\u00e0nia.<\/p>\n<p>A posteriori els alumnes podrien fer una activitat m\u00e9s interactiva i participativa.<\/p>\n","protected":false},"excerpt":{"rendered":"<p>Sensibilitzaci\u00f3 ambiental<br \/>\n&#8220;El Delta de l\u2019Ebre i<br \/>\nels efectes del canvi clim\u00e0tic.&#8221;<\/p>\n","protected":false},"author":4,"featured_media":6723,"comment_status":"open","ping_status":"closed","sticky":false,"template":"","format":"standard","meta":{"_bbp_topic_count":0,"_bbp_reply_count":0,"_bbp_total_topic_count":0,"_bbp_total_reply_count":0,"_bbp_voice_count":0,"_bbp_anonymous_reply_count":0,"_bbp_topic_count_hidden":0,"_bbp_reply_count_hidden":0,"_bbp_forum_subforum_count":0,"site-sidebar-layout":"default","site-content-layout":"","ast-site-content-layout":"","site-content-style":"default","site-sidebar-style":"default","ast-global-header-display":"","ast-banner-title-visibility":"","ast-main-header-display":"","ast-hfb-above-header-display":"","ast-hfb-below-header-display":"","ast-hfb-mobile-header-display":"","site-post-title":"","ast-breadcrumbs-content":"","ast-featured-img":"","footer-sml-layout":"","theme-transparent-header-meta":"","adv-header-id-meta":"","stick-header-meta":"","header-above-stick-meta":"","header-main-stick-meta":"","header-below-stick-meta":"","astra-migrate-meta-layouts":"default","ast-page-background-enabled":"default","ast-page-background-meta":{"desktop":{"background-color":"var(--ast-global-color-4)","background-image":"","background-repeat":"repeat","background-position":"center center","background-size":"auto","background-attachment":"scroll","background-type":"","background-media":"","overlay-type":"","overlay-color":"","overlay-opacity":"","overlay-gradient":""},"tablet":{"background-color":"","background-image":"","background-repeat":"repeat","background-position":"center center","background-size":"auto","background-attachment":"scroll","background-type":"","background-media":"","overlay-type":"","overlay-color":"","overlay-opacity":"","overlay-gradient":""},"mobile":{"background-color":"","background-image":"","background-repeat":"repeat","background-position":"center center","background-size":"auto","background-attachment":"scroll","background-type":"","background-media":"","overlay-type":"","overlay-color":"","overlay-opacity":"","overlay-gradient":""}},"ast-content-background-meta":{"desktop":{"background-color":"var(--ast-global-color-5)","background-image":"","background-repeat":"repeat","background-position":"center center","background-size":"auto","background-attachment":"scroll","background-type":"","background-media":"","overlay-type":"","overlay-color":"","overlay-opacity":"","overlay-gradient":""},"tablet":{"background-color":"var(--ast-global-color-5)","background-image":"","background-repeat":"repeat","background-position":"center center","background-size":"auto","background-attachment":"scroll","background-type":"","background-media":"","overlay-type":"","overlay-color":"","overlay-opacity":"","overlay-gradient":""},"mobile":{"background-color":"var(--ast-global-color-5)","background-image":"","background-repeat":"repeat","background-position":"center center","background-size":"auto","background-attachment":"scroll","background-type":"","background-media":"","overlay-type":"","overlay-color":"","overlay-opacity":"","overlay-gradient":""}},"footnotes":""},"categories":[65,29,163],"tags":[],"class_list":["post-6722","post","type-post","status-publish","format-standard","has-post-thumbnail","hentry","category-crp","category-portada","category-xarxa-descoles-per-la-sostenibilitat"],"post_mailing_queue_ids":[],"_links":{"self":[{"href":"https:\/\/serveiseducatius.xtec.cat\/baixebre\/wp-json\/wp\/v2\/posts\/6722","targetHints":{"allow":["GET"]}}],"collection":[{"href":"https:\/\/serveiseducatius.xtec.cat\/baixebre\/wp-json\/wp\/v2\/posts"}],"about":[{"href":"https:\/\/serveiseducatius.xtec.cat\/baixebre\/wp-json\/wp\/v2\/types\/post"}],"author":[{"embeddable":true,"href":"https:\/\/serveiseducatius.xtec.cat\/baixebre\/wp-json\/wp\/v2\/users\/4"}],"replies":[{"embeddable":true,"href":"https:\/\/serveiseducatius.xtec.cat\/baixebre\/wp-json\/wp\/v2\/comments?post=6722"}],"version-history":[{"count":1,"href":"https:\/\/serveiseducatius.xtec.cat\/baixebre\/wp-json\/wp\/v2\/posts\/6722\/revisions"}],"predecessor-version":[{"id":6724,"href":"https:\/\/serveiseducatius.xtec.cat\/baixebre\/wp-json\/wp\/v2\/posts\/6722\/revisions\/6724"}],"wp:featuredmedia":[{"embeddable":true,"href":"https:\/\/serveiseducatius.xtec.cat\/baixebre\/wp-json\/wp\/v2\/media\/6723"}],"wp:attachment":[{"href":"https:\/\/serveiseducatius.xtec.cat\/baixebre\/wp-json\/wp\/v2\/media?parent=6722"}],"wp:term":[{"taxonomy":"category","embeddable":true,"href":"https:\/\/serveiseducatius.xtec.cat\/baixebre\/wp-json\/wp\/v2\/categories?post=6722"},{"taxonomy":"post_tag","embeddable":true,"href":"https:\/\/serveiseducatius.xtec.cat\/baixebre\/wp-json\/wp\/v2\/tags?post=6722"}],"curies":[{"name":"wp","href":"https:\/\/api.w.org\/{rel}","templated":true}]}}