{"id":5634,"date":"2020-04-16T18:20:15","date_gmt":"2020-04-16T16:20:15","guid":{"rendered":"http:\/\/serveiseducatius.xtec.cat\/baixebre\/?p=5634"},"modified":"2020-04-22T16:55:21","modified_gmt":"2020-04-22T14:55:21","slug":"alumnat-amb-trastorn-de-lespectre-autista-tea-o-dificultats-per-a-la-regulacio-de-la-conducta","status":"publish","type":"post","link":"https:\/\/serveiseducatius.xtec.cat\/baixebre\/portada\/alumnat-amb-trastorn-de-lespectre-autista-tea-o-dificultats-per-a-la-regulacio-de-la-conducta\/","title":{"rendered":"Alumnat amb trastorn de l\u2019espectre autista (TEA) o dificultats per a la regulaci\u00f3 de la conducta"},"content":{"rendered":"<p>La instrucci\u00f3 publicada al Butllet\u00ed Oficial de l\u2019Estat (BOE) n\u00famero 76, de 20 de mar\u00e7 de 2020, habilita expl\u00edcitament les persones amb trastorn de l\u2019espectre autista (TEA) que ho necessiten per sortir al carrer acompanyades d\u2019un familiar, respectant les mesures establertes a fi d\u2019evitar contagiar-se de coronavirus.<\/p>\n<p>Aquelles fam\u00edlies que tingueu un fill o filla amb diagn\u00f2stic del trastorn de l&#8217;espectre autista o de dificultats per a la regulaci\u00f3 de la conducta i que disposi de l\u2019informe de l\u2019EAP de reconeixement de l\u2019alumnat amb necessitats espec\u00edfiques de suport educatiu (NESE), podeu sol\u00b7licitar un document acreditatiu complementari per poder sortir de casa acompanyat d&#8217;un familiar seguint les normatives establertes.<\/p>\n<p>Ens heu d&#8217;enviar un correu a\u00a0 \u00a0<a href=\"e3907120@xtec.cat\">e3907120@xtec.cat<\/a> \u00a0indicant el nom i cognoms del vostre fill o filla, el centre educatiu i el curs.<\/p>\n<p>La directora de l&#8217;EAP contactar\u00e0 amb vosaltres per facilitar-vos l&#8217;annex 1 (Document complementari al Certificat autoresponsable de despla\u00e7ament en el marc de l\u2019estat d\u2019alarma per la COVID-19).<\/p>\n<p>&nbsp;<\/p>\n<p>&nbsp;<\/p>\n<p>&nbsp;<\/p>\n","protected":false},"excerpt":{"rendered":"<p>La instrucci\u00f3 publicada al Butllet\u00ed Oficial de l\u2019Estat (BOE) n\u00famero 76, de 20 de mar\u00e7 de 2020, habilita expl\u00edcitament les persones amb trastorn de l\u2019espectre autista (TEA) que ho necessiten per sortir al carrer acompanyades d\u2019un familiar, respectant les mesures establertes a fi d\u2019evitar contagiar-se de coronavirus.<\/p>\n","protected":false},"author":89,"featured_media":0,"comment_status":"open","ping_status":"closed","sticky":false,"template":"","format":"standard","meta":{"_bbp_topic_count":0,"_bbp_reply_count":0,"_bbp_total_topic_count":0,"_bbp_total_reply_count":0,"_bbp_voice_count":0,"_bbp_anonymous_reply_count":0,"_bbp_topic_count_hidden":0,"_bbp_reply_count_hidden":0,"_bbp_forum_subforum_count":0,"site-sidebar-layout":"default","site-content-layout":"","ast-site-content-layout":"","site-content-style":"default","site-sidebar-style":"default","ast-global-header-display":"","ast-banner-title-visibility":"","ast-main-header-display":"","ast-hfb-above-header-display":"","ast-hfb-below-header-display":"","ast-hfb-mobile-header-display":"","site-post-title":"","ast-breadcrumbs-content":"","ast-featured-img":"","footer-sml-layout":"","theme-transparent-header-meta":"","adv-header-id-meta":"","stick-header-meta":"","header-above-stick-meta":"","header-main-stick-meta":"","header-below-stick-meta":"","astra-migrate-meta-layouts":"default","ast-page-background-enabled":"default","ast-page-background-meta":{"desktop":{"background-color":"var(--ast-global-color-4)","background-image":"","background-repeat":"repeat","background-position":"center center","background-size":"auto","background-attachment":"scroll","background-type":"","background-media":"","overlay-type":"","overlay-color":"","overlay-opacity":"","overlay-gradient":""},"tablet":{"background-color":"","background-image":"","background-repeat":"repeat","background-position":"center center","background-size":"auto","background-attachment":"scroll","background-type":"","background-media":"","overlay-type":"","overlay-color":"","overlay-opacity":"","overlay-gradient":""},"mobile":{"background-color":"","background-image":"","background-repeat":"repeat","background-position":"center center","background-size":"auto","background-attachment":"scroll","background-type":"","background-media":"","overlay-type":"","overlay-color":"","overlay-opacity":"","overlay-gradient":""}},"ast-content-background-meta":{"desktop":{"background-color":"var(--ast-global-color-5)","background-image":"","background-repeat":"repeat","background-position":"center center","background-size":"auto","background-attachment":"scroll","background-type":"","background-media":"","overlay-type":"","overlay-color":"","overlay-opacity":"","overlay-gradient":""},"tablet":{"background-color":"var(--ast-global-color-5)","background-image":"","background-repeat":"repeat","background-position":"center center","background-size":"auto","background-attachment":"scroll","background-type":"","background-media":"","overlay-type":"","overlay-color":"","overlay-opacity":"","overlay-gradient":""},"mobile":{"background-color":"var(--ast-global-color-5)","background-image":"","background-repeat":"repeat","background-position":"center center","background-size":"auto","background-attachment":"scroll","background-type":"","background-media":"","overlay-type":"","overlay-color":"","overlay-opacity":"","overlay-gradient":""}},"footnotes":""},"categories":[264,67,29],"tags":[],"class_list":["post-5634","post","type-post","status-publish","format-standard","hentry","category-diversitat-i-inclusio","category-eap","category-portada"],"post_mailing_queue_ids":[],"_links":{"self":[{"href":"https:\/\/serveiseducatius.xtec.cat\/baixebre\/wp-json\/wp\/v2\/posts\/5634","targetHints":{"allow":["GET"]}}],"collection":[{"href":"https:\/\/serveiseducatius.xtec.cat\/baixebre\/wp-json\/wp\/v2\/posts"}],"about":[{"href":"https:\/\/serveiseducatius.xtec.cat\/baixebre\/wp-json\/wp\/v2\/types\/post"}],"author":[{"embeddable":true,"href":"https:\/\/serveiseducatius.xtec.cat\/baixebre\/wp-json\/wp\/v2\/users\/89"}],"replies":[{"embeddable":true,"href":"https:\/\/serveiseducatius.xtec.cat\/baixebre\/wp-json\/wp\/v2\/comments?post=5634"}],"version-history":[{"count":4,"href":"https:\/\/serveiseducatius.xtec.cat\/baixebre\/wp-json\/wp\/v2\/posts\/5634\/revisions"}],"predecessor-version":[{"id":5645,"href":"https:\/\/serveiseducatius.xtec.cat\/baixebre\/wp-json\/wp\/v2\/posts\/5634\/revisions\/5645"}],"wp:attachment":[{"href":"https:\/\/serveiseducatius.xtec.cat\/baixebre\/wp-json\/wp\/v2\/media?parent=5634"}],"wp:term":[{"taxonomy":"category","embeddable":true,"href":"https:\/\/serveiseducatius.xtec.cat\/baixebre\/wp-json\/wp\/v2\/categories?post=5634"},{"taxonomy":"post_tag","embeddable":true,"href":"https:\/\/serveiseducatius.xtec.cat\/baixebre\/wp-json\/wp\/v2\/tags?post=5634"}],"curies":[{"name":"wp","href":"https:\/\/api.w.org\/{rel}","templated":true}]}}