{"id":5027,"date":"2019-10-07T17:23:10","date_gmt":"2019-10-07T15:23:10","guid":{"rendered":"http:\/\/serveiseducatius.xtec.cat\/baixebre\/?p=5027"},"modified":"2019-10-07T17:25:41","modified_gmt":"2019-10-07T15:25:41","slug":"presentacio-del-projecte","status":"publish","type":"post","link":"https:\/\/serveiseducatius.xtec.cat\/baixebre\/portada\/presentacio-del-projecte\/","title":{"rendered":"Presentaci\u00f3 del projecte"},"content":{"rendered":"<p>Aquest projecte \u00e9s fruit del conveni entre el Departament d\u2019Educaci\u00f3 i la Universitat Aut\u00f2noma de Barcelona (UAB),amb la col\u00b7laboraci\u00f3 de \u201cla Caixa\u201d. El seu objectiu \u00e9s promoure un canvi metodol\u00f2gic a les aules que faci m\u00e9s atractives les ci\u00e8ncies als alumnes i els proporcioni els coneixements cient\u00edfics per poder actuar com a ciutadans cr\u00edtics i capa\u00e7os de valorar el coneixement cientificotecnol\u00f2gic i prendre decisions argumentades.<br \/>\nEl projecte t\u00e9 un enfocament competencial de l\u2019ensenyament de les ci\u00e8ncies en el marc del desplegament de les compet\u00e8ncies b\u00e0siques de l\u2019\u00e0mbit cientificotecnol\u00f2gic, que integra la Biologia, la Geologia, la F\u00edsica i la Qu\u00edmica amb connexions amb altres mat\u00e8ries de l\u2019\u00e0mbit STEM.<\/p>\n<p>Durant la jornada:<br \/>\n\u2022 Es presentaran breument les caracter\u00edstiques del projecte, basat en la recerca en did\u00e0ctica de les ci\u00e8ncies.<br \/>\n\u2022 Es mostraran els continguts de la nova versi\u00f3 web del projecte.<br \/>\n\u2022 El professorat que ha implementat el projecte compartir\u00e0 la seva experi\u00e8ncia.<br \/>\n\u2022 S\u2019oferiran dues franges hor\u00e0ries de tallers en qu\u00e8 es mostrar\u00e0 com s\u2019aborden a l\u2019aula alguns dels grans models cient\u00edfics del projecte.<\/p>\n<p><strong>PROGRAMA<\/strong><\/p>\n<p>9.00 &#8211; 9.30 h <strong>Acreditaci\u00f3<\/strong><\/p>\n<p>9.30 &#8211; 10.45 h Sala \u00c0gora <strong>Benvinguda i introducci\u00f3<\/strong> al projecte, a c\u00e0rrec de representants del Departament d\u2019Educaci\u00f3, el Departament de Did\u00e0ctica de les Ci\u00e8ncies de la Universitat Aut\u00f2noma de Barcelona i de \u201cla Caixa\u201d.<\/p>\n<p><strong>Fonaments del projecte i presentaci\u00f3 del web<\/strong>, a c\u00e0rrec de Merc\u00e8 Izquierdo i Joan Aliberas de l\u2019equip de coordinaci\u00f3 del projecte.<br \/>\nQu\u00e8 implica el projecte per a la din\u00e0mica d\u2019un centre? Quines s\u00f3n les perspectives del projecte?, a c\u00e0rrec de Gemma Garc\u00eda, de l\u2019Escola Sadako de Barcelona, i de Conxita Calvo, de l\u2019Institut Puig i Cadafalch de Matar\u00f3.<\/p>\n<p>10.45 &#8211; 11.15 h <strong>Pausa-caf\u00e8<\/strong><\/p>\n<p>11.15 &#8211; 12.30 h \/ 12.30 &#8211; 13.45 h Sales Alfa, Beta, Gamma, Curie i Tau<br \/>\n<strong>Realitzaci\u00f3 de dos tallers<\/strong>, un en cada franja hor\u00e0ria. (Els tallers s\u2019assignaran d\u2019acord amb l\u2019ordre de prefer\u00e8ncia que h\u00e0giu indicat en el formulari d\u2019inscripci\u00f3.)<\/p>\n<p><strong>1 Quines meravelles, quins secrets s\u2019amaguen en un raig de llum?<\/strong><br \/>\nComen\u00e7ant per la innocent acci\u00f3 de mirar penetrarem en l\u2019estudi de la llum intentant comprendre la seva naturalesa per explorar les seves possibilitats, el que en podem fer, el que ens pot fer, el que ens pot dir, el que ens ensenya.<\/p>\n<p><strong>2 Com sabem que la Terra es mou i aix\u00ed governa el ritme de la vida?<\/strong><br \/>\nMolts alumnes creuen que les estacions s\u00f3n degudes al canvi en la dist\u00e0ncia Terra-Sol i que el Sol surt per l\u2019est i es pon per l\u2019oest. Veurem com ajudar-los a posar en crisi aquestes idees i ajudar-los a construir amb ells un model m\u00e9s compatible amb la ci\u00e8ncia.<\/p>\n<p><strong>3 Els canvis i les propietats de la mat\u00e8ria.<\/strong><br \/>\nCom interpretar-los a trav\u00e9s de la seva estructura interna? Com imaginem la mat\u00e8ria per dins? Quins fen\u00f2mens ens permet explicar? Quins experiments podem realitzar? Fins a quin punt el llenguatge qu\u00edmic ens ajuda a pensar sobre fets, sobre el que passa al m\u00f3n, i no nom\u00e9s en el que diu un paper? Ajudar a iniciar-se en el m\u00f3n de la qu\u00edmica, una tasca apassionant.<\/p>\n<p><strong>4 La vida, un canvi constant, delicat i dif\u00edcil de percebre.<\/strong><br \/>\nEn aquests moments que topem amb els l\u00edmits dels equilibris del planeta i de la vida, \u00e9s important comprendre b\u00e9 com funciona la vida, per no posar-la m\u00e9s en perill. Hem d\u2019aconseguir que els alumnes actuals, ciutadans d\u2019avui i de dem\u00e0, puguin pensar-hi amb prou rigor i sense enganyar-se.<\/p>\n<p><strong>5 Ni la for\u00e7a es porta posada ni l\u2019energia \u00e9s cap objecte!<\/strong><br \/>\nSi un objecte no rep for\u00e7a s\u2019atura? Se li ha d\u2019aplicar una for\u00e7a constant per mantenir la velocitat? Quina for\u00e7a ens empeny endavant quan el metro frena? Com podem posar en dubte aquestes i moltes altres idees t\u00edpiques dels adolescents i anar-les conduint cap a idees cient\u00edficament m\u00e9s acceptables?<\/p>\n<p><a href=\"https:\/\/aplicacions.gestioeducativa.gencat.cat\/pls\/soloas\/pk_for_mod_ins.p_for_pre_cons_activitats?p_any=2019-2020&amp;p_codi=9005190532\" target=\"_blank\" rel=\"noopener noreferrer\">INSCRIPCI\u00d3 JORNADA<\/a><\/p>\n<p><a href=\"https:\/\/docs.google.com\/forms\/d\/e\/1FAIpQLSeDRRM3otu1kSdykPr7pGtFwgSOrYrOMh-hTNH4vyPE35WGXw\/viewform?vc=0&amp;c=0&amp;w=1.\" target=\"_blank\" rel=\"noopener noreferrer\">INSCRIPCI\u00d3 TALLERS<\/a><\/p>\n","protected":false},"excerpt":{"rendered":"<p>Compet\u00e8ncies de pensament cient\u00edfic a l\u2019ESO. Ci\u00e8ncies 12-15<br \/>\nCosmoCaixa. 19 d\u2019octubre<\/p>\n","protected":false},"author":4,"featured_media":5028,"comment_status":"open","ping_status":"closed","sticky":false,"template":"","format":"standard","meta":{"_bbp_topic_count":0,"_bbp_reply_count":0,"_bbp_total_topic_count":0,"_bbp_total_reply_count":0,"_bbp_voice_count":0,"_bbp_anonymous_reply_count":0,"_bbp_topic_count_hidden":0,"_bbp_reply_count_hidden":0,"_bbp_forum_subforum_count":0,"site-sidebar-layout":"default","site-content-layout":"","ast-site-content-layout":"","site-content-style":"default","site-sidebar-style":"default","ast-global-header-display":"","ast-banner-title-visibility":"","ast-main-header-display":"","ast-hfb-above-header-display":"","ast-hfb-below-header-display":"","ast-hfb-mobile-header-display":"","site-post-title":"","ast-breadcrumbs-content":"","ast-featured-img":"","footer-sml-layout":"","theme-transparent-header-meta":"","adv-header-id-meta":"","stick-header-meta":"","header-above-stick-meta":"","header-main-stick-meta":"","header-below-stick-meta":"","astra-migrate-meta-layouts":"default","ast-page-background-enabled":"default","ast-page-background-meta":{"desktop":{"background-color":"var(--ast-global-color-4)","background-image":"","background-repeat":"repeat","background-position":"center center","background-size":"auto","background-attachment":"scroll","background-type":"","background-media":"","overlay-type":"","overlay-color":"","overlay-opacity":"","overlay-gradient":""},"tablet":{"background-color":"","background-image":"","background-repeat":"repeat","background-position":"center center","background-size":"auto","background-attachment":"scroll","background-type":"","background-media":"","overlay-type":"","overlay-color":"","overlay-opacity":"","overlay-gradient":""},"mobile":{"background-color":"","background-image":"","background-repeat":"repeat","background-position":"center center","background-size":"auto","background-attachment":"scroll","background-type":"","background-media":"","overlay-type":"","overlay-color":"","overlay-opacity":"","overlay-gradient":""}},"ast-content-background-meta":{"desktop":{"background-color":"var(--ast-global-color-5)","background-image":"","background-repeat":"repeat","background-position":"center center","background-size":"auto","background-attachment":"scroll","background-type":"","background-media":"","overlay-type":"","overlay-color":"","overlay-opacity":"","overlay-gradient":""},"tablet":{"background-color":"var(--ast-global-color-5)","background-image":"","background-repeat":"repeat","background-position":"center center","background-size":"auto","background-attachment":"scroll","background-type":"","background-media":"","overlay-type":"","overlay-color":"","overlay-opacity":"","overlay-gradient":""},"mobile":{"background-color":"var(--ast-global-color-5)","background-image":"","background-repeat":"repeat","background-position":"center center","background-size":"auto","background-attachment":"scroll","background-type":"","background-media":"","overlay-type":"","overlay-color":"","overlay-opacity":"","overlay-gradient":""}},"footnotes":""},"categories":[65,29],"tags":[],"class_list":["post-5027","post","type-post","status-publish","format-standard","has-post-thumbnail","hentry","category-crp","category-portada"],"post_mailing_queue_ids":[],"_links":{"self":[{"href":"https:\/\/serveiseducatius.xtec.cat\/baixebre\/wp-json\/wp\/v2\/posts\/5027","targetHints":{"allow":["GET"]}}],"collection":[{"href":"https:\/\/serveiseducatius.xtec.cat\/baixebre\/wp-json\/wp\/v2\/posts"}],"about":[{"href":"https:\/\/serveiseducatius.xtec.cat\/baixebre\/wp-json\/wp\/v2\/types\/post"}],"author":[{"embeddable":true,"href":"https:\/\/serveiseducatius.xtec.cat\/baixebre\/wp-json\/wp\/v2\/users\/4"}],"replies":[{"embeddable":true,"href":"https:\/\/serveiseducatius.xtec.cat\/baixebre\/wp-json\/wp\/v2\/comments?post=5027"}],"version-history":[{"count":2,"href":"https:\/\/serveiseducatius.xtec.cat\/baixebre\/wp-json\/wp\/v2\/posts\/5027\/revisions"}],"predecessor-version":[{"id":5030,"href":"https:\/\/serveiseducatius.xtec.cat\/baixebre\/wp-json\/wp\/v2\/posts\/5027\/revisions\/5030"}],"wp:featuredmedia":[{"embeddable":true,"href":"https:\/\/serveiseducatius.xtec.cat\/baixebre\/wp-json\/wp\/v2\/media\/5028"}],"wp:attachment":[{"href":"https:\/\/serveiseducatius.xtec.cat\/baixebre\/wp-json\/wp\/v2\/media?parent=5027"}],"wp:term":[{"taxonomy":"category","embeddable":true,"href":"https:\/\/serveiseducatius.xtec.cat\/baixebre\/wp-json\/wp\/v2\/categories?post=5027"},{"taxonomy":"post_tag","embeddable":true,"href":"https:\/\/serveiseducatius.xtec.cat\/baixebre\/wp-json\/wp\/v2\/tags?post=5027"}],"curies":[{"name":"wp","href":"https:\/\/api.w.org\/{rel}","templated":true}]}}