{"id":5024,"date":"2019-10-04T11:23:53","date_gmt":"2019-10-04T09:23:53","guid":{"rendered":"http:\/\/serveiseducatius.xtec.cat\/baixebre\/?p=5024"},"modified":"2019-10-04T11:23:53","modified_gmt":"2019-10-04T09:23:53","slug":"jornades-apropat-2","status":"publish","type":"post","link":"https:\/\/serveiseducatius.xtec.cat\/baixebre\/portada\/jornades-apropat-2\/","title":{"rendered":"Jornades AproPA\u2019T"},"content":{"rendered":"<p>aproPA\u2019T \u00e9s una proposta de la Xarxa de Museus de les Comarques de Tarragona i les Terres de l\u2019Ebre i el Departament d\u2019Educaci\u00f3 que t\u00e9 per objectiu refor\u00e7ar la relaci\u00f3 entre els centres educatius i els museus per crear projectes col\u00b7laboratius amb la finalitat de contribuir en la transformaci\u00f3 educativa.<\/p>\n<p>Les jornades aproPA\u2019T s\u00f3n un punt de trobada entre docents, professionals dels museus i persones interessades per reflexionar i compartir experi\u00e8ncies educatives patrimonials.<\/p>\n<p>Les Jornades Apropa\u2019T. Museu i escola aprenem junts tindran lloc el 16 de novembre al Vendrell i el <strong>23 de novembre a Amposta<\/strong>.<\/p>\n<p><strong>PROGRAMA JORNADA AMPOSTA<\/strong><br \/>\n8.45 \u2013 9.00 Recollida de documentaci\u00f3<br \/>\n9.00 \u2013 9.15 Benvinguda<br \/>\n9.15 \u2013 10.30 CONFER\u00c8NCIA INSPIRADORA I BONES PR\u00c0CTIQUES<br \/>\n\u201cLa transformaci\u00f3 educativa a les aules. Exemples de bones pr\u00e0ctiques\u201d, a c\u00e0rrec de Boris Mir<br \/>\n10.30 \u2013 11.00 FORMACI\u00d3 DE GRUPS I ESMORZAR<br \/>\n11.00 \u2013 13.00 ESPAI DE CREACI\u00d3 DE PROJECTES APROPA\u2019T<br \/>\nTaller d\u2019innovaci\u00f3 a trav\u00e9s de la metodologia Design Thinking<br \/>\n\u201cA la recerca!\u201d \u2013 Museu de les Terres de l\u2019Ebre<br \/>\n\u201cPatrimoni a tres bandes\u201d \u2013 Museu de Tortosa<br \/>\n\u201c#SostenibilitatIEDM\u201d \u2013 Institut-Escola Daniel Mangran\u00e9<br \/>\n\u201cMatem\u00e0tiques entre murs\u201d \u2013 Castell de Miravet<br \/>\n\u201cNo tot \u00e9s pauma!\u201d \u2013 Museu de la Pauma<br \/>\n\u201cFem visible el patrimoni per afavorir la identitat cultural de l\u2019alumnat\u201d Escola Consol Ferr\u00e9<\/p>\n<p><a href=\"http:\/\/www.jornadesapropat.cat\/#presentacio\" target=\"_blank\" rel=\"noopener noreferrer\">+[info]<\/a><\/p>\n<p><a href=\"https:\/\/aplicacions.gestioeducativa.gencat.cat\/pls\/soloas\/pk_for_mod_ins.p_for_detall_activitat?p_codi=8060221806&amp;p_curs=2019-2020&amp;p_es_inscr=S\" target=\"_blank\" rel=\"noopener noreferrer\">INSCRIPCI\u00d3<\/a><\/p>\n","protected":false},"excerpt":{"rendered":"<p>Museu i escola aprenem junts<br \/>\nMuseu de les Terres de l&#8217;Ebre<br \/>\n23 de novembre<\/p>\n","protected":false},"author":4,"featured_media":5025,"comment_status":"open","ping_status":"closed","sticky":false,"template":"","format":"standard","meta":{"_bbp_topic_count":0,"_bbp_reply_count":0,"_bbp_total_topic_count":0,"_bbp_total_reply_count":0,"_bbp_voice_count":0,"_bbp_anonymous_reply_count":0,"_bbp_topic_count_hidden":0,"_bbp_reply_count_hidden":0,"_bbp_forum_subforum_count":0,"site-sidebar-layout":"default","site-content-layout":"","ast-site-content-layout":"","site-content-style":"default","site-sidebar-style":"default","ast-global-header-display":"","ast-banner-title-visibility":"","ast-main-header-display":"","ast-hfb-above-header-display":"","ast-hfb-below-header-display":"","ast-hfb-mobile-header-display":"","site-post-title":"","ast-breadcrumbs-content":"","ast-featured-img":"","footer-sml-layout":"","theme-transparent-header-meta":"","adv-header-id-meta":"","stick-header-meta":"","header-above-stick-meta":"","header-main-stick-meta":"","header-below-stick-meta":"","astra-migrate-meta-layouts":"default","ast-page-background-enabled":"default","ast-page-background-meta":{"desktop":{"background-color":"var(--ast-global-color-4)","background-image":"","background-repeat":"repeat","background-position":"center center","background-size":"auto","background-attachment":"scroll","background-type":"","background-media":"","overlay-type":"","overlay-color":"","overlay-opacity":"","overlay-gradient":""},"tablet":{"background-color":"","background-image":"","background-repeat":"repeat","background-position":"center center","background-size":"auto","background-attachment":"scroll","background-type":"","background-media":"","overlay-type":"","overlay-color":"","overlay-opacity":"","overlay-gradient":""},"mobile":{"background-color":"","background-image":"","background-repeat":"repeat","background-position":"center center","background-size":"auto","background-attachment":"scroll","background-type":"","background-media":"","overlay-type":"","overlay-color":"","overlay-opacity":"","overlay-gradient":""}},"ast-content-background-meta":{"desktop":{"background-color":"var(--ast-global-color-5)","background-image":"","background-repeat":"repeat","background-position":"center center","background-size":"auto","background-attachment":"scroll","background-type":"","background-media":"","overlay-type":"","overlay-color":"","overlay-opacity":"","overlay-gradient":""},"tablet":{"background-color":"var(--ast-global-color-5)","background-image":"","background-repeat":"repeat","background-position":"center center","background-size":"auto","background-attachment":"scroll","background-type":"","background-media":"","overlay-type":"","overlay-color":"","overlay-opacity":"","overlay-gradient":""},"mobile":{"background-color":"var(--ast-global-color-5)","background-image":"","background-repeat":"repeat","background-position":"center center","background-size":"auto","background-attachment":"scroll","background-type":"","background-media":"","overlay-type":"","overlay-color":"","overlay-opacity":"","overlay-gradient":""}},"footnotes":""},"categories":[65,29],"tags":[],"class_list":["post-5024","post","type-post","status-publish","format-standard","has-post-thumbnail","hentry","category-crp","category-portada"],"post_mailing_queue_ids":[],"_links":{"self":[{"href":"https:\/\/serveiseducatius.xtec.cat\/baixebre\/wp-json\/wp\/v2\/posts\/5024","targetHints":{"allow":["GET"]}}],"collection":[{"href":"https:\/\/serveiseducatius.xtec.cat\/baixebre\/wp-json\/wp\/v2\/posts"}],"about":[{"href":"https:\/\/serveiseducatius.xtec.cat\/baixebre\/wp-json\/wp\/v2\/types\/post"}],"author":[{"embeddable":true,"href":"https:\/\/serveiseducatius.xtec.cat\/baixebre\/wp-json\/wp\/v2\/users\/4"}],"replies":[{"embeddable":true,"href":"https:\/\/serveiseducatius.xtec.cat\/baixebre\/wp-json\/wp\/v2\/comments?post=5024"}],"version-history":[{"count":1,"href":"https:\/\/serveiseducatius.xtec.cat\/baixebre\/wp-json\/wp\/v2\/posts\/5024\/revisions"}],"predecessor-version":[{"id":5026,"href":"https:\/\/serveiseducatius.xtec.cat\/baixebre\/wp-json\/wp\/v2\/posts\/5024\/revisions\/5026"}],"wp:featuredmedia":[{"embeddable":true,"href":"https:\/\/serveiseducatius.xtec.cat\/baixebre\/wp-json\/wp\/v2\/media\/5025"}],"wp:attachment":[{"href":"https:\/\/serveiseducatius.xtec.cat\/baixebre\/wp-json\/wp\/v2\/media?parent=5024"}],"wp:term":[{"taxonomy":"category","embeddable":true,"href":"https:\/\/serveiseducatius.xtec.cat\/baixebre\/wp-json\/wp\/v2\/categories?post=5024"},{"taxonomy":"post_tag","embeddable":true,"href":"https:\/\/serveiseducatius.xtec.cat\/baixebre\/wp-json\/wp\/v2\/tags?post=5024"}],"curies":[{"name":"wp","href":"https:\/\/api.w.org\/{rel}","templated":true}]}}