{"id":4449,"date":"2019-02-15T09:14:38","date_gmt":"2019-02-15T08:14:38","guid":{"rendered":"http:\/\/serveiseducatius.xtec.cat\/baixebre\/?p=4449"},"modified":"2019-02-15T09:14:38","modified_gmt":"2019-02-15T08:14:38","slug":"coneixer-la-policia-3","status":"publish","type":"post","link":"https:\/\/serveiseducatius.xtec.cat\/baixebre\/portada\/coneixer-la-policia-3\/","title":{"rendered":"Con\u00e8ixer la pol\u00edcia"},"content":{"rendered":"<p>Activitat amb l\u2019objectiu de donar a con\u00e8ixer als escolars tant les instal\u00b7lacions com l\u2019organitzaci\u00f3, el funcionament, l\u2019estructura del Cos, i les funcions de la Policia Local com servei al ciutad\u00e0. Tamb\u00e9 pret\u00e9n apropar la Policia Local als xiquets\/es.<\/p>\n<p><a href=\"https:\/\/docs.google.com\/viewer?a=v&amp;pid=sites&amp;srcid=eHRlYy5jYXR8ZGVzY29icmVpeC1sYS10ZXZhLWNpdXRhdHxneDozNjlmMGNiNmI4YzkxMzZi\" target=\"_blank\" rel=\"noopener\">[+] info<\/a><\/p>\n<p>18 FEBRER 2019 09:30 a 10:30 Col\u00b7legi Teresi\u00e0 27 1r<br \/>\n18 FEBRER 2019 10:30 a 11:30 CPEE Sant Jordi 7 EE(PRI)<br \/>\n19 FEBRER 2019 09:30 a 10:30 Col\u00b7legi Ntra. Sra. la Consolaci\u00f3 26 2n<br \/>\n19 FEBRER 2019 10:30 a 11:30 Escola Verge de la Cinta 12 EE(PRI)<br \/>\n20 FEBRER 2019 09:30 a 10:30 Institut escola Daniel Mangran\u00e9 24 4tA<br \/>\n20 FEBRER 2019 10:30 a 11:30 Institut escola Daniel Mangran\u00e9 24 4tB<br \/>\n21 FEBRER 2019 09:30 a 10:30 Escola Ferreries 25 2B<br \/>\n21 FEBRER2019 10:30 a 11:30 Escola Cinta Curto 25 2n<br \/>\n22 FEBRER 2019 09:30 a 10:30 Escola Port Rod\u00f3 (ZER Mestral) 20 1r &#8211; 2n<br \/>\n22 FEBRER 2019 10:30 a 11:30 Escola Verge de la Cinta 8 EE(TVA)<br \/>\n05 MAR\u00c7 2019 09:30 a 10:30 Escola Sant Abat 15 Infantil i C.I<br \/>\n05 MAR\u00c7 2019 10:30 a 11:30 Col\u00b7legi dioces\u00e0 Sagrada Fam\u00edlia, Tortosa 24 1r B<br \/>\n06 MAR\u00c7 2019 09:30 a 10:30 Escola Remolins 26 1r<br \/>\n06 MAR\u00c7 2019 10:30 a 11:30 Escola Remolins 23 2n<br \/>\n07 MAR\u00c7 2019 09:30 a 10:30 Escola Ferreries 24 2A<br \/>\n07 MAR\u00c7 2019 10:30 a 11:30 Col\u00b7legi dioces\u00e0 Sagrada Fam\u00edlia, Tortosa 25 1r A<br \/>\n08 MAR\u00c7 2019 09:30 a 10:30 Escola La Merc\u00e8 22 2n<br \/>\n08 MAR\u00c7 2019 10:30 a 11:30 Escola Sant Ll\u00e0tzer, Tortosa 25 2n<br \/>\n25 MAR\u00c7 2019 09:30 a 10:30 Escola el Temple 25 1r B<br \/>\n25 MAR\u00c7 2019 10:30 a 11:30 Escola el Temple 25 1r A<\/p>\n","protected":false},"excerpt":{"rendered":"<p>Programa &#8220;Descobreix la teua ciutat&#8221;<br \/>\nEducaci\u00f3 prim\u00e0ria, cicle inicial<br \/>\nDel 18 de febrer al 25 de mar\u00e7 de 2019<\/p>\n","protected":false},"author":4,"featured_media":2965,"comment_status":"open","ping_status":"closed","sticky":false,"template":"","format":"standard","meta":{"_bbp_topic_count":0,"_bbp_reply_count":0,"_bbp_total_topic_count":0,"_bbp_total_reply_count":0,"_bbp_voice_count":0,"_bbp_anonymous_reply_count":0,"_bbp_topic_count_hidden":0,"_bbp_reply_count_hidden":0,"_bbp_forum_subforum_count":0,"site-sidebar-layout":"default","site-content-layout":"","ast-site-content-layout":"","site-content-style":"default","site-sidebar-style":"default","ast-global-header-display":"","ast-banner-title-visibility":"","ast-main-header-display":"","ast-hfb-above-header-display":"","ast-hfb-below-header-display":"","ast-hfb-mobile-header-display":"","site-post-title":"","ast-breadcrumbs-content":"","ast-featured-img":"","footer-sml-layout":"","theme-transparent-header-meta":"","adv-header-id-meta":"","stick-header-meta":"","header-above-stick-meta":"","header-main-stick-meta":"","header-below-stick-meta":"","astra-migrate-meta-layouts":"default","ast-page-background-enabled":"default","ast-page-background-meta":{"desktop":{"background-color":"var(--ast-global-color-4)","background-image":"","background-repeat":"repeat","background-position":"center center","background-size":"auto","background-attachment":"scroll","background-type":"","background-media":"","overlay-type":"","overlay-color":"","overlay-opacity":"","overlay-gradient":""},"tablet":{"background-color":"","background-image":"","background-repeat":"repeat","background-position":"center center","background-size":"auto","background-attachment":"scroll","background-type":"","background-media":"","overlay-type":"","overlay-color":"","overlay-opacity":"","overlay-gradient":""},"mobile":{"background-color":"","background-image":"","background-repeat":"repeat","background-position":"center center","background-size":"auto","background-attachment":"scroll","background-type":"","background-media":"","overlay-type":"","overlay-color":"","overlay-opacity":"","overlay-gradient":""}},"ast-content-background-meta":{"desktop":{"background-color":"var(--ast-global-color-5)","background-image":"","background-repeat":"repeat","background-position":"center center","background-size":"auto","background-attachment":"scroll","background-type":"","background-media":"","overlay-type":"","overlay-color":"","overlay-opacity":"","overlay-gradient":""},"tablet":{"background-color":"var(--ast-global-color-5)","background-image":"","background-repeat":"repeat","background-position":"center center","background-size":"auto","background-attachment":"scroll","background-type":"","background-media":"","overlay-type":"","overlay-color":"","overlay-opacity":"","overlay-gradient":""},"mobile":{"background-color":"var(--ast-global-color-5)","background-image":"","background-repeat":"repeat","background-position":"center center","background-size":"auto","background-attachment":"scroll","background-type":"","background-media":"","overlay-type":"","overlay-color":"","overlay-opacity":"","overlay-gradient":""}},"footnotes":""},"categories":[65,29],"tags":[],"class_list":["post-4449","post","type-post","status-publish","format-standard","has-post-thumbnail","hentry","category-crp","category-portada"],"post_mailing_queue_ids":[],"_links":{"self":[{"href":"https:\/\/serveiseducatius.xtec.cat\/baixebre\/wp-json\/wp\/v2\/posts\/4449","targetHints":{"allow":["GET"]}}],"collection":[{"href":"https:\/\/serveiseducatius.xtec.cat\/baixebre\/wp-json\/wp\/v2\/posts"}],"about":[{"href":"https:\/\/serveiseducatius.xtec.cat\/baixebre\/wp-json\/wp\/v2\/types\/post"}],"author":[{"embeddable":true,"href":"https:\/\/serveiseducatius.xtec.cat\/baixebre\/wp-json\/wp\/v2\/users\/4"}],"replies":[{"embeddable":true,"href":"https:\/\/serveiseducatius.xtec.cat\/baixebre\/wp-json\/wp\/v2\/comments?post=4449"}],"version-history":[{"count":1,"href":"https:\/\/serveiseducatius.xtec.cat\/baixebre\/wp-json\/wp\/v2\/posts\/4449\/revisions"}],"predecessor-version":[{"id":4450,"href":"https:\/\/serveiseducatius.xtec.cat\/baixebre\/wp-json\/wp\/v2\/posts\/4449\/revisions\/4450"}],"wp:featuredmedia":[{"embeddable":true,"href":"https:\/\/serveiseducatius.xtec.cat\/baixebre\/wp-json\/wp\/v2\/media\/2965"}],"wp:attachment":[{"href":"https:\/\/serveiseducatius.xtec.cat\/baixebre\/wp-json\/wp\/v2\/media?parent=4449"}],"wp:term":[{"taxonomy":"category","embeddable":true,"href":"https:\/\/serveiseducatius.xtec.cat\/baixebre\/wp-json\/wp\/v2\/categories?post=4449"},{"taxonomy":"post_tag","embeddable":true,"href":"https:\/\/serveiseducatius.xtec.cat\/baixebre\/wp-json\/wp\/v2\/tags?post=4449"}],"curies":[{"name":"wp","href":"https:\/\/api.w.org\/{rel}","templated":true}]}}