{"id":4387,"date":"2019-01-29T13:29:15","date_gmt":"2019-01-29T12:29:15","guid":{"rendered":"http:\/\/serveiseducatius.xtec.cat\/baixebre\/?p=4387"},"modified":"2019-01-29T13:29:15","modified_gmt":"2019-01-29T12:29:15","slug":"xi-jornada","status":"publish","type":"post","link":"https:\/\/serveiseducatius.xtec.cat\/baixebre\/portada\/xi-jornada\/","title":{"rendered":"XI Jornada"},"content":{"rendered":"<p><strong>DESCRIPCI\u00d3<\/strong><\/p>\n<p>La \u201cXI Jornada d\u2019Educaci\u00f3 Infantil Terres de l\u2019Ebre\u201d vol contribuir a realitzar una mirada atenta de les accions que es duen a terme a l\u2019Educaci\u00f3 Infantil, amb la finalitat d\u2019afavorir, tal com s\u2019especifica al document sobre el curr\u00edculum i orientacions d\u2019Educaci\u00f3 Infantil elaborat pel Departament d\u2019Educaci\u00f3, que l\u2019alumnat d\u2019aquesta etapa educativa tingui inter\u00e8s per aprendre, per plantejar-se preguntes i reptes, per trobar respostes, per relacionar-se, comunicar-se, i emocionar-se de manera conjunta.<\/p>\n<p><strong>OBJECTIUS:<\/strong><\/p>\n<p>&#8211; Comprendre els factors que potencien i dificulten els processos d\u2019aprenentatge i mem\u00f2ria.<\/p>\n<p>&#8211; Entendre la import\u00e0ncia de l\u2019atenci\u00f3 i la percepci\u00f3, els estats emocionals i les funcions executives en el proc\u00e9s d\u2019ensenyament i aprenentatge.<\/p>\n<p>&#8211; Integrar eines de gesti\u00f3 emocional i d\u2019educaci\u00f3 cognitiva com a docents i educadors.<\/p>\n<p>&#8211; Donar a con\u00e8ixer les bases de l\u2019empatia, i aportar recursos per educar-la des de ben petits.<\/p>\n<p>&#8211; Aportar recursos, eines i habilitats per aconseguir que el\/la docent d\u2019infantil esdevingui competent digitalment.<\/p>\n<p>&#8211; Promoure l\u2019atenci\u00f3 educativa a l\u2019alumnat d\u2019educaci\u00f3 Infantil en el marc d\u2019un sistema educatiu inclusiu.<\/p>\n<p><strong>PROGRAMA:<\/strong><\/p>\n<p>08.30 h. Recepci\u00f3 dels assistents<\/p>\n<p>09.00 h. Inauguraci\u00f3 de la jornada<\/p>\n<p>09.30 h. Sra. Laia Casas. &#8220;Neuroci\u00e8ncia, emoci\u00f3 i aprenentatge en l\u2019etapa d\u2019educaci\u00f3 infantil&#8221;<\/p>\n<p>10.30 h. Tallers simultanis:<\/p>\n<p>&#8211; J\u00falia Prun\u00e9s Massaguer.\u201cEmp\u00e2tik. Programa d\u2019entrenament de l\u2019empatia\u201d<\/p>\n<p>&#8211; Maria Navarrete i Fa. Neuroeducadora i educadora emocional.\u201cNeuroeducaci\u00f3.\u00a0La pr\u00e0ctica a l\u2019educaci\u00f3 infantil.\u201d<\/p>\n<p>&#8211; Laia Casas. \u201cNeuroeducaci\u00f3 aplicada en l\u2019etapa d\u2019educaci\u00f3 infantil\u201d<\/p>\n<p>&#8211; Alicia Roglan \u201cInclusi\u00f3?\u201d<\/p>\n<p>&#8211; Juanfra \u00c1lvarez Herrero. \u201cKit b\u00e0sic del\/de la docent d&#8217;infantil competent digitalment\u201d<\/p>\n<p>11.30 h. Descans<\/p>\n<p>12.15 h. Tallers simultanis:<\/p>\n<p>&#8211; J\u00falia Prun\u00e9s Massaguer.\u201cEmp\u00e2tik. Programa d\u2019entrenament de l\u2019empatia\u201d<\/p>\n<p>&#8211; Maria Navarrete i Fa. Neuroeducadora i educadora emocional.\u201cNeuroeducaci\u00f3.\u00a0La pr\u00e0ctica a l\u2019educaci\u00f3 infantil.\u201d<\/p>\n<p>&#8211; Laia Casas. \u201cNeuroeducaci\u00f3 aplicada en l\u2019etapa d\u2019educaci\u00f3 infantil\u201d<\/p>\n<p>&#8211; Alicia Roglan \u201cInclusi\u00f3?\u201d<\/p>\n<p>&#8211; Juanfra \u00c1lvarez Herrero. \u201cKit b\u00e0sic del\/de la docent d&#8217;infantil competent digitalment\u201d<\/p>\n<p>13.15 h. Cloenda de la jornada<\/p>\n<p><strong>IMPORTANT:<\/strong><\/p>\n<p>Les inscripcions es tancaran l&#8217;11 de febrer, a partir d&#8217;aquell dia les persones inscrites rebreu un enlla\u00e7 per poder triar els dos tallers que desitgeu realitzar.<\/p>\n<p>L&#8217;adjudicaci\u00f3 dels tallers es far\u00e0 per ordre de sol\u00b7licitud.<\/p>\n<p><strong>Data:\u00a0<\/strong>23 de febrer<\/p>\n<p><strong>Horari:<\/strong> de 9,00h a 14,00h<\/p>\n<p><strong>Lloc:\u00a0<\/strong>Campus URV Terres de l\u2019Ebre. Av. Remolins 13-15 Tortosa<\/p>\n<p>Activitat reconeguda pel Departament d&#8217;Educaci\u00f3 a trav\u00e9s de l&#8217;ICE URV (codi <strong>8000080021<\/strong>) amb una certificaci\u00f3 de 5 hores.<\/p>\n","protected":false},"excerpt":{"rendered":"<p>Educaci\u00f3 Infantil Terres de l&#8217;Ebre.<br \/>\nMirada atenta a l&#8217;Educaci\u00f3 Infantil.<br \/>\n23 de febrer de 2019<\/p>\n","protected":false},"author":4,"featured_media":4388,"comment_status":"open","ping_status":"closed","sticky":false,"template":"","format":"standard","meta":{"_bbp_topic_count":0,"_bbp_reply_count":0,"_bbp_total_topic_count":0,"_bbp_total_reply_count":0,"_bbp_voice_count":0,"_bbp_anonymous_reply_count":0,"_bbp_topic_count_hidden":0,"_bbp_reply_count_hidden":0,"_bbp_forum_subforum_count":0,"site-sidebar-layout":"default","site-content-layout":"","ast-site-content-layout":"","site-content-style":"default","site-sidebar-style":"default","ast-global-header-display":"","ast-banner-title-visibility":"","ast-main-header-display":"","ast-hfb-above-header-display":"","ast-hfb-below-header-display":"","ast-hfb-mobile-header-display":"","site-post-title":"","ast-breadcrumbs-content":"","ast-featured-img":"","footer-sml-layout":"","theme-transparent-header-meta":"","adv-header-id-meta":"","stick-header-meta":"","header-above-stick-meta":"","header-main-stick-meta":"","header-below-stick-meta":"","astra-migrate-meta-layouts":"default","ast-page-background-enabled":"default","ast-page-background-meta":{"desktop":{"background-color":"var(--ast-global-color-4)","background-image":"","background-repeat":"repeat","background-position":"center center","background-size":"auto","background-attachment":"scroll","background-type":"","background-media":"","overlay-type":"","overlay-color":"","overlay-opacity":"","overlay-gradient":""},"tablet":{"background-color":"","background-image":"","background-repeat":"repeat","background-position":"center center","background-size":"auto","background-attachment":"scroll","background-type":"","background-media":"","overlay-type":"","overlay-color":"","overlay-opacity":"","overlay-gradient":""},"mobile":{"background-color":"","background-image":"","background-repeat":"repeat","background-position":"center center","background-size":"auto","background-attachment":"scroll","background-type":"","background-media":"","overlay-type":"","overlay-color":"","overlay-opacity":"","overlay-gradient":""}},"ast-content-background-meta":{"desktop":{"background-color":"var(--ast-global-color-5)","background-image":"","background-repeat":"repeat","background-position":"center center","background-size":"auto","background-attachment":"scroll","background-type":"","background-media":"","overlay-type":"","overlay-color":"","overlay-opacity":"","overlay-gradient":""},"tablet":{"background-color":"var(--ast-global-color-5)","background-image":"","background-repeat":"repeat","background-position":"center center","background-size":"auto","background-attachment":"scroll","background-type":"","background-media":"","overlay-type":"","overlay-color":"","overlay-opacity":"","overlay-gradient":""},"mobile":{"background-color":"var(--ast-global-color-5)","background-image":"","background-repeat":"repeat","background-position":"center center","background-size":"auto","background-attachment":"scroll","background-type":"","background-media":"","overlay-type":"","overlay-color":"","overlay-opacity":"","overlay-gradient":""}},"footnotes":""},"categories":[65,29],"tags":[],"class_list":["post-4387","post","type-post","status-publish","format-standard","has-post-thumbnail","hentry","category-crp","category-portada"],"post_mailing_queue_ids":[],"_links":{"self":[{"href":"https:\/\/serveiseducatius.xtec.cat\/baixebre\/wp-json\/wp\/v2\/posts\/4387","targetHints":{"allow":["GET"]}}],"collection":[{"href":"https:\/\/serveiseducatius.xtec.cat\/baixebre\/wp-json\/wp\/v2\/posts"}],"about":[{"href":"https:\/\/serveiseducatius.xtec.cat\/baixebre\/wp-json\/wp\/v2\/types\/post"}],"author":[{"embeddable":true,"href":"https:\/\/serveiseducatius.xtec.cat\/baixebre\/wp-json\/wp\/v2\/users\/4"}],"replies":[{"embeddable":true,"href":"https:\/\/serveiseducatius.xtec.cat\/baixebre\/wp-json\/wp\/v2\/comments?post=4387"}],"version-history":[{"count":1,"href":"https:\/\/serveiseducatius.xtec.cat\/baixebre\/wp-json\/wp\/v2\/posts\/4387\/revisions"}],"predecessor-version":[{"id":4389,"href":"https:\/\/serveiseducatius.xtec.cat\/baixebre\/wp-json\/wp\/v2\/posts\/4387\/revisions\/4389"}],"wp:featuredmedia":[{"embeddable":true,"href":"https:\/\/serveiseducatius.xtec.cat\/baixebre\/wp-json\/wp\/v2\/media\/4388"}],"wp:attachment":[{"href":"https:\/\/serveiseducatius.xtec.cat\/baixebre\/wp-json\/wp\/v2\/media?parent=4387"}],"wp:term":[{"taxonomy":"category","embeddable":true,"href":"https:\/\/serveiseducatius.xtec.cat\/baixebre\/wp-json\/wp\/v2\/categories?post=4387"},{"taxonomy":"post_tag","embeddable":true,"href":"https:\/\/serveiseducatius.xtec.cat\/baixebre\/wp-json\/wp\/v2\/tags?post=4387"}],"curies":[{"name":"wp","href":"https:\/\/api.w.org\/{rel}","templated":true}]}}