{"id":4032,"date":"2018-10-24T13:05:16","date_gmt":"2018-10-24T11:05:16","guid":{"rendered":"http:\/\/serveiseducatius.xtec.cat\/baixebre\/?p=4032"},"modified":"2018-10-24T13:05:16","modified_gmt":"2018-10-24T11:05:16","slug":"iv-jornades","status":"publish","type":"post","link":"https:\/\/serveiseducatius.xtec.cat\/baixebre\/portada\/iv-jornades\/","title":{"rendered":"IV Jornades"},"content":{"rendered":"<p>IV Jornades del Patrimoni Literari Ebrenc<br \/>\nXALANT, TREBALLANT I PREGANT<br \/>\nUna visi\u00f3 del folklore de les Terres de l&#8217;Ebre.<\/p>\n<p><strong>PROGRAMA<\/strong><br \/>\n<strong>Dilluns 12 de novembre<\/strong><br \/>\n18.00 h <em>Inauguraci\u00f3<\/em> de les IV Jornades del Patrimoni Literari Ebrenc, a c\u00e0rrec de Meritxell Roig\u00e9, alcaldessa de Tortosa; Dolors Queralt, regidora de Cultura de I&#8217; Ajuntament de Tortosa; Montserrat Perell\u00f3, directora dels Serveis Territorials d&#8217;Ensenyament a les Terres de l&#8217;Ebre; Ferran Blad\u00e9, director dels Serveis Territorials de Cultura a les Terres de l&#8217;Ebre, i Irene Prades, directora de la Biblioteca Marcel\u00b7l\u00ed Domingo de Tortosa.<br \/>\n18,30 h Introducci\u00f3: <em>Qu\u00e8 \u00e9s el folklore, com es treballa i experi\u00e8ncia personal. Els elements distintius del folklore ebrenc<\/em>, a c\u00e0rrec de Claire Guiu, professora de la Universitat de Nantes.<br \/>\n19.15 h <em>Una visi\u00f3 m\u00e9s personal de Joan Moreira<\/em>; a c\u00e0rrec de Xavier Aixendri, besn\u00e9t de Joan Moreira.<br \/>\n19.50 h <em>Joan Moreira a la premsa tortosina de l&#8217;\u00e9poca,(1905-1950)<\/em>, a c\u00e0rrec de Josep M. Gasulla, estudi\u00f3s de Joan Moreira.<br \/>\n20.30 h <em>lntroducci\u00f3 a la figura de Verg\u00e9s Paul\u00ed<\/em>, a c\u00e0rrec de Ramon Miravall, historiador,<\/p>\n<p><strong>Dimarts 13 de novembre. Contalles<\/strong><br \/>\n18.00, h <em>Literatura oral, contalles i llegendes<\/em>, a de Vicent Pellicer, professor de catala, escriptor, fotograf i activista cultural.<br \/>\n18.45 h <em>Els personatges fant\u00e0stics de la literatura popular ebrenca: propostes did\u00e0ctiques i d&#8217;excursionisme<\/em> a c\u00e0rrec d&#8217;\u00c0ngels Castell\u00e0 professora de llengua catalana, i de Joan Carles Borrego, escriptor.<br \/>\n19.30 h <em>Les Llegendes contempor\u00e0nies: un patrimoni per descobrir<\/em>, a c\u00e0rrec de Maria del Carme Oriol, catedr\u00e0tica de Filologia Catalana de la URV.<br \/>\n20.15 h <em>Els rols femenins a la Literatura oral<\/em>, a c\u00e0rrec de M\u00f2nica Sa1es, Doctora en Filologia Catalana i professora de la URV.<\/p>\n<p><strong>Dimecres 14 de novembre. Jota<\/strong><br \/>\n18.0\u00b70 h <em>L&#8217;arribada de la jota a les Terres de l&#8217;Ebre<\/em>, a c\u00e0rrec de Roc Salva1d\u00f3, historiador.<br \/>\n19.0\u00b70 h <em>Els cantadors<\/em>, a c\u00e0rrec de Carme Queralt, etnologa.<br \/>\n20.,0,0 h <em>Continuem xal\u00b7lant, treballant i pregant Aproximaci\u00f3 al treball de Quico el C\u00e9lio. El Noi i el Mut de Ferreries sobre el Llibre Del folklore tortos\u00ed de Joan Moreira (1990-2018)<\/em>, a c\u00e0rrec d&#8217;Arturo Gaya, cantautor, periodista i mestre de cant popular i folklore.<br \/>\n21.00 h <em>Mariano Manta, cantador de jota de finals del XIX<\/em>, a c\u00e0rrec de Joan Vidal, professor de m\u00fasica del Conservatori de M\u00fasica de la1 Diputaci\u00f3 de Tarragona a Tortosa.<\/p>\n<p><strong>Dijous 15 de novembre. Bestiari, gegants i imatgeria festiva<\/strong><br \/>\n19.00 h <em>Gegants, nans i b\u00e8sties de cartr\u00f3<\/em>, a c\u00e0rrec de Jan Grau, t\u00e8cnic especialista en cultura popu1ar i tradicional al Departament de Cultura de la Generalitat de Catalunya.<br \/>\n20.00 h <em>Els gegants de Tortosa<\/em>, a c\u00e0rrec de M. Cinta Llasat, activista cultural.<\/p>\n<p><strong>Divendres 16 de novembre<\/strong><br \/>\n18.00 h <em>La influ\u00e8ncia de la cultura popular en la identitat de l&#8217;individu<\/em>, a c\u00e0rrec de Caries M. Castell\u00e0, fol\u00f2leg.<br \/>\n19.00 h <em>Conferencia El folklore a les Terres de l&#8217;Ebre<\/em>, a c\u00e0rrec de la consellera de Cultura de la Generalitat de Catalunya, Laura Borr\u00e0s, i lliurament d&#8217;acreditacions i cloenda a c\u00e0rrec de l&#8217;alcaldessa de Tortosa, Meritxell Roig\u00e9,<br \/>\n19.30 h<em> Presentaci\u00f3 del llibre Lo can\u00e7oner de la Terra de l&#8217;Ebre<\/em>, de Quico el musical C\u00e9lio, el Noi i el Mut de Ferreries, amb tast musical i participaci\u00f3 de membres de mon real i imaginari del grup.<\/p>\n<p><a href=\"https:\/\/aplicacions.gestioeducativa.gencat.cat\/pls\/soloas\/pk_for_mod_ins.p_for_pre_cons_activitats?p_any=2018-2019&amp;p_codi=8031111803\" target=\"_blank\" rel=\"noopener\">INSCRIPCIONS<\/a><\/p>\n","protected":false},"excerpt":{"rendered":"<p>Patrimoni Literari Ebrenc<br \/>\n12-16 de novembre<br \/>\nBiblioteca Marcel\u00b7l\u00ed Domingo<\/p>\n","protected":false},"author":4,"featured_media":4033,"comment_status":"open","ping_status":"closed","sticky":false,"template":"","format":"standard","meta":{"_bbp_topic_count":0,"_bbp_reply_count":0,"_bbp_total_topic_count":0,"_bbp_total_reply_count":0,"_bbp_voice_count":0,"_bbp_anonymous_reply_count":0,"_bbp_topic_count_hidden":0,"_bbp_reply_count_hidden":0,"_bbp_forum_subforum_count":0,"site-sidebar-layout":"default","site-content-layout":"","ast-site-content-layout":"","site-content-style":"default","site-sidebar-style":"default","ast-global-header-display":"","ast-banner-title-visibility":"","ast-main-header-display":"","ast-hfb-above-header-display":"","ast-hfb-below-header-display":"","ast-hfb-mobile-header-display":"","site-post-title":"","ast-breadcrumbs-content":"","ast-featured-img":"","footer-sml-layout":"","theme-transparent-header-meta":"","adv-header-id-meta":"","stick-header-meta":"","header-above-stick-meta":"","header-main-stick-meta":"","header-below-stick-meta":"","astra-migrate-meta-layouts":"default","ast-page-background-enabled":"default","ast-page-background-meta":{"desktop":{"background-color":"var(--ast-global-color-4)","background-image":"","background-repeat":"repeat","background-position":"center center","background-size":"auto","background-attachment":"scroll","background-type":"","background-media":"","overlay-type":"","overlay-color":"","overlay-opacity":"","overlay-gradient":""},"tablet":{"background-color":"","background-image":"","background-repeat":"repeat","background-position":"center center","background-size":"auto","background-attachment":"scroll","background-type":"","background-media":"","overlay-type":"","overlay-color":"","overlay-opacity":"","overlay-gradient":""},"mobile":{"background-color":"","background-image":"","background-repeat":"repeat","background-position":"center center","background-size":"auto","background-attachment":"scroll","background-type":"","background-media":"","overlay-type":"","overlay-color":"","overlay-opacity":"","overlay-gradient":""}},"ast-content-background-meta":{"desktop":{"background-color":"var(--ast-global-color-5)","background-image":"","background-repeat":"repeat","background-position":"center center","background-size":"auto","background-attachment":"scroll","background-type":"","background-media":"","overlay-type":"","overlay-color":"","overlay-opacity":"","overlay-gradient":""},"tablet":{"background-color":"var(--ast-global-color-5)","background-image":"","background-repeat":"repeat","background-position":"center center","background-size":"auto","background-attachment":"scroll","background-type":"","background-media":"","overlay-type":"","overlay-color":"","overlay-opacity":"","overlay-gradient":""},"mobile":{"background-color":"var(--ast-global-color-5)","background-image":"","background-repeat":"repeat","background-position":"center center","background-size":"auto","background-attachment":"scroll","background-type":"","background-media":"","overlay-type":"","overlay-color":"","overlay-opacity":"","overlay-gradient":""}},"footnotes":""},"categories":[65,29],"tags":[],"class_list":["post-4032","post","type-post","status-publish","format-standard","has-post-thumbnail","hentry","category-crp","category-portada"],"post_mailing_queue_ids":[],"_links":{"self":[{"href":"https:\/\/serveiseducatius.xtec.cat\/baixebre\/wp-json\/wp\/v2\/posts\/4032","targetHints":{"allow":["GET"]}}],"collection":[{"href":"https:\/\/serveiseducatius.xtec.cat\/baixebre\/wp-json\/wp\/v2\/posts"}],"about":[{"href":"https:\/\/serveiseducatius.xtec.cat\/baixebre\/wp-json\/wp\/v2\/types\/post"}],"author":[{"embeddable":true,"href":"https:\/\/serveiseducatius.xtec.cat\/baixebre\/wp-json\/wp\/v2\/users\/4"}],"replies":[{"embeddable":true,"href":"https:\/\/serveiseducatius.xtec.cat\/baixebre\/wp-json\/wp\/v2\/comments?post=4032"}],"version-history":[{"count":1,"href":"https:\/\/serveiseducatius.xtec.cat\/baixebre\/wp-json\/wp\/v2\/posts\/4032\/revisions"}],"predecessor-version":[{"id":4034,"href":"https:\/\/serveiseducatius.xtec.cat\/baixebre\/wp-json\/wp\/v2\/posts\/4032\/revisions\/4034"}],"wp:featuredmedia":[{"embeddable":true,"href":"https:\/\/serveiseducatius.xtec.cat\/baixebre\/wp-json\/wp\/v2\/media\/4033"}],"wp:attachment":[{"href":"https:\/\/serveiseducatius.xtec.cat\/baixebre\/wp-json\/wp\/v2\/media?parent=4032"}],"wp:term":[{"taxonomy":"category","embeddable":true,"href":"https:\/\/serveiseducatius.xtec.cat\/baixebre\/wp-json\/wp\/v2\/categories?post=4032"},{"taxonomy":"post_tag","embeddable":true,"href":"https:\/\/serveiseducatius.xtec.cat\/baixebre\/wp-json\/wp\/v2\/tags?post=4032"}],"curies":[{"name":"wp","href":"https:\/\/api.w.org\/{rel}","templated":true}]}}