{"id":2989,"date":"2017-03-22T10:20:24","date_gmt":"2017-03-22T09:20:24","guid":{"rendered":"http:\/\/serveiseducatius.xtec.cat\/baixebre\/?p=2989"},"modified":"2017-03-24T13:02:47","modified_gmt":"2017-03-24T12:02:47","slug":"visita-guiada-exposicio","status":"publish","type":"post","link":"https:\/\/serveiseducatius.xtec.cat\/baixebre\/portada\/visita-guiada-exposicio\/","title":{"rendered":"Visita guiada exposici\u00f3"},"content":{"rendered":"<p>Els Serveis Territorials del Departament de Cultura a les Terres de l&#8217;Ebre acullen l&#8217;exposici\u00f3 &#8220;Deltebre I. La hist\u00f2ria d&#8217;un naufragi&#8221; que amb un centenar de peces, els corresponents plafons informatius i un audiovisual expliquen la hist\u00f2ria del vaixell de transport militar de l&#8217;armada anglesa enfonsat l&#8217;any 1813 a la desembocadura de l&#8217;Ebre durant la Guerra del Franc\u00e8s.<\/p>\n<p>Per tal de facilitar les visites de les escoles i instituts s&#8217;ha preparat una proposta did\u00e0ctica per a diferents nivells.<br \/>\n<strong>Educaci\u00f3 secund\u00e0ria<\/strong><br \/>\nUn dossier did\u00e0ctic sobre l&#8217;ocupaci\u00f3 francesa de Tortosa (1811-1814) coincidint amb l&#8217;\u00e8poca del naufragi de la flota anglesa davant els Alfacs&#8230;, a realitzar per Roc Salvad\u00f3.<br \/>\n<strong>Educaci\u00f3 prim\u00e0ria<\/strong><br \/>\nUna proposta did\u00e0ctica a partir del conte del Deltebre I.<\/p>\n<p>Els <strong>centres educatius<\/strong> disposeu de les seg\u00fcents <strong>activitats<\/strong>:<br \/>\nSecund\u00e0ria: Visita guiada a c\u00e0rrec del professor Roc Salvad\u00f3 i dossier pedag\u00f2gic per als alumnes sobre la Guerra del Franc\u00e8s a les Terres de l&#8217;Ebre.<br \/>\nDimarts, dijous i divendres al mat\u00ed.<\/p>\n<p>Prim\u00e0ria CM i CS: Visita guiada a c\u00e0rrec de Mariola Casta\u00f1o, de la Central de Biblioteques a les terres de l&#8217;Ebre, a partir d&#8217;un conte il\u00b7lustrat sobre el naufragi.<br \/>\nDimarts, dimecres i dijous.<\/p>\n<p>Calendari:<br \/>\nDel 18 d&#8217;abril al 30 de juliol.<\/p>\n<p>Per tal de con\u00e8ixer els material did\u00e0ctics i l&#8217;exposci\u00f3, el dia 4 d&#8217;abril, a les 12:00 hores, hi haur\u00e0 una <strong>visita guiada per tot el professorat<\/strong> que ho desitgi.<\/p>\n<p>Els centres interessats en participar, poseu-vos en contacte amb el CRP del Baix Ebre:<br \/>\ncrp-baixebre@xtec.cat<br \/>\nTel. 977448353<\/p>\n<p><a href=\"https:\/\/issuu.com\/culturate\/stacks\/a0d8c377b3ca4e1f93997750c87cd6c7\" target=\"_blank\">[info]<\/a> Materials<\/p>\n","protected":false},"excerpt":{"rendered":"<p>Deltebre I<br \/>\nLa hist\u00f2ria d&#8217;un naufragi<br \/>\nPalau Oliver de Boteller<\/p>\n","protected":false},"author":4,"featured_media":2990,"comment_status":"open","ping_status":"open","sticky":false,"template":"","format":"standard","meta":{"_bbp_topic_count":0,"_bbp_reply_count":0,"_bbp_total_topic_count":0,"_bbp_total_reply_count":0,"_bbp_voice_count":0,"_bbp_anonymous_reply_count":0,"_bbp_topic_count_hidden":0,"_bbp_reply_count_hidden":0,"_bbp_forum_subforum_count":0,"site-sidebar-layout":"default","site-content-layout":"","ast-site-content-layout":"","site-content-style":"default","site-sidebar-style":"default","ast-global-header-display":"","ast-banner-title-visibility":"","ast-main-header-display":"","ast-hfb-above-header-display":"","ast-hfb-below-header-display":"","ast-hfb-mobile-header-display":"","site-post-title":"","ast-breadcrumbs-content":"","ast-featured-img":"","footer-sml-layout":"","theme-transparent-header-meta":"","adv-header-id-meta":"","stick-header-meta":"","header-above-stick-meta":"","header-main-stick-meta":"","header-below-stick-meta":"","astra-migrate-meta-layouts":"default","ast-page-background-enabled":"default","ast-page-background-meta":{"desktop":{"background-color":"var(--ast-global-color-4)","background-image":"","background-repeat":"repeat","background-position":"center center","background-size":"auto","background-attachment":"scroll","background-type":"","background-media":"","overlay-type":"","overlay-color":"","overlay-opacity":"","overlay-gradient":""},"tablet":{"background-color":"","background-image":"","background-repeat":"repeat","background-position":"center center","background-size":"auto","background-attachment":"scroll","background-type":"","background-media":"","overlay-type":"","overlay-color":"","overlay-opacity":"","overlay-gradient":""},"mobile":{"background-color":"","background-image":"","background-repeat":"repeat","background-position":"center center","background-size":"auto","background-attachment":"scroll","background-type":"","background-media":"","overlay-type":"","overlay-color":"","overlay-opacity":"","overlay-gradient":""}},"ast-content-background-meta":{"desktop":{"background-color":"var(--ast-global-color-5)","background-image":"","background-repeat":"repeat","background-position":"center center","background-size":"auto","background-attachment":"scroll","background-type":"","background-media":"","overlay-type":"","overlay-color":"","overlay-opacity":"","overlay-gradient":""},"tablet":{"background-color":"var(--ast-global-color-5)","background-image":"","background-repeat":"repeat","background-position":"center center","background-size":"auto","background-attachment":"scroll","background-type":"","background-media":"","overlay-type":"","overlay-color":"","overlay-opacity":"","overlay-gradient":""},"mobile":{"background-color":"var(--ast-global-color-5)","background-image":"","background-repeat":"repeat","background-position":"center center","background-size":"auto","background-attachment":"scroll","background-type":"","background-media":"","overlay-type":"","overlay-color":"","overlay-opacity":"","overlay-gradient":""}},"footnotes":""},"categories":[65,29],"tags":[],"class_list":["post-2989","post","type-post","status-publish","format-standard","has-post-thumbnail","hentry","category-crp","category-portada"],"post_mailing_queue_ids":[],"_links":{"self":[{"href":"https:\/\/serveiseducatius.xtec.cat\/baixebre\/wp-json\/wp\/v2\/posts\/2989","targetHints":{"allow":["GET"]}}],"collection":[{"href":"https:\/\/serveiseducatius.xtec.cat\/baixebre\/wp-json\/wp\/v2\/posts"}],"about":[{"href":"https:\/\/serveiseducatius.xtec.cat\/baixebre\/wp-json\/wp\/v2\/types\/post"}],"author":[{"embeddable":true,"href":"https:\/\/serveiseducatius.xtec.cat\/baixebre\/wp-json\/wp\/v2\/users\/4"}],"replies":[{"embeddable":true,"href":"https:\/\/serveiseducatius.xtec.cat\/baixebre\/wp-json\/wp\/v2\/comments?post=2989"}],"version-history":[{"count":3,"href":"https:\/\/serveiseducatius.xtec.cat\/baixebre\/wp-json\/wp\/v2\/posts\/2989\/revisions"}],"predecessor-version":[{"id":2999,"href":"https:\/\/serveiseducatius.xtec.cat\/baixebre\/wp-json\/wp\/v2\/posts\/2989\/revisions\/2999"}],"wp:featuredmedia":[{"embeddable":true,"href":"https:\/\/serveiseducatius.xtec.cat\/baixebre\/wp-json\/wp\/v2\/media\/2990"}],"wp:attachment":[{"href":"https:\/\/serveiseducatius.xtec.cat\/baixebre\/wp-json\/wp\/v2\/media?parent=2989"}],"wp:term":[{"taxonomy":"category","embeddable":true,"href":"https:\/\/serveiseducatius.xtec.cat\/baixebre\/wp-json\/wp\/v2\/categories?post=2989"},{"taxonomy":"post_tag","embeddable":true,"href":"https:\/\/serveiseducatius.xtec.cat\/baixebre\/wp-json\/wp\/v2\/tags?post=2989"}],"curies":[{"name":"wp","href":"https:\/\/api.w.org\/{rel}","templated":true}]}}