{"id":2980,"date":"2017-03-17T13:14:33","date_gmt":"2017-03-17T12:14:33","guid":{"rendered":"http:\/\/serveiseducatius.xtec.cat\/baixebre\/?p=2980"},"modified":"2017-03-17T13:18:25","modified_gmt":"2017-03-17T12:18:25","slug":"el-comic-una-eina-pedagogica","status":"publish","type":"post","link":"https:\/\/serveiseducatius.xtec.cat\/baixebre\/portada\/el-comic-una-eina-pedagogica\/","title":{"rendered":"El c\u00f2mic, eina pedag\u00f2gica"},"content":{"rendered":"<p>Sal\u00f3 del C\u00f2mic de Barcelona<br \/>\nActivitats per a les escoles<br \/>\n30 i 31 de mar\u00e7 de 2017<\/p>\n<p>Activitats per a les escoles.<br \/>\nDirigit a alumnes de prim\u00e0ria, secund\u00e0ria i batxillerat, el Sal\u00f3 del C\u00f2mic de Barcelona aposta cada any per fomentar les visites dels centres educatius amb la intenci\u00f3 d\u2019acostar el c\u00f2mic i el seu llenguatge als escolars.<br \/>\nEntre el seu programa hi trobem:<br \/>\nConcurs de creaci\u00f3 de c\u00f2mics \u201cL\u2019aviaci\u00f3 i el c\u00f2mic\u201d<br \/>\nVisita al Sal\u00f3 del C\u00f2mic per a grups escolars<br \/>\nVisita guiada a l&#8217;exposici\u00f3 &#8220;Gaud\u00ed entre vinyetes&#8221;<br \/>\nTaller de c\u00f2mic organitzat per l\u2019Escola JOSO. Centre de C\u00f2mic i Arts Visuals.<br \/>\nTaller d\u2019impressi\u00f3 digital 3 D organitzat per l\u2019Escola JOSO. Centre de C\u00f2mic i Arts Visuals<br \/>\nTaller \u2013 Trobada amb l\u2019autor Nico Naranjo.<br \/>\nConfer\u00e8ncies per a les escoles.<br \/>\nEls bombers al Sal\u00f3 del C\u00f2mic.<br \/>\nEspai d&#8217;activitats infantil (fins a 7 anys)<br \/>\n<a href=\"http:\/\/comic-35.ficomic.com\/visites-escolars.cfm\" target=\"_blank\">+[info]<\/a><\/p>\n<p>X Jornada: El c\u00f2mic, una eina pedag\u00f2gica<br \/>\nAdre\u00e7ada al professorat de prim\u00e0ria i secund\u00e0ria. Consta d\u2019una visita guiada pels expositors del Sal\u00f3, taller de recursos del c\u00f2mic per als docents, confer\u00e8ncia i presentaci\u00f3 d\u2019experi\u00e8ncies.<br \/>\n<a href=\"http:\/\/xtec.gencat.cat\/web\/.content\/projectes\/lectura\/impulslectura\/actes-literaris\/activitatsliteraries\/comic\/documents\/programa_jornada_salo-comic_1617.pdf\" target=\"_blank\">+[info]<\/a><\/p>\n","protected":false},"excerpt":{"rendered":"<p>Sal\u00f3 del C\u00f2mic de Barcelona<br \/>\nActivitats per a les escoles<br \/>\n30 i 31 de mar\u00e7 de 2017<\/p>\n","protected":false},"author":4,"featured_media":2983,"comment_status":"open","ping_status":"open","sticky":false,"template":"","format":"standard","meta":{"_bbp_topic_count":0,"_bbp_reply_count":0,"_bbp_total_topic_count":0,"_bbp_total_reply_count":0,"_bbp_voice_count":0,"_bbp_anonymous_reply_count":0,"_bbp_topic_count_hidden":0,"_bbp_reply_count_hidden":0,"_bbp_forum_subforum_count":0,"site-sidebar-layout":"default","site-content-layout":"","ast-site-content-layout":"","site-content-style":"default","site-sidebar-style":"default","ast-global-header-display":"","ast-banner-title-visibility":"","ast-main-header-display":"","ast-hfb-above-header-display":"","ast-hfb-below-header-display":"","ast-hfb-mobile-header-display":"","site-post-title":"","ast-breadcrumbs-content":"","ast-featured-img":"","footer-sml-layout":"","theme-transparent-header-meta":"","adv-header-id-meta":"","stick-header-meta":"","header-above-stick-meta":"","header-main-stick-meta":"","header-below-stick-meta":"","astra-migrate-meta-layouts":"default","ast-page-background-enabled":"default","ast-page-background-meta":{"desktop":{"background-color":"var(--ast-global-color-4)","background-image":"","background-repeat":"repeat","background-position":"center center","background-size":"auto","background-attachment":"scroll","background-type":"","background-media":"","overlay-type":"","overlay-color":"","overlay-opacity":"","overlay-gradient":""},"tablet":{"background-color":"","background-image":"","background-repeat":"repeat","background-position":"center center","background-size":"auto","background-attachment":"scroll","background-type":"","background-media":"","overlay-type":"","overlay-color":"","overlay-opacity":"","overlay-gradient":""},"mobile":{"background-color":"","background-image":"","background-repeat":"repeat","background-position":"center center","background-size":"auto","background-attachment":"scroll","background-type":"","background-media":"","overlay-type":"","overlay-color":"","overlay-opacity":"","overlay-gradient":""}},"ast-content-background-meta":{"desktop":{"background-color":"var(--ast-global-color-5)","background-image":"","background-repeat":"repeat","background-position":"center center","background-size":"auto","background-attachment":"scroll","background-type":"","background-media":"","overlay-type":"","overlay-color":"","overlay-opacity":"","overlay-gradient":""},"tablet":{"background-color":"var(--ast-global-color-5)","background-image":"","background-repeat":"repeat","background-position":"center center","background-size":"auto","background-attachment":"scroll","background-type":"","background-media":"","overlay-type":"","overlay-color":"","overlay-opacity":"","overlay-gradient":""},"mobile":{"background-color":"var(--ast-global-color-5)","background-image":"","background-repeat":"repeat","background-position":"center center","background-size":"auto","background-attachment":"scroll","background-type":"","background-media":"","overlay-type":"","overlay-color":"","overlay-opacity":"","overlay-gradient":""}},"footnotes":""},"categories":[65,29,164],"tags":[],"class_list":["post-2980","post","type-post","status-publish","format-standard","has-post-thumbnail","hentry","category-crp","category-portada","category-xarxa-de-biblioteques-escolars"],"post_mailing_queue_ids":[],"_links":{"self":[{"href":"https:\/\/serveiseducatius.xtec.cat\/baixebre\/wp-json\/wp\/v2\/posts\/2980","targetHints":{"allow":["GET"]}}],"collection":[{"href":"https:\/\/serveiseducatius.xtec.cat\/baixebre\/wp-json\/wp\/v2\/posts"}],"about":[{"href":"https:\/\/serveiseducatius.xtec.cat\/baixebre\/wp-json\/wp\/v2\/types\/post"}],"author":[{"embeddable":true,"href":"https:\/\/serveiseducatius.xtec.cat\/baixebre\/wp-json\/wp\/v2\/users\/4"}],"replies":[{"embeddable":true,"href":"https:\/\/serveiseducatius.xtec.cat\/baixebre\/wp-json\/wp\/v2\/comments?post=2980"}],"version-history":[{"count":3,"href":"https:\/\/serveiseducatius.xtec.cat\/baixebre\/wp-json\/wp\/v2\/posts\/2980\/revisions"}],"predecessor-version":[{"id":2985,"href":"https:\/\/serveiseducatius.xtec.cat\/baixebre\/wp-json\/wp\/v2\/posts\/2980\/revisions\/2985"}],"wp:featuredmedia":[{"embeddable":true,"href":"https:\/\/serveiseducatius.xtec.cat\/baixebre\/wp-json\/wp\/v2\/media\/2983"}],"wp:attachment":[{"href":"https:\/\/serveiseducatius.xtec.cat\/baixebre\/wp-json\/wp\/v2\/media?parent=2980"}],"wp:term":[{"taxonomy":"category","embeddable":true,"href":"https:\/\/serveiseducatius.xtec.cat\/baixebre\/wp-json\/wp\/v2\/categories?post=2980"},{"taxonomy":"post_tag","embeddable":true,"href":"https:\/\/serveiseducatius.xtec.cat\/baixebre\/wp-json\/wp\/v2\/tags?post=2980"}],"curies":[{"name":"wp","href":"https:\/\/api.w.org\/{rel}","templated":true}]}}