{"id":2934,"date":"2017-02-22T10:05:23","date_gmt":"2017-02-22T09:05:23","guid":{"rendered":"http:\/\/serveiseducatius.xtec.cat\/baixebre\/?p=2934"},"modified":"2017-02-24T13:48:19","modified_gmt":"2017-02-24T12:48:19","slug":"formacio-musica","status":"publish","type":"post","link":"https:\/\/serveiseducatius.xtec.cat\/baixebre\/portada\/formacio-musica\/","title":{"rendered":"Formaci\u00f3 m\u00fasica"},"content":{"rendered":"<p>Jornades Pedag\u00f2gico-musicals de les Terres de l\u2019Ebre<br \/>\nDissabte, 11 de mar\u00e7 de 2017<br \/>\nEscola Miquel Granell.- Amposta<\/p>\n<p>Organitzades pell Grup de Mestres de M\u00fasica de les Terres de l&#8217;Ebre i el Centre de Recursos Pedag\u00f2gics del Montsi\u00e0, les XX Jornades Pedag\u00f2gico-musicals de les Terres de l\u2019Ebre es celebraran el dissabte 11 de mar\u00e7 de 2017, a l\u2019ESC Miquel Granell d\u2019Amposta.<br \/>\n<strong>CONTINGUTS<\/strong>:<br \/>\n<strong>Soundpainting<\/strong>. Vicen Tormo.<br \/>\nDescoberta d&#8217;un llenguatge de signes per a improvisar i composar en viu.<br \/>\nTreball de la creativitat i la seua aplicaci\u00f3 dins l\u2019aula.<br \/>\nTipus de gestos i les seues funcions.<br \/>\nPr\u00e0ctiques d\u2019interpretaci\u00f3 i direcci\u00f3 gestual i aplicaci\u00f3 al curr\u00edculum.<\/p>\n<p><strong>Perscussi\u00f3 corporal<\/strong>. Enric Piz\u00e0.<br \/>\nTreball de la percussi\u00f3 com un recurs fant\u00e0stic per treballar la concentraci\u00f3 i la memoritzaci\u00f3 tot amb un caire l\u00fadic i divertit.<br \/>\nAdaptaci\u00f3 de la m\u00fasica m\u00e9s actual permet apropar-se als alumnes i fer-la m\u00e9s atractiva.<br \/>\nTreball en grup per a permetre la participaci\u00f3 dels alumnes i converteix-los en protagonistes amb un objectiu com\u00fa: la m\u00fasica.<br \/>\n<a href=\"https:\/\/aplicacions.gestioeducativa.gencat.cat\/pls\/soloas\/pk_for_mod_ins.p_for_pre_cons_activitats?p_any=2016-2017&amp;p_codi=8060341806\" target=\"_blank\">INSCRIPCIONS<\/a> fins el dia 6 de mar\u00e7.<\/p>\n","protected":false},"excerpt":{"rendered":"<p>Jornades Pedag\u00f2gico-musicals de les Terres de l\u2019Ebre<br \/>\nDissabte, 11 de mar\u00e7 de 2017<br \/>\nEscola Miquel Granell.- Amposta<\/p>\n","protected":false},"author":4,"featured_media":2940,"comment_status":"open","ping_status":"open","sticky":false,"template":"","format":"standard","meta":{"_bbp_topic_count":0,"_bbp_reply_count":0,"_bbp_total_topic_count":0,"_bbp_total_reply_count":0,"_bbp_voice_count":0,"_bbp_anonymous_reply_count":0,"_bbp_topic_count_hidden":0,"_bbp_reply_count_hidden":0,"_bbp_forum_subforum_count":0,"site-sidebar-layout":"default","site-content-layout":"","ast-site-content-layout":"","site-content-style":"default","site-sidebar-style":"default","ast-global-header-display":"","ast-banner-title-visibility":"","ast-main-header-display":"","ast-hfb-above-header-display":"","ast-hfb-below-header-display":"","ast-hfb-mobile-header-display":"","site-post-title":"","ast-breadcrumbs-content":"","ast-featured-img":"","footer-sml-layout":"","theme-transparent-header-meta":"","adv-header-id-meta":"","stick-header-meta":"","header-above-stick-meta":"","header-main-stick-meta":"","header-below-stick-meta":"","astra-migrate-meta-layouts":"default","ast-page-background-enabled":"default","ast-page-background-meta":{"desktop":{"background-color":"var(--ast-global-color-4)","background-image":"","background-repeat":"repeat","background-position":"center center","background-size":"auto","background-attachment":"scroll","background-type":"","background-media":"","overlay-type":"","overlay-color":"","overlay-opacity":"","overlay-gradient":""},"tablet":{"background-color":"","background-image":"","background-repeat":"repeat","background-position":"center center","background-size":"auto","background-attachment":"scroll","background-type":"","background-media":"","overlay-type":"","overlay-color":"","overlay-opacity":"","overlay-gradient":""},"mobile":{"background-color":"","background-image":"","background-repeat":"repeat","background-position":"center center","background-size":"auto","background-attachment":"scroll","background-type":"","background-media":"","overlay-type":"","overlay-color":"","overlay-opacity":"","overlay-gradient":""}},"ast-content-background-meta":{"desktop":{"background-color":"var(--ast-global-color-5)","background-image":"","background-repeat":"repeat","background-position":"center center","background-size":"auto","background-attachment":"scroll","background-type":"","background-media":"","overlay-type":"","overlay-color":"","overlay-opacity":"","overlay-gradient":""},"tablet":{"background-color":"var(--ast-global-color-5)","background-image":"","background-repeat":"repeat","background-position":"center center","background-size":"auto","background-attachment":"scroll","background-type":"","background-media":"","overlay-type":"","overlay-color":"","overlay-opacity":"","overlay-gradient":""},"mobile":{"background-color":"var(--ast-global-color-5)","background-image":"","background-repeat":"repeat","background-position":"center center","background-size":"auto","background-attachment":"scroll","background-type":"","background-media":"","overlay-type":"","overlay-color":"","overlay-opacity":"","overlay-gradient":""}},"footnotes":""},"categories":[65,29],"tags":[],"class_list":["post-2934","post","type-post","status-publish","format-standard","has-post-thumbnail","hentry","category-crp","category-portada"],"post_mailing_queue_ids":[],"_links":{"self":[{"href":"https:\/\/serveiseducatius.xtec.cat\/baixebre\/wp-json\/wp\/v2\/posts\/2934","targetHints":{"allow":["GET"]}}],"collection":[{"href":"https:\/\/serveiseducatius.xtec.cat\/baixebre\/wp-json\/wp\/v2\/posts"}],"about":[{"href":"https:\/\/serveiseducatius.xtec.cat\/baixebre\/wp-json\/wp\/v2\/types\/post"}],"author":[{"embeddable":true,"href":"https:\/\/serveiseducatius.xtec.cat\/baixebre\/wp-json\/wp\/v2\/users\/4"}],"replies":[{"embeddable":true,"href":"https:\/\/serveiseducatius.xtec.cat\/baixebre\/wp-json\/wp\/v2\/comments?post=2934"}],"version-history":[{"count":3,"href":"https:\/\/serveiseducatius.xtec.cat\/baixebre\/wp-json\/wp\/v2\/posts\/2934\/revisions"}],"predecessor-version":[{"id":2949,"href":"https:\/\/serveiseducatius.xtec.cat\/baixebre\/wp-json\/wp\/v2\/posts\/2934\/revisions\/2949"}],"wp:featuredmedia":[{"embeddable":true,"href":"https:\/\/serveiseducatius.xtec.cat\/baixebre\/wp-json\/wp\/v2\/media\/2940"}],"wp:attachment":[{"href":"https:\/\/serveiseducatius.xtec.cat\/baixebre\/wp-json\/wp\/v2\/media?parent=2934"}],"wp:term":[{"taxonomy":"category","embeddable":true,"href":"https:\/\/serveiseducatius.xtec.cat\/baixebre\/wp-json\/wp\/v2\/categories?post=2934"},{"taxonomy":"post_tag","embeddable":true,"href":"https:\/\/serveiseducatius.xtec.cat\/baixebre\/wp-json\/wp\/v2\/tags?post=2934"}],"curies":[{"name":"wp","href":"https:\/\/api.w.org\/{rel}","templated":true}]}}