{"id":2783,"date":"2017-01-18T12:56:42","date_gmt":"2017-01-18T11:56:42","guid":{"rendered":"http:\/\/serveiseducatius.xtec.cat\/baixebre\/?p=2783"},"modified":"2017-01-18T13:03:56","modified_gmt":"2017-01-18T12:03:56","slug":"orientacio-educativa","status":"publish","type":"post","link":"https:\/\/serveiseducatius.xtec.cat\/baixebre\/portada\/orientacio-educativa\/","title":{"rendered":"Orientaci\u00f3 educativa"},"content":{"rendered":"<p><em><strong>Nivell 1<\/strong> <\/em><br \/>\n8000490520 <strong>L&#8217;acci\u00f3 tutorial en equip a la secundaria dins el Model competencial orientador: el docent tutor. <\/strong><\/p>\n<p>Del 15\/02\/2017 al 05\/04\/2017 (30 hores) de 16:30h a 19:00h.<br \/>\nLloc: CRP del Baix Ebre<br \/>\nEsplanada d&#8217;Orleans s\/n. Edifici Bet\u00e0nia ( Tortosa)<\/p>\n<p>Adre\u00e7ada a equips de centres: un membre de l&#8217;equip directiu, un professor de l&#8217;especialitat d&#8217;orientaci\u00f3 educativa i tutors d&#8217;ESO.<\/p>\n<p><em><strong>Nivell 2<\/strong><\/em><br \/>\n9000190520 <strong>lmplementaci\u00f3 Pla d&#8217;acci\u00f3 d&#8217;orientaci\u00f3 educativa: aprofundiment Model competencial orientador.<\/strong><\/p>\n<p>Els dies 16, 23 i 30 de gener de les 16 a tes 19 h .<br \/>\nLloc: Complex educatiu de Tarragona<br \/>\nAutovia de Salou, s\/n (Tarragona)<\/p>\n<p>Adre\u00e7ada a equips de centres: un membre de l&#8217;equip directiu, un professor de l&#8217;especialitat d&#8217;orientaci\u00f3 educativa i tutors d&#8217;ESO i que han participat durant els cursos anteriors en la modalitat formativa d&#8217;equips de centre: &#8220;L&#8217;Orientaci\u00f3 educativa: Nucli d&#8217;aula, d&#8217;aprenentatge, i d&#8217;acompanyament per a la implementaci\u00f3 del seu Pla d&#8217;acci\u00f3 de l&#8217;orientaci\u00f3 educativa&#8221;.<\/p>\n<p>Aquesta formaci\u00f3 de Nivell 2, programada a Tarragona i adre\u00e7ada als professionals dels dos Serveis Territorials: Tarragona i Terres de l&#8217;Ebre.<\/p>\n<p>Si a nivell de Terres de l&#8217;Ebre hi hagu\u00e9s un nombre important de professionals interessats en la formaci\u00f3, es faria la proposta al Servei d&#8217;Orientaci\u00f3 i Serveis Educatius del Departament de poder-la realitzar a Tortosa.<\/p>\n<p>9000180520 <strong>Taller d&#8217;Orientaci\u00f3 Acad\u00e8mica i professional<\/strong>.<\/p>\n<p>Els dies 13, 20 i 27 de mar\u00e7.\u00c7<br \/>\nLloc: Complex educatiu de Tarragona<br \/>\nAutovia de Salou, s\/n (Tarragona)<\/p>\n<p>Adre\u00e7ada a membres de l&#8217;equip directiu, professorat de l&#8217;especialitat d&#8217;orientaci\u00f3 educativa, docents tutors i als professors dels centres educatius de persones adultes.<\/p>\n","protected":false},"excerpt":{"rendered":"<p>Planificaci\u00f3 de tres activitats de l&#8217;itinerari formatiu del model competencial orientador corresponents als nivells 1 i 2.<\/p>\n","protected":false},"author":4,"featured_media":2784,"comment_status":"open","ping_status":"open","sticky":false,"template":"","format":"standard","meta":{"_bbp_topic_count":0,"_bbp_reply_count":0,"_bbp_total_topic_count":0,"_bbp_total_reply_count":0,"_bbp_voice_count":0,"_bbp_anonymous_reply_count":0,"_bbp_topic_count_hidden":0,"_bbp_reply_count_hidden":0,"_bbp_forum_subforum_count":0,"site-sidebar-layout":"default","site-content-layout":"","ast-site-content-layout":"","site-content-style":"default","site-sidebar-style":"default","ast-global-header-display":"","ast-banner-title-visibility":"","ast-main-header-display":"","ast-hfb-above-header-display":"","ast-hfb-below-header-display":"","ast-hfb-mobile-header-display":"","site-post-title":"","ast-breadcrumbs-content":"","ast-featured-img":"","footer-sml-layout":"","theme-transparent-header-meta":"","adv-header-id-meta":"","stick-header-meta":"","header-above-stick-meta":"","header-main-stick-meta":"","header-below-stick-meta":"","astra-migrate-meta-layouts":"default","ast-page-background-enabled":"default","ast-page-background-meta":{"desktop":{"background-color":"var(--ast-global-color-4)","background-image":"","background-repeat":"repeat","background-position":"center center","background-size":"auto","background-attachment":"scroll","background-type":"","background-media":"","overlay-type":"","overlay-color":"","overlay-opacity":"","overlay-gradient":""},"tablet":{"background-color":"","background-image":"","background-repeat":"repeat","background-position":"center center","background-size":"auto","background-attachment":"scroll","background-type":"","background-media":"","overlay-type":"","overlay-color":"","overlay-opacity":"","overlay-gradient":""},"mobile":{"background-color":"","background-image":"","background-repeat":"repeat","background-position":"center center","background-size":"auto","background-attachment":"scroll","background-type":"","background-media":"","overlay-type":"","overlay-color":"","overlay-opacity":"","overlay-gradient":""}},"ast-content-background-meta":{"desktop":{"background-color":"var(--ast-global-color-5)","background-image":"","background-repeat":"repeat","background-position":"center center","background-size":"auto","background-attachment":"scroll","background-type":"","background-media":"","overlay-type":"","overlay-color":"","overlay-opacity":"","overlay-gradient":""},"tablet":{"background-color":"var(--ast-global-color-5)","background-image":"","background-repeat":"repeat","background-position":"center center","background-size":"auto","background-attachment":"scroll","background-type":"","background-media":"","overlay-type":"","overlay-color":"","overlay-opacity":"","overlay-gradient":""},"mobile":{"background-color":"var(--ast-global-color-5)","background-image":"","background-repeat":"repeat","background-position":"center center","background-size":"auto","background-attachment":"scroll","background-type":"","background-media":"","overlay-type":"","overlay-color":"","overlay-opacity":"","overlay-gradient":""}},"footnotes":""},"categories":[65,29],"tags":[],"class_list":["post-2783","post","type-post","status-publish","format-standard","has-post-thumbnail","hentry","category-crp","category-portada"],"post_mailing_queue_ids":[],"_links":{"self":[{"href":"https:\/\/serveiseducatius.xtec.cat\/baixebre\/wp-json\/wp\/v2\/posts\/2783","targetHints":{"allow":["GET"]}}],"collection":[{"href":"https:\/\/serveiseducatius.xtec.cat\/baixebre\/wp-json\/wp\/v2\/posts"}],"about":[{"href":"https:\/\/serveiseducatius.xtec.cat\/baixebre\/wp-json\/wp\/v2\/types\/post"}],"author":[{"embeddable":true,"href":"https:\/\/serveiseducatius.xtec.cat\/baixebre\/wp-json\/wp\/v2\/users\/4"}],"replies":[{"embeddable":true,"href":"https:\/\/serveiseducatius.xtec.cat\/baixebre\/wp-json\/wp\/v2\/comments?post=2783"}],"version-history":[{"count":3,"href":"https:\/\/serveiseducatius.xtec.cat\/baixebre\/wp-json\/wp\/v2\/posts\/2783\/revisions"}],"predecessor-version":[{"id":2788,"href":"https:\/\/serveiseducatius.xtec.cat\/baixebre\/wp-json\/wp\/v2\/posts\/2783\/revisions\/2788"}],"wp:featuredmedia":[{"embeddable":true,"href":"https:\/\/serveiseducatius.xtec.cat\/baixebre\/wp-json\/wp\/v2\/media\/2784"}],"wp:attachment":[{"href":"https:\/\/serveiseducatius.xtec.cat\/baixebre\/wp-json\/wp\/v2\/media?parent=2783"}],"wp:term":[{"taxonomy":"category","embeddable":true,"href":"https:\/\/serveiseducatius.xtec.cat\/baixebre\/wp-json\/wp\/v2\/categories?post=2783"},{"taxonomy":"post_tag","embeddable":true,"href":"https:\/\/serveiseducatius.xtec.cat\/baixebre\/wp-json\/wp\/v2\/tags?post=2783"}],"curies":[{"name":"wp","href":"https:\/\/api.w.org\/{rel}","templated":true}]}}