{"id":2752,"date":"2016-12-19T12:26:13","date_gmt":"2016-12-19T11:26:13","guid":{"rendered":"http:\/\/serveiseducatius.xtec.cat\/baixebre\/?p=2752"},"modified":"2017-01-18T13:07:08","modified_gmt":"2017-01-18T12:07:08","slug":"lassetjament-prevenir-lo-i-eliminar-lo-ii-jornades-creare","status":"publish","type":"post","link":"https:\/\/serveiseducatius.xtec.cat\/baixebre\/portada\/lassetjament-prevenir-lo-i-eliminar-lo-ii-jornades-creare\/","title":{"rendered":"L&#8217;assetjament: prevenir-lo i eliminar-lo (\u00abII Jornades Creare\u00bb)"},"content":{"rendered":"<p>En aquestes Jornades s\u2019oferiran dades de la realitat de l&#8217;assetjament als centres educatius, a partir d&#8217;investigacions de gran abast. Tamb\u00e9 es far\u00e0 una mirada m\u00e9s al detall, a partir d&#8217;experi\u00e8ncies personals de persones que han viscut l&#8217;assetjament.<br \/>\nD&#8217;altra banda, es plantejar\u00e0 com s&#8217;arriba a crear una situaci\u00f3 que cristalitza en assetjament, atenent a les figures de la v\u00edctima, el defensor. Es plantejaran possibles estrat\u00e8gies que proposen els mateixos implicats a partir de les seves experi\u00e8ncies (alumnes, familiars, mestres).<br \/>\nFinalment, es presentar\u00e0 l&#8217;impacte d&#8217;actuacions concretes que s&#8217;estan desenvolupant contra l&#8217;assetjament a casa nostra: com es preparen les actuacions, com es desenvolupen i com s&#8217;avaluen els resultats.<\/p>\n<p><strong>Objectius<\/strong>:<br \/>\n-Con\u00e8ixer amb m\u00e9s detall la realitat de l&#8217;assetjament als centres educatius.<br \/>\n-Desenvolupar eines d&#8217;intervenci\u00f3 i prevenci\u00f3 de l&#8217;assetjament.<\/p>\n<p><strong>Continguts<\/strong>:<br \/>\n-La realitat de l&#8217;assetjament. Quines s\u00f3n les dades?<br \/>\n-La socialitzaci\u00f3 del bullying: com es creen els diferents rols.<br \/>\n-La figura del qui defensa: podem millorar la prevenci\u00f3?<br \/>\n-Experi\u00e8ncies de divulgaci\u00f3 de la realitat de l&#8217;assetjament.<br \/>\n-Intervenci\u00f3 als centres educatius: el programa TEI.<\/p>\n<p><strong>PROGRAMA<\/strong>:<\/p>\n<p><strong>Dijous, 19 de gener de 2017<\/strong><\/p>\n<p>17,30h.- Rebuda de les persones participants a les Jornades.<br \/>\n17,45h.- Presentaci\u00f3, a c\u00e0rrec de Joan C. Obiol, director del Centre Creare.<br \/>\nInauguraci\u00f3 de les Jornades, a c\u00e0rrec d&#8217;un\/a representant dels ST del Departament d&#8217;Ensenyament a les Terres de l&#8217;Ebre i d&#8217;un\/a representant de l&#8217;Ajuntament de Tortosa.<br \/>\n18h,00.- La realitat de l&#8217;assetjament. Quines s\u00f3n les dades?<br \/>\nA c\u00e0rrec d&#8217;Ester Morillas, t\u00e8cnica de projectes de Save The Children.<br \/>\n18,30h.- La socialitzaci\u00f3 del bullying: com es creen els diferents rols.<br \/>\nLa figura del qui defensa: podem millorar la prevenci\u00f3?<br \/>\nA c\u00e0rrec de Gonzalo del Moral, Doctor en Psicologia. Professor de la Universidad de Extremadura. Autor de diverses investigacions i publicacions sobre l&#8217;assetjament.<br \/>\n20,30h.- Final de la jornada.<\/p>\n<p><strong>Dijous, 26 de gener de 2017<\/strong><\/p>\n<p>17,30h.- Divulgar la realitat de l&#8217;assetjament:Presentaci\u00f3 del documental \u201cTus ojos\u201d, sobre la tem\u00e0tica de l&#8217;assetjament.<br \/>\nA c\u00e0rrec de N\u00faria Vila, directora, i de Cristina Daimiel, productora del documental.<\/p>\n<p>18, 00h.- Intervenci\u00f3 en l&#8217;assetjament als centres educatius. El programa TEI.<br \/>\nA c\u00e0rrec d&#8217;Andr\u00e9s Gonz\u00e1lez Bellido. Mestre, orientador i psic\u00f2leg.<br \/>\n20,00h.- Final de la jornada i cloenda.<\/p>\n<p><strong>LLOC:<\/strong><br \/>\nSala d&#8217;actes de l&#8217;Escola de l&#8217;Esplai de Tortosa.<br \/>\nCarrer Mercaders, 4-6, baixos.<br \/>\n43500 Tortosa.<br \/>\n<a href=\"https:\/\/aplicacions.gestioeducativa.gencat.cat\/pls\/soloas\/pk_for_mod_ins.p_for_pre_cons_activitats?p_any=2016-2017&amp;p_codi=8000040021\">INSCRIPCIONS<\/a><\/p>\n<p><strong>PREUS DE LES INSCRIPCIONS<\/strong>:<br \/>\nGeneral: 25\u20ac<br \/>\nMembres del COPC: 20\u20ac<br \/>\nMembres d&#8217;AMPA amb acord de col\u00b7laboraci\u00f3: 20\u20ac<br \/>\nEstudiants: 15\u20ac<\/p>\n<p><strong>Organitza<\/strong>:<br \/>\nCentre Creare (www.creare.cat)<br \/>\nActivitat reconeguda pel Departament d&#8217;Ensenyament a trav\u00e9s de l&#8217;ICE URV (codi 8000040021) amb una certificaci\u00f3 de 5 hores.<\/p>\n","protected":false},"excerpt":{"rendered":"<p>Jornades on s&#8217;oferiran dades de la realitat de l&#8217;assetjament als centres educatiu, es presentaran experi\u00e8ncies personals de persones que l&#8217;han viscut, estrat\u00e8gies i impacte d&#8217;actuacions concretes que s&#8217;estan desenvolupant contra l&#8217;assetjament a casa nostra: com es preparen les actuacions, com es desenvolupen i com s&#8217;avaluen els resultats.<\/p>\n","protected":false},"author":4,"featured_media":2776,"comment_status":"open","ping_status":"open","sticky":false,"template":"","format":"standard","meta":{"_bbp_topic_count":0,"_bbp_reply_count":0,"_bbp_total_topic_count":0,"_bbp_total_reply_count":0,"_bbp_voice_count":0,"_bbp_anonymous_reply_count":0,"_bbp_topic_count_hidden":0,"_bbp_reply_count_hidden":0,"_bbp_forum_subforum_count":0,"site-sidebar-layout":"default","site-content-layout":"","ast-site-content-layout":"","site-content-style":"default","site-sidebar-style":"default","ast-global-header-display":"","ast-banner-title-visibility":"","ast-main-header-display":"","ast-hfb-above-header-display":"","ast-hfb-below-header-display":"","ast-hfb-mobile-header-display":"","site-post-title":"","ast-breadcrumbs-content":"","ast-featured-img":"","footer-sml-layout":"","theme-transparent-header-meta":"","adv-header-id-meta":"","stick-header-meta":"","header-above-stick-meta":"","header-main-stick-meta":"","header-below-stick-meta":"","astra-migrate-meta-layouts":"default","ast-page-background-enabled":"default","ast-page-background-meta":{"desktop":{"background-color":"var(--ast-global-color-4)","background-image":"","background-repeat":"repeat","background-position":"center center","background-size":"auto","background-attachment":"scroll","background-type":"","background-media":"","overlay-type":"","overlay-color":"","overlay-opacity":"","overlay-gradient":""},"tablet":{"background-color":"","background-image":"","background-repeat":"repeat","background-position":"center center","background-size":"auto","background-attachment":"scroll","background-type":"","background-media":"","overlay-type":"","overlay-color":"","overlay-opacity":"","overlay-gradient":""},"mobile":{"background-color":"","background-image":"","background-repeat":"repeat","background-position":"center center","background-size":"auto","background-attachment":"scroll","background-type":"","background-media":"","overlay-type":"","overlay-color":"","overlay-opacity":"","overlay-gradient":""}},"ast-content-background-meta":{"desktop":{"background-color":"var(--ast-global-color-5)","background-image":"","background-repeat":"repeat","background-position":"center center","background-size":"auto","background-attachment":"scroll","background-type":"","background-media":"","overlay-type":"","overlay-color":"","overlay-opacity":"","overlay-gradient":""},"tablet":{"background-color":"var(--ast-global-color-5)","background-image":"","background-repeat":"repeat","background-position":"center center","background-size":"auto","background-attachment":"scroll","background-type":"","background-media":"","overlay-type":"","overlay-color":"","overlay-opacity":"","overlay-gradient":""},"mobile":{"background-color":"var(--ast-global-color-5)","background-image":"","background-repeat":"repeat","background-position":"center center","background-size":"auto","background-attachment":"scroll","background-type":"","background-media":"","overlay-type":"","overlay-color":"","overlay-opacity":"","overlay-gradient":""}},"footnotes":""},"categories":[29],"tags":[],"class_list":["post-2752","post","type-post","status-publish","format-standard","has-post-thumbnail","hentry","category-portada"],"post_mailing_queue_ids":[],"_links":{"self":[{"href":"https:\/\/serveiseducatius.xtec.cat\/baixebre\/wp-json\/wp\/v2\/posts\/2752","targetHints":{"allow":["GET"]}}],"collection":[{"href":"https:\/\/serveiseducatius.xtec.cat\/baixebre\/wp-json\/wp\/v2\/posts"}],"about":[{"href":"https:\/\/serveiseducatius.xtec.cat\/baixebre\/wp-json\/wp\/v2\/types\/post"}],"author":[{"embeddable":true,"href":"https:\/\/serveiseducatius.xtec.cat\/baixebre\/wp-json\/wp\/v2\/users\/4"}],"replies":[{"embeddable":true,"href":"https:\/\/serveiseducatius.xtec.cat\/baixebre\/wp-json\/wp\/v2\/comments?post=2752"}],"version-history":[{"count":1,"href":"https:\/\/serveiseducatius.xtec.cat\/baixebre\/wp-json\/wp\/v2\/posts\/2752\/revisions"}],"predecessor-version":[{"id":2753,"href":"https:\/\/serveiseducatius.xtec.cat\/baixebre\/wp-json\/wp\/v2\/posts\/2752\/revisions\/2753"}],"wp:featuredmedia":[{"embeddable":true,"href":"https:\/\/serveiseducatius.xtec.cat\/baixebre\/wp-json\/wp\/v2\/media\/2776"}],"wp:attachment":[{"href":"https:\/\/serveiseducatius.xtec.cat\/baixebre\/wp-json\/wp\/v2\/media?parent=2752"}],"wp:term":[{"taxonomy":"category","embeddable":true,"href":"https:\/\/serveiseducatius.xtec.cat\/baixebre\/wp-json\/wp\/v2\/categories?post=2752"},{"taxonomy":"post_tag","embeddable":true,"href":"https:\/\/serveiseducatius.xtec.cat\/baixebre\/wp-json\/wp\/v2\/tags?post=2752"}],"curies":[{"name":"wp","href":"https:\/\/api.w.org\/{rel}","templated":true}]}}