{"id":1394,"date":"2015-10-05T13:21:02","date_gmt":"2015-10-05T12:21:02","guid":{"rendered":"http:\/\/serveiseducatius.xtec.cat\/se-baixebre\/?p=1394"},"modified":"2017-06-12T13:53:18","modified_gmt":"2017-06-12T11:53:18","slug":"setmana-europea-del-codi-codeweek-2015","status":"publish","type":"post","link":"https:\/\/serveiseducatius.xtec.cat\/baixebre\/portada\/setmana-europea-del-codi-codeweek-2015\/","title":{"rendered":"Setmana europea del codi (CodeWeek 2015)"},"content":{"rendered":"<p><a href=\"http:\/\/serveiseducatius.xtec.cat\/se-baixebre\/wp-content\/uploads\/usu624\/2015\/12\/codeweek2015.png\"><img loading=\"lazy\" decoding=\"async\" class=\"alignnone size-large wp-image-1395\" src=\"http:\/\/serveiseducatius.xtec.cat\/se-baixebre\/wp-content\/uploads\/usu624\/2015\/12\/codeweek2015-1024x873.png\" alt=\"codeweek2015\" width=\"1024\" height=\"873\" srcset=\"https:\/\/serveiseducatius.xtec.cat\/baixebre\/wp-content\/uploads\/usu624\/2015\/12\/codeweek2015-1024x873.png 1024w, https:\/\/serveiseducatius.xtec.cat\/baixebre\/wp-content\/uploads\/usu624\/2015\/12\/codeweek2015-300x256.png 300w, https:\/\/serveiseducatius.xtec.cat\/baixebre\/wp-content\/uploads\/usu624\/2015\/12\/codeweek2015.png 1280w\" sizes=\"auto, (max-width: 1024px) 100vw, 1024px\" \/><\/a><\/p>\n<p>Confer\u00e8ncia, <b>13 d&#8217;octubre a les 17:30<\/b>, a l&#8217;INS Joaquim Bau.<\/p>\n<div>\n<p>Durant la setmana del 10 al 18 d&#8217;octubre de 2015, es celebrar\u00e0 a tota Europa la setmana europea de la programaci\u00f3 i rob\u00f2tica educativa\u00a0<b>(<a href=\"http:\/\/codeweek.eu\/\" target=\"_blank\" rel=\"nofollow\">CodeWeek 2015<\/a>)<\/b>. L&#8217;objectiu \u00e9s apropar aquest m\u00f3n als estudiants, docents, AMPAs i entitats interessades. Amb aquest motiu es realitzen moltes i diverses activitats (xerrades, tallers, cursos, &#8230;) en un gran nombre de poblacions i paisos europeus. Des del CRP del Baix Ebre col\u00b7laborem en la realitzaci\u00f3 d&#8217;una confer\u00e8ncia oberta a tothom que tingui inter\u00e8s en assistir-hi.<\/p>\n<div><\/div>\n<div><b>[<a href=\"https:\/\/aplicacions.gestioeducativa.gencat.cat\/pls\/soloas\/pk_for_mod_ins.p_for_detall_activitat?p_codi=8030911803&amp;p_curs=2015-2016&amp;p_es_inscr=S\" target=\"_blank\" rel=\"nofollow\">Inscripcions<\/a>]<\/b><\/div>\n<\/div>\n","protected":false},"excerpt":{"rendered":"<p>Confer\u00e8ncia, 13 d&#8217;octubre a les 17:30, a l&#8217;INS Joaquim Bau.<\/p>\n","protected":false},"author":5,"featured_media":1395,"comment_status":"open","ping_status":"closed","sticky":false,"template":"","format":"standard","meta":{"_bbp_topic_count":0,"_bbp_reply_count":0,"_bbp_total_topic_count":0,"_bbp_total_reply_count":0,"_bbp_voice_count":0,"_bbp_anonymous_reply_count":0,"_bbp_topic_count_hidden":0,"_bbp_reply_count_hidden":0,"_bbp_forum_subforum_count":0,"site-sidebar-layout":"default","site-content-layout":"","ast-site-content-layout":"","site-content-style":"default","site-sidebar-style":"default","ast-global-header-display":"","ast-banner-title-visibility":"","ast-main-header-display":"","ast-hfb-above-header-display":"","ast-hfb-below-header-display":"","ast-hfb-mobile-header-display":"","site-post-title":"","ast-breadcrumbs-content":"","ast-featured-img":"","footer-sml-layout":"","theme-transparent-header-meta":"","adv-header-id-meta":"","stick-header-meta":"","header-above-stick-meta":"","header-main-stick-meta":"","header-below-stick-meta":"","astra-migrate-meta-layouts":"default","ast-page-background-enabled":"default","ast-page-background-meta":{"desktop":{"background-color":"var(--ast-global-color-4)","background-image":"","background-repeat":"repeat","background-position":"center center","background-size":"auto","background-attachment":"scroll","background-type":"","background-media":"","overlay-type":"","overlay-color":"","overlay-opacity":"","overlay-gradient":""},"tablet":{"background-color":"","background-image":"","background-repeat":"repeat","background-position":"center center","background-size":"auto","background-attachment":"scroll","background-type":"","background-media":"","overlay-type":"","overlay-color":"","overlay-opacity":"","overlay-gradient":""},"mobile":{"background-color":"","background-image":"","background-repeat":"repeat","background-position":"center center","background-size":"auto","background-attachment":"scroll","background-type":"","background-media":"","overlay-type":"","overlay-color":"","overlay-opacity":"","overlay-gradient":""}},"ast-content-background-meta":{"desktop":{"background-color":"var(--ast-global-color-5)","background-image":"","background-repeat":"repeat","background-position":"center center","background-size":"auto","background-attachment":"scroll","background-type":"","background-media":"","overlay-type":"","overlay-color":"","overlay-opacity":"","overlay-gradient":""},"tablet":{"background-color":"var(--ast-global-color-5)","background-image":"","background-repeat":"repeat","background-position":"center center","background-size":"auto","background-attachment":"scroll","background-type":"","background-media":"","overlay-type":"","overlay-color":"","overlay-opacity":"","overlay-gradient":""},"mobile":{"background-color":"var(--ast-global-color-5)","background-image":"","background-repeat":"repeat","background-position":"center center","background-size":"auto","background-attachment":"scroll","background-type":"","background-media":"","overlay-type":"","overlay-color":"","overlay-opacity":"","overlay-gradient":""}},"footnotes":""},"categories":[65,154,155,29,244],"tags":[194],"class_list":["post-1394","post","type-post","status-publish","format-standard","has-post-thumbnail","hentry","category-crp","category-formacio","category-pfz","category-portada","category-stem","tag-codeweek"],"post_mailing_queue_ids":[],"_links":{"self":[{"href":"https:\/\/serveiseducatius.xtec.cat\/baixebre\/wp-json\/wp\/v2\/posts\/1394","targetHints":{"allow":["GET"]}}],"collection":[{"href":"https:\/\/serveiseducatius.xtec.cat\/baixebre\/wp-json\/wp\/v2\/posts"}],"about":[{"href":"https:\/\/serveiseducatius.xtec.cat\/baixebre\/wp-json\/wp\/v2\/types\/post"}],"author":[{"embeddable":true,"href":"https:\/\/serveiseducatius.xtec.cat\/baixebre\/wp-json\/wp\/v2\/users\/5"}],"replies":[{"embeddable":true,"href":"https:\/\/serveiseducatius.xtec.cat\/baixebre\/wp-json\/wp\/v2\/comments?post=1394"}],"version-history":[{"count":2,"href":"https:\/\/serveiseducatius.xtec.cat\/baixebre\/wp-json\/wp\/v2\/posts\/1394\/revisions"}],"predecessor-version":[{"id":2659,"href":"https:\/\/serveiseducatius.xtec.cat\/baixebre\/wp-json\/wp\/v2\/posts\/1394\/revisions\/2659"}],"wp:featuredmedia":[{"embeddable":true,"href":"https:\/\/serveiseducatius.xtec.cat\/baixebre\/wp-json\/wp\/v2\/media\/1395"}],"wp:attachment":[{"href":"https:\/\/serveiseducatius.xtec.cat\/baixebre\/wp-json\/wp\/v2\/media?parent=1394"}],"wp:term":[{"taxonomy":"category","embeddable":true,"href":"https:\/\/serveiseducatius.xtec.cat\/baixebre\/wp-json\/wp\/v2\/categories?post=1394"},{"taxonomy":"post_tag","embeddable":true,"href":"https:\/\/serveiseducatius.xtec.cat\/baixebre\/wp-json\/wp\/v2\/tags?post=1394"}],"curies":[{"name":"wp","href":"https:\/\/api.w.org\/{rel}","templated":true}]}}