{"id":8677,"date":"2018-09-28T13:56:42","date_gmt":"2018-09-28T11:56:42","guid":{"rendered":"http:\/\/serveiseducatius.xtec.cat\/baixcamp\/?p=8677"},"modified":"2018-09-28T13:59:00","modified_gmt":"2018-09-28T11:59:00","slug":"lescola-inclusiva-cicle-de-conferencies","status":"publish","type":"post","link":"https:\/\/serveiseducatius.xtec.cat\/baixcamp\/portada\/lescola-inclusiva-cicle-de-conferencies\/","title":{"rendered":"L&#8217;escola inclusiva &#8211; Cicle de confer\u00e8ncies"},"content":{"rendered":"<p>El Centre de Lectura de Reus, en col\u00b7laboraci\u00f3 amb el CRP Baix Camp, organitza un curs sobre Educaci\u00f3 per a la diversitat.<\/p>\n<p><iframe loading=\"lazy\" src=\"https:\/\/aplicacions.gestioeducativa.gencat.cat\/pls\/soloas\/pk_for_mod_ins.p_for_detall_activitat?p_header=Llista%20d%27activitats^pk_for_mod_ins.p_for_cons_activitats?p_any=2018-2019%26p_totes=N%26p_comarca=08%26p_inici=51%26p_excloure_crp_rec=T&amp;p_codi=7020261702&amp;p_curs=2018-2019&amp;p_es_inscr=S\" width=\"100%\" height=\"300px\"><span style=\"display: inline-block; width: 0px; overflow: hidden; line-height: 0;\" data-mce-type=\"bookmark\" class=\"mce_SELRES_start\">\ufeff<\/span><\/iframe><\/p>\n<h6><strong>Per saber-ne m\u00e9s<\/strong><\/h6>\n<p>L&#8217;activitat formativa contempla 6 confer\u00e8ncies. En elles es pret\u00e9n:<\/p>\n<ul>\n<li>Oferir recursos te\u00f2rics i, sobretot, pr\u00e0ctics per generar canvis en la manera d\u2019entendre la inclusivitat en els centres educatius. Fer con\u00e8ixer el desplegament del decret que sobre la inclusivitat ha redactat el Departament d\u2019Ensenyament.<\/li>\n<li>Presentar experi\u00e8ncies i mesures organitzatives, metodol\u00f2giques, curriculars, de centres educatius que practiquen la inclusivitat, tant a Prim\u00e0ria com a Secund\u00e0ria.<\/li>\n<li>Donar a con\u00e8ixer els recursos que hi ha al territori per aconseguir la inclusi\u00f3 educativa i social.<\/li>\n<\/ul>\n<p><strong>M\u00e9s informaci\u00f3<\/strong>: consulteu el <a href=\"https:\/\/drive.google.com\/file\/d\/0BwNkFPH0c1ddOVk0clY5clhiamd4N0l1b3U1WGIxSjFKZUFz\/view?usp=sharing\">programa<\/a> de l&#8217;activitat.<\/p>\n","protected":false},"excerpt":{"rendered":"<p>Cicle de confer\u00e8ncies sobre l&#8217;Escola Inclusiva &#8211; PFZ Baix Camp<\/p>\n","protected":false},"author":1,"featured_media":8678,"comment_status":"open","ping_status":"closed","sticky":false,"template":"","format":"standard","meta":{"_bbp_topic_count":0,"_bbp_reply_count":0,"_bbp_total_topic_count":0,"_bbp_total_reply_count":0,"_bbp_voice_count":0,"_bbp_anonymous_reply_count":0,"_bbp_topic_count_hidden":0,"_bbp_reply_count_hidden":0,"_bbp_forum_subforum_count":0,"site-sidebar-layout":"default","site-content-layout":"","ast-site-content-layout":"","site-content-style":"default","site-sidebar-style":"default","ast-global-header-display":"","ast-banner-title-visibility":"","ast-main-header-display":"","ast-hfb-above-header-display":"","ast-hfb-below-header-display":"","ast-hfb-mobile-header-display":"","site-post-title":"","ast-breadcrumbs-content":"","ast-featured-img":"","footer-sml-layout":"","theme-transparent-header-meta":"","adv-header-id-meta":"","stick-header-meta":"","header-above-stick-meta":"","header-main-stick-meta":"","header-below-stick-meta":"","astra-migrate-meta-layouts":"default","ast-page-background-enabled":"default","ast-page-background-meta":{"desktop":{"background-color":"var(--ast-global-color-4)","background-image":"","background-repeat":"repeat","background-position":"center center","background-size":"auto","background-attachment":"scroll","background-type":"","background-media":"","overlay-type":"","overlay-color":"","overlay-opacity":"","overlay-gradient":""},"tablet":{"background-color":"","background-image":"","background-repeat":"repeat","background-position":"center center","background-size":"auto","background-attachment":"scroll","background-type":"","background-media":"","overlay-type":"","overlay-color":"","overlay-opacity":"","overlay-gradient":""},"mobile":{"background-color":"","background-image":"","background-repeat":"repeat","background-position":"center center","background-size":"auto","background-attachment":"scroll","background-type":"","background-media":"","overlay-type":"","overlay-color":"","overlay-opacity":"","overlay-gradient":""}},"ast-content-background-meta":{"desktop":{"background-color":"var(--ast-global-color-5)","background-image":"","background-repeat":"repeat","background-position":"center center","background-size":"auto","background-attachment":"scroll","background-type":"","background-media":"","overlay-type":"","overlay-color":"","overlay-opacity":"","overlay-gradient":""},"tablet":{"background-color":"var(--ast-global-color-5)","background-image":"","background-repeat":"repeat","background-position":"center center","background-size":"auto","background-attachment":"scroll","background-type":"","background-media":"","overlay-type":"","overlay-color":"","overlay-opacity":"","overlay-gradient":""},"mobile":{"background-color":"var(--ast-global-color-5)","background-image":"","background-repeat":"repeat","background-position":"center center","background-size":"auto","background-attachment":"scroll","background-type":"","background-media":"","overlay-type":"","overlay-color":"","overlay-opacity":"","overlay-gradient":""}},"footnotes":""},"categories":[29],"tags":[383,171,210],"class_list":["post-8677","post","type-post","status-publish","format-standard","has-post-thumbnail","hentry","category-portada","tag-curs-2018-19","tag-inclusio","tag-pfz"],"post_mailing_queue_ids":[],"_links":{"self":[{"href":"https:\/\/serveiseducatius.xtec.cat\/baixcamp\/wp-json\/wp\/v2\/posts\/8677","targetHints":{"allow":["GET"]}}],"collection":[{"href":"https:\/\/serveiseducatius.xtec.cat\/baixcamp\/wp-json\/wp\/v2\/posts"}],"about":[{"href":"https:\/\/serveiseducatius.xtec.cat\/baixcamp\/wp-json\/wp\/v2\/types\/post"}],"author":[{"embeddable":true,"href":"https:\/\/serveiseducatius.xtec.cat\/baixcamp\/wp-json\/wp\/v2\/users\/1"}],"replies":[{"embeddable":true,"href":"https:\/\/serveiseducatius.xtec.cat\/baixcamp\/wp-json\/wp\/v2\/comments?post=8677"}],"version-history":[{"count":2,"href":"https:\/\/serveiseducatius.xtec.cat\/baixcamp\/wp-json\/wp\/v2\/posts\/8677\/revisions"}],"predecessor-version":[{"id":8680,"href":"https:\/\/serveiseducatius.xtec.cat\/baixcamp\/wp-json\/wp\/v2\/posts\/8677\/revisions\/8680"}],"wp:featuredmedia":[{"embeddable":true,"href":"https:\/\/serveiseducatius.xtec.cat\/baixcamp\/wp-json\/wp\/v2\/media\/8678"}],"wp:attachment":[{"href":"https:\/\/serveiseducatius.xtec.cat\/baixcamp\/wp-json\/wp\/v2\/media?parent=8677"}],"wp:term":[{"taxonomy":"category","embeddable":true,"href":"https:\/\/serveiseducatius.xtec.cat\/baixcamp\/wp-json\/wp\/v2\/categories?post=8677"},{"taxonomy":"post_tag","embeddable":true,"href":"https:\/\/serveiseducatius.xtec.cat\/baixcamp\/wp-json\/wp\/v2\/tags?post=8677"}],"curies":[{"name":"wp","href":"https:\/\/api.w.org\/{rel}","templated":true}]}}